{"id":217765,"date":"2016-08-11T16:03:40","date_gmt":"2016-08-11T16:03:40","guid":{"rendered":"http:\/\/diariodominicano.ddns.net\/?p=217765"},"modified":"2016-08-11T16:03:40","modified_gmt":"2016-08-11T16:03:40","slug":"ministerio-de-salud-publica-y-la-ditecitss-lanzan-nuevas-guias-actualizadas-para-tratar-el-vih-y-el-sida","status":"publish","type":"post","link":"https:\/\/diariodominicano.com\/?p=217765","title":{"rendered":"Ministerio de Salud P\u00fablica y la DITECITSS lanzan Nuevas Gu\u00edas actualizadas para tratar el VIH y el SIDA"},"content":{"rendered":"<p><body><\/p>\n<p><img decoding=\"async\" src=\"img3\/guiasvih-sida.jpg\" \/><br \/><img decoding=\"async\" src=\"img3\/publico1.jpg\" \/>  <\/p>\n<\/p>\n<\/p>\n<p><span class=\"text1noticias\">Santo Domingo, RD, 11 de agosto.- El Ministerio de Salud P\u00fablica, a trav\u00e9s de la Direcci\u00f3n General de Control de las Infecciones de Transmisi\u00f3n Sexual y Sida (DIGECITSS), present\u00f3 una nueva gu\u00eda de atenci\u00f3n a personas afectadas por el VIH, la cual acoge los \u00faltimos adelantos mundiales en el tratamiento de la enfermedad.<\/span><\/p>\n<\/p>\n<p><span class=\"text1noticias\">El nuevo documento se conoce con el t\u00edtulo: \u00abGu\u00eda Nacional de Atenci\u00f3n VIH\/SIDA\u00bb y la \u00abEstrategia de Prevenci\u00f3n de las ITS\/VIH\/Sida para Poblaciones Claves y Priorizadas\u00bb.<\/span><\/p>\n<\/p>\n<p><span class=\"text1noticias\">La nueva gu\u00eda fue presentada durante un acto en un hotel de la capital, este jueves once de agosto del con la presencia de autoridades del Ministerio de Salud y de la DIGECITSS, as\u00ed como tambi\u00e9n representantes de agencias internacionales y personalidades del sector salud.<\/span><\/p>\n<\/p>\n<p><span class=\"text1noticias\">En el acto habl\u00f3 el doctor Jos\u00e9 Manuel Puello Director General de Gesti\u00f3n de Salud, quien adem\u00e1s asisti\u00f3 en representaci\u00f3n de la doctora Mercedes Rodr\u00edguez, viceministra de Salud Colectiva. Tambi\u00e9n habl\u00f3 la doctora Ilda Natera en representaci\u00f3n del doctor Nelson Rodr\u00edguez Monegro director del Servicio Nacional de Salud y el doctor Neftal\u00ed V\u00e1squez, viceministro de Garant\u00eda de la Calidad del Ministerio de Salud P\u00fablica.<\/span><\/p>\n<\/p>\n<p><span class=\"text1noticias\">Uno de los discursos m\u00e1s emotivos del acto estuvo a cargo del doctor V\u00edctor Terrero, Director Ejecutivo de CONAVIHSIDA, quien comparti\u00f3 relatos desgarradores de casos de discriminaci\u00f3n, cuya erradicaci\u00f3n es, a su entender uno de los retos m\u00e1s importantes que tienen las autoridades que trabajan con el tema del VIH y el SIDA.<\/span><\/p>\n<\/p>\n<p><span class=\"text1noticias\">Por la DIGECITSS encabez\u00f3 el acto el director de la instituci\u00f3n doctor Luis Ernesto Feliz B\u00e1ez, quien explic\u00f3 qu\u00e9 presente revisi\u00f3n de la gu\u00eda, se realiza con el objetivo de colocar la Atenci\u00f3n a personas que viven con VIH o Sida de acuerdo a los est\u00e1ndares m\u00e1s recientes que se llevan a cabo internacionalmente.<\/span><\/p>\n<\/p>\n<p><span class=\"text1noticias\">A\u00f1adi\u00f3 que uno de los cambios de importancia que aparece en esta actualizaci\u00f3n, es que los usuarios de los servicios de VIH\/SIDA iniciaran tratamiento con Medicamentos Antirretrovirales con un conteo de C\u00e9lulas CD4 en 500 en vez de 350 como estaba la pauta anterior. <\/span><\/p>\n<\/p>\n<p><span class=\"text1noticias\">Esto tiene el beneficio de que los pacientes podr\u00e1n entrar en Medicamentos con un Sistema Inmunol\u00f3gico funcionando casi con los valores normales, lo cual contribuye significativamente a evitar la aparici\u00f3n de infecciones oportunistas o que se avance a la fase Sida m\u00e1s r\u00e1pidamente.<\/span><\/p>\n<\/p>\n<p><span class=\"text1noticias\">Tambi\u00e9n se le podr\u00e1 entregar los Medicamentos Antirretrovirales a los usuarios hasta por tres meses siempre que demuestren que son fieles a la Adherencia, diferente a como se est\u00e1 haciendo, que solo se le entrega por un periodo de un mes. <\/span><\/p>\n<\/p>\n<p><span class=\"text1noticias\">Esta  facilidad beneficia de un modo impactante a personas con recursos muy limitados o que vivan en zonas de dif\u00edcil acceso.<\/span><\/p>\n<\/p>\n<p><span class=\"text1noticias\">Otra  novedad es que se incluyen las poblaciones claves para la atenci\u00f3n integral libre de estigma, con respeto a los derechos humanos, para lo cual se llevar\u00e1 a cabo un entrenamiento especial  a los Recursos Humanos de los servicios de salud en todo el territorio nacional.<\/span><\/p>\n<\/p>\n<p><span class=\"text1noticias\">Conjuntamente con la nueva v\u00eda fue presentado otro documento bajo el titulo de: \u00abEstrategia de Prevenci\u00f3n a las ITS VIH con \u00c9nfasis en Poblaciones Claves\u00bb. <\/span><\/p>\n<\/p>\n<p><span class=\"text1noticias\">Las poblaciones claves para Rep\u00fablica Dominicana son: las trabajadoras sexuales Femeninas, los hombres que tienen sexo con hombres, las trans (transgenero) y los migrantes haitianos.<\/span><\/p>\n<\/p>\n<p><span class=\"text1noticias\">La nueva estrategia ofrece los lineamientos para que las instituciones respondan las necesidades de promoci\u00f3n, prevenci\u00f3n y atenci\u00f3n de las ITS\/VIH\/sida en estas poblaciones para reducir la transmisi\u00f3n de las ITS\/VIH, armonizados con el \u00abPlan Estrat\u00e9gico Nacional de las ITS\/VIH\/sida, 2015-2018\u00bb.<\/span><\/p>\n<\/p>\n<p><span class=\"text1noticias\">Sus fundamentos se basan en los principios de rector\u00eda del Ministerio de Salud P\u00fablica, la Organizaci\u00f3n Mundial de la Salud, el Plan Estrat\u00e9gico Nacional para la Prevenci\u00f3n y Control de las ITS\/VIH 2015-2018, la Ley de Sida 135-11, la Ley 42-01, la Declaraci\u00f3n de Compromiso sobre el VIH\/sida adoptada por todos los estados miembros de las Naciones Unidas; as\u00ed como de la Estrategia Mundial 90-90-90 y la eliminaci\u00f3n del VIH\/sida al 2030.<\/span><\/p>\n<\/p>\n<p><span class=\"text1noticias\">Feliz B\u00e1ez dijo que  el desarrollo de este documento representa una oportunidad para trascender, pues pretende mejorar la gesti\u00f3n y sostenibilidad de la respuesta al VIH, tomando como partida los esfuerzos que se realizan desde diversas instituciones que trabajan con el tema.<\/span><\/p>\n<h6> 2016-08-11 16:03:40 <\/h6>\n<p><!--\n<link rel=\"stylesheet\" href=\"css\/bootstrap.min.css\">\n\n\n<ul class=\"pagination\">\n\t    \n\t\n\n<li >\n\t<a href='?page_no=12253'>Previous<\/a>\n\t<\/li>\n\n\n       \n    \n\n<li><a href='?page_no=1'>1<\/a><\/li>\n\n\n\n<li><a href='?page_no=2'>2<\/a><\/li>\n\n\n\n<li><a>...<\/a><\/li>\n\n\n\n<li><a href='?page_no=12252'>12252<\/a><\/li>\n\n\n\n<li><a href='?page_no=12253'>12253<\/a><\/li>\n\n\n\n<li class='active'><a>12254<\/a><\/li>\n\n\n\n<li><a href='?page_no=12255'>12255<\/a><\/li>\n\n\n\n<li><a href='?page_no=12256'>12256<\/a><\/li>\n\n\n\n<li><a>...<\/a><\/li>\n\n\n\n<li><a href='?page_no=56169'>56169<\/a><\/li>\n\n\n\n<li><a href='?page_no=56170'>56170<\/a><\/li>\n\n    \n\t\n\n<li >\n\t<a href='?page_no=12255'>Next<\/a>\n\t<\/li>\n\n\n    \n\n<li><a href='?page_no=56170'>Last &rsaquo;&rsaquo;<\/a><\/li>\n\n<\/ul>\n\n\n--><br \/>\n<\/body><\/p>\n","protected":false},"excerpt":{"rendered":"<p>Santo Domingo, RD, 11 de agosto.- El Ministerio de Salud P\u00fablica, a trav\u00e9s de la Direcci\u00f3n General de Control de las Infecciones de Transmisi\u00f3n Sexual y Sida (DIGECITSS), present\u00f3 una nueva gu\u00eda de atenci\u00f3n a personas afectadas por el VIH, la cual acoge los \u00faltimos adelantos mundiales en el tratamiento de la enfermedad. El nuevo [&hellip;]<\/p>\n","protected":false},"author":3,"featured_media":0,"comment_status":"open","ping_status":"open","sticky":false,"template":"","format":"standard","meta":{"footnotes":""},"categories":[20],"tags":[],"class_list":["post-217765","post","type-post","status-publish","format-standard","hentry","category-dominicana-hoy"],"_links":{"self":[{"href":"https:\/\/diariodominicano.com\/index.php?rest_route=\/wp\/v2\/posts\/217765","targetHints":{"allow":["GET"]}}],"collection":[{"href":"https:\/\/diariodominicano.com\/index.php?rest_route=\/wp\/v2\/posts"}],"about":[{"href":"https:\/\/diariodominicano.com\/index.php?rest_route=\/wp\/v2\/types\/post"}],"author":[{"embeddable":true,"href":"https:\/\/diariodominicano.com\/index.php?rest_route=\/wp\/v2\/users\/3"}],"replies":[{"embeddable":true,"href":"https:\/\/diariodominicano.com\/index.php?rest_route=%2Fwp%2Fv2%2Fcomments&post=217765"}],"version-history":[{"count":0,"href":"https:\/\/diariodominicano.com\/index.php?rest_route=\/wp\/v2\/posts\/217765\/revisions"}],"wp:attachment":[{"href":"https:\/\/diariodominicano.com\/index.php?rest_route=%2Fwp%2Fv2%2Fmedia&parent=217765"}],"wp:term":[{"taxonomy":"category","embeddable":true,"href":"https:\/\/diariodominicano.com\/index.php?rest_route=%2Fwp%2Fv2%2Fcategories&post=217765"},{"taxonomy":"post_tag","embeddable":true,"href":"https:\/\/diariodominicano.com\/index.php?rest_route=%2Fwp%2Fv2%2Ftags&post=217765"}],"curies":[{"name":"wp","href":"https:\/\/api.w.org\/{rel}","templated":true}]}}