{"id":217759,"date":"2016-08-12T15:10:05","date_gmt":"2016-08-12T15:10:05","guid":{"rendered":"http:\/\/diariodominicano.ddns.net\/?p=217759"},"modified":"2016-08-12T15:10:05","modified_gmt":"2016-08-12T15:10:05","slug":"universidades-mepyd-y-onu-firman-acuerdo-promover-agenda-2030-desarrollo-sostenible","status":"publish","type":"post","link":"https:\/\/diariodominicano.com\/?p=217759","title":{"rendered":"Universidades, MEPyD y ONU firman acuerdo promover Agenda 2030 Desarrollo Sostenible"},"content":{"rendered":"<p><body><\/p>\n<p><img decoding=\"async\" src=\"img3\/firma de la agenda2030.jpg\" \/><br \/><img decoding=\"async\" src=\"img3\/agenda 2030.jpg\" \/>  <\/p>\n<p><strong> <\/strong><\/p>\n<p><strong><span class=\"text1noticias\">Santo Domingo, RD, 12 de agosto.-<\/span><\/strong><span class=\"text1noticias\">El Ministerio de Econom\u00eda, Planificaci\u00f3n y Desarrollo (MEPyD), el Sistema de las Naciones Unidas en Rep\u00fablica Dominicana,  la Asociaci\u00f3n Dominicana de Rectores de Universidades (ADRU) y la Asociaci\u00f3n Dominicana de Universidades (ADOU) firmaron este viernes un Memorando de Entendimiento con el prop\u00f3sito de promover iniciativas desde la academia en torno a la consecuci\u00f3n de la Agenda 2030 de Desarrollo Sostenible.<\/span><\/p>\n<\/p>\n<p><span class=\"text1noticias\">La firma se realiz\u00f3 en el Sal\u00f3n \u00abHermanas Mirabal\u00bb del Palacio Nacional, al que concurrieron los principales ejecutivos de las entidades comprometidas a propiciar el debate t\u00e9cnico y acad\u00e9mico en torno a pol\u00edticas p\u00fablicas orientadas al cumplimiento de los Objetivos de Desarrollo Sostenible (ODS). <\/span><\/p>\n<\/p>\n<p><span class=\"text1noticias\">Firmaron el convenio el ingeniero Tem\u00edstocles Mont\u00e1s, titular del MEPyD; Jos\u00e9 Armando Tav\u00e1rez, presidente de la ADRU; Ricardo Winter, presidente de la ADOU y Lorenzo Jim\u00e9nez de Luis, Coordinador Residente del Sistema de las Naciones Unidas, seg\u00fan la nota. Entre los presentes en el acto figur\u00f3 el ingeniero Juan Monegro, Viceministro de Planificaci\u00f3n del MEPyD.<\/span><\/p>\n<\/p>\n<p><span class=\"text1noticias\">El acuerdo permitir\u00e1 forjar alianzas entre las distintas instituciones para impulsar capacitaciones, as\u00ed como iniciativas de investigaci\u00f3n e innovaci\u00f3n en torno a la Agenda 2030. Inform\u00f3 en una nota la Unidad de Comunicaciones del MEPyD.<\/span><\/p>\n<\/p>\n<p><span class=\"text1noticias\">Durante el acto, el ministro Mont\u00e1s salud\u00f3 el compromiso sellado con las instituciones educativas y se\u00f1al\u00f3 que la construcci\u00f3n de un desarrollo que sea sostenible en Rep\u00fablica Dominicana requiere del apoyo de la academia, en todos los niveles.<\/span><\/p>\n<\/p>\n<p><span class=\"text1noticias\">\u00abLa agenda de los ODS es el futuro. El futuro est\u00e1 en los j\u00f3venes; y los j\u00f3venes dominicanos est\u00e1n o han de estar en las universidades. En buena medida, los j\u00f3venes est\u00e1n en sus manos. Nos regocija que hagamos de la realizaci\u00f3n de la Agenda ? ODS un compromiso compartido con la academia de la Rep\u00fablica Dominicana\u00bb, expres\u00f3 Mont\u00e1s, a la vez que indic\u00f3 que la alianza se convierte en un factor clave para la realizaci\u00f3n de la  agenda en el pa\u00eds.<\/span><\/p>\n<\/p>\n<p><span class=\"text1noticias\">Al concluir su intervenci\u00f3n,  Mont\u00e1s  invit\u00f3 a la academia a sumarse como Comisionados para viabilizar en los meses y a\u00f1os que vienen la implementaci\u00f3n de los 17 objetivos y las 169 metas  de los ODS en la agenda nacional y expres\u00f3 su gratitud al Sistema de las Naciones Unidas por haber viabilizado la celebraci\u00f3n de este convenio.<\/span><\/p>\n<\/p>\n<p><span class=\"text1noticias\">De su lado Lorenzo Jim\u00e9nez de Luis, Coordinador Residente del Sistema de las Naciones Unidas en el pa\u00eds, resalt\u00f3 la importancia de que las universidades, que juega un papel  fundamental en el desarrollo y fortalecimiento institucional de los pa\u00edses,  se sumen a este compromiso que perdura en el tiempo hasta el 2030.<\/span><\/p>\n<\/p>\n<p><span class=\"text1noticias\">Asimismo, expres\u00f3 que con la firma de este acuerdo, Rep\u00fablica Dominicana corrobora el compromiso con la Agenda 2030 de Desarrollo Sostenible, que es  complementaria  de la Agenda Nacional de Desarrollo y reiter\u00f3 que el organismo que representa seguir\u00e1 acompa\u00f1ando a los dominicanos en el logro de estos objetivos.<\/span><\/p>\n<\/p>\n<p><span class=\"text1noticias\">De parte de la Asociaci\u00f3n Dominicana de Rectores de Universidades (ADRU), su presidente Jos\u00e9 Armando Tavarez expres\u00f3 que la universidad es fundamental para que la Estrategia Nacional de Desarrollo  se pueda hacer realidad y subray\u00f3 que las instituciones educativas  creen en la Agenda 2030 de Desarrollo Sostenible y asumen el compromiso de  trabajar juntos por un mejor pa\u00eds.<\/span><\/p>\n<\/p>\n<p><span class=\"text1noticias\">En el acto, tambi\u00e9n hablaron Ricardo Winter, presidente de la Asociaci\u00f3n Dominicana de Universidades (ADOU); Jos\u00e9 Ram\u00f3n Holgu\u00edn, presidente de la  AUNA; y Jos\u00e9 Ren\u00e9 Fr\u00edas Febrillet, presidente AIES,  quienes coincidieron en el rol estrat\u00e9gico que debe desempe\u00f1ar la academia a favor de lograr la concreci\u00f3n de los objetivos planteados en la Agenda 2030.<\/span><\/p>\n<\/p>\n<p><span class=\"text1noticias\"> <\/span><\/p>\n<p><span class=\"text1noticias\">Esferas de cooperaci\u00f3n<\/span><\/p>\n<\/p>\n<p><span class=\"text1noticias\">Con el acuerdo, las partes quedaron comprometidas a \u00abcontribuir a la divulgaci\u00f3n y sensibilizaci\u00f3n sobre la nueva Agenda 2030 para el Desarrollo Sostenible en la sociedad dominicana y, especialmente, en el mundo acad\u00e9mico\u00bb, as\u00ed como a crear espacios de debate sobre las pol\u00edticas p\u00fablicas que contribuyan a la adaptaci\u00f3n de los ODS a la agenda nacional.<\/span><\/p>\n<p><span class=\"text1noticias\">Se pronuncian por promover alianzas entre sector acad\u00e9mico, Sistema de Naciones Unidas, sector privado y sector p\u00fablico \u00abpara formular y ejecutar proyectos de investigaci\u00f3n aplicada orientada a la acci\u00f3n en el marco de la Agenda 2030 para el Desarrollo Sostenible\u00bb. <\/span><\/p>\n<\/p>\n<p><span class=\"text1noticias\">Aspiran, adem\u00e1s, a impulsar espacios participativos para el seguimiento y evaluaci\u00f3n la Agenda ODS 2030, especialmente a nivel de las provincias y municipios. <\/span><\/p>\n<\/p>\n<p><span class=\"text1noticias\">Igualmente buscar\u00e1n explorar espacios de colaboraci\u00f3n sobre innovaci\u00f3n tecnol\u00f3gica y la generaci\u00f3n de capacidades para la revoluci\u00f3n de datos, a la vez que promover\u00e1n la participaci\u00f3n, conocimiento y promoci\u00f3n de iniciativas del estudiantado, docentes, y el personal de las instituciones de educaci\u00f3n superior de la Rep\u00fablica Dominicana en la Agenda ODS 2030.<\/span><\/p>\n<\/p>\n<p><span class=\"text1noticias\">En torno a la operatividad del convenio, el Memorando establece que las partes se comprometen a aunar esfuerzos a los fines de lograr que las contrapartes institucionales locales y nacionales establezcan mecanismos concertados de vinculaci\u00f3n efectiva que creen sinergias en la ejecuci\u00f3n de las actividades que se deriven de la implementaci\u00f3n de este Memorando de Entendimiento o de acuerdos espec\u00edficos orientados a fines similares. <\/span><\/p>\n<\/p>\n<p><span class=\"text1noticias\"> \u00abLas partes se comprometen a realizar todos los esfuerzos a su alcance para contribuir a la estructuraci\u00f3n de acciones conjuntas, programas y proyectos para el fomento y la promoci\u00f3n del intercambio de conocimientos y experiencias entre los profesionales, t\u00e9cnicos, organizaciones y entidades vinculadas a la tem\u00e1tica objeto de este Memorando de Entendimiento\u00bb, expresa el documento. <\/span><\/p>\n<h6> 2016-08-12 15:10:05 <\/h6>\n<p><!--\n<link rel=\"stylesheet\" href=\"css\/bootstrap.min.css\">\n\n\n<ul class=\"pagination\">\n\t    \n\t\n\n<li >\n\t<a href='?page_no=12248'>Previous<\/a>\n\t<\/li>\n\n\n       \n    \n\n<li><a href='?page_no=1'>1<\/a><\/li>\n\n\n\n<li><a href='?page_no=2'>2<\/a><\/li>\n\n\n\n<li><a>...<\/a><\/li>\n\n\n\n<li><a href='?page_no=12247'>12247<\/a><\/li>\n\n\n\n<li><a href='?page_no=12248'>12248<\/a><\/li>\n\n\n\n<li class='active'><a>12249<\/a><\/li>\n\n\n\n<li><a href='?page_no=12250'>12250<\/a><\/li>\n\n\n\n<li><a href='?page_no=12251'>12251<\/a><\/li>\n\n\n\n<li><a>...<\/a><\/li>\n\n\n\n<li><a href='?page_no=56169'>56169<\/a><\/li>\n\n\n\n<li><a href='?page_no=56170'>56170<\/a><\/li>\n\n    \n\t\n\n<li >\n\t<a href='?page_no=12250'>Next<\/a>\n\t<\/li>\n\n\n    \n\n<li><a href='?page_no=56170'>Last &rsaquo;&rsaquo;<\/a><\/li>\n\n<\/ul>\n\n\n--><br \/>\n<\/body><\/p>\n","protected":false},"excerpt":{"rendered":"<p>Santo Domingo, RD, 12 de agosto.-El Ministerio de Econom\u00eda, Planificaci\u00f3n y Desarrollo (MEPyD), el Sistema de las Naciones Unidas en Rep\u00fablica Dominicana, la Asociaci\u00f3n Dominicana de Rectores de Universidades (ADRU) y la Asociaci\u00f3n Dominicana de Universidades (ADOU) firmaron este viernes un Memorando de Entendimiento con el prop\u00f3sito de promover iniciativas desde la academia en torno [&hellip;]<\/p>\n","protected":false},"author":3,"featured_media":0,"comment_status":"open","ping_status":"open","sticky":false,"template":"","format":"standard","meta":{"footnotes":""},"categories":[20],"tags":[],"class_list":["post-217759","post","type-post","status-publish","format-standard","hentry","category-dominicana-hoy"],"_links":{"self":[{"href":"https:\/\/diariodominicano.com\/index.php?rest_route=\/wp\/v2\/posts\/217759","targetHints":{"allow":["GET"]}}],"collection":[{"href":"https:\/\/diariodominicano.com\/index.php?rest_route=\/wp\/v2\/posts"}],"about":[{"href":"https:\/\/diariodominicano.com\/index.php?rest_route=\/wp\/v2\/types\/post"}],"author":[{"embeddable":true,"href":"https:\/\/diariodominicano.com\/index.php?rest_route=\/wp\/v2\/users\/3"}],"replies":[{"embeddable":true,"href":"https:\/\/diariodominicano.com\/index.php?rest_route=%2Fwp%2Fv2%2Fcomments&post=217759"}],"version-history":[{"count":0,"href":"https:\/\/diariodominicano.com\/index.php?rest_route=\/wp\/v2\/posts\/217759\/revisions"}],"wp:attachment":[{"href":"https:\/\/diariodominicano.com\/index.php?rest_route=%2Fwp%2Fv2%2Fmedia&parent=217759"}],"wp:term":[{"taxonomy":"category","embeddable":true,"href":"https:\/\/diariodominicano.com\/index.php?rest_route=%2Fwp%2Fv2%2Fcategories&post=217759"},{"taxonomy":"post_tag","embeddable":true,"href":"https:\/\/diariodominicano.com\/index.php?rest_route=%2Fwp%2Fv2%2Ftags&post=217759"}],"curies":[{"name":"wp","href":"https:\/\/api.w.org\/{rel}","templated":true}]}}