{"id":217757,"date":"2016-08-13T15:24:23","date_gmt":"2016-08-13T15:24:23","guid":{"rendered":"http:\/\/diariodominicano.ddns.net\/?p=217757"},"modified":"2016-08-13T15:24:23","modified_gmt":"2016-08-13T15:24:23","slug":"coe-mantiene-alerta-verde-para-seis-provincias","status":"publish","type":"post","link":"https:\/\/diariodominicano.com\/?p=217757","title":{"rendered":"COE mantiene alerta verde para seis provincias"},"content":{"rendered":"<p><body><\/p>\n<p><img decoding=\"async\" src=\"img3\/meteo0.jpg\" \/>  <\/p>\n<p><strong><span class=\"text1noticias\">SANTO DOMINGO, RD, 13 de Agosto de 2016.- <\/span><\/strong><span class=\"text1noticias\">La Direcci\u00f3n del Centro de Operaciones de Emergencias (COE), inform\u00f3 este s\u00e1bado  que  mantiene el nivel de alerta verd  por posibles inundaciones urbanas para las provincias: La Romana, San Pedro de Macor\u00eds, San Crist\u00f3bal, Monte Plata, San Jos\u00e9 de Ocoa y el Gran Santo Domingo. <\/span><\/p>\n<\/p>\n<p><span class=\"text1noticias\">El director del COE general Juan Manuel M\u00e9ndez Garc\u00eda, dijo que  de acuerdo al bolet\u00edn  meteorol\u00f3gico de las 11:00 am del d\u00eda de hoy, de la Oficina Nacional de Meteorolog\u00eda \u00abONAMET, el cual establece que para ma\u00f1ana domingo la humedad asociada a una vaguada y la incidencia de una onda tropical estar\u00e1n interactuando para que se produzcan nuevas vez nublados con aguaceros acompa\u00f1ados de tormentas el\u00e9ctricas y posibles r\u00e1fagas de viento sobre las provincias que conforman la llanura costera del Caribe y algunas localidades de la l\u00ednea noroeste y el Cibao central.<\/span><\/p>\n<\/p>\n<p><span class=\"text1noticias\">A trav\u00e9s de un bolet\u00edn de prensa indic\u00f3  que dada esa situaci\u00f3n y lo establecido en el art\u00edculo 2 cap\u00edtulo 1, de la Ley 147-02, sobre Gesti\u00f3n de Riesgos,  en el Centro de Operaciones de Emergencias (COE), mantiene el nivel de alerta para  La Romana, San Pedro de Macor\u00eds, San Crist\u00f3bal, Monte Plata, San Jos\u00e9 de Ocoa y el Gran Santo Domingo. <\/span><\/p>\n<\/p>\n<p><strong><span class=\"text1noticias\">Acciones que debe observar la poblaci\u00f3n <\/span><\/strong><\/p>\n<\/p>\n<p><strong><span class=\"text1noticias\">1.<\/span><\/strong><span class=\"text1noticias\">\tSeguir los lineamientos y orientaciones de los organismos de protecci\u00f3n civil.<\/span><\/p>\n<\/p>\n<p><strong><span class=\"text1noticias\">2.<\/span><\/strong><span class=\"text1noticias\">\tMantenerse en contacto con la Defensa Civil, Fuerzas Armadas, Cruz Roja, la Polic\u00eda Nacional, Cuerpos de Bomberos y este Centro de Operaciones de Emergencia a trav\u00e9s del  Tel: 809-472-0909 , *462 de la OPTIC.<\/span><\/p>\n<\/p>\n<p><strong><span class=\"text1noticias\">3.<\/span><\/strong><span class=\"text1noticias\">\tAnte la ocurrencia de aguaceros, los residentes en zonas de alto riesgo que habitan pr\u00f3ximo a r\u00edos, arroyos y ca\u00f1adas deben de estar atentos y tomar las medidas de precauci\u00f3n necesarias  ante posibles crecidas e inundaciones repentinas.<\/span><\/p>\n<\/p>\n<p><strong><span class=\"text1noticias\">        <\/span><\/strong><\/p>\n<p><strong><span class=\"text1noticias\">           ALERTA VERDE<\/span><\/strong><\/p>\n<\/p>\n<p><span class=\"text1noticias\">\tAquella que se declara cuando las expectativas de un fen\u00f3meno permiten prever la ocurrencia de un evento de car\u00e1cter peligroso para la poblaci\u00f3n. Puede ser parcial o total.<\/span><\/p>\n<\/p>\n<p><strong><span class=\"text1noticias\">INFORME DEL TIEMPO<\/span><\/strong><\/p>\n<p><span class=\"text1noticias\">S\u00e1bado 13 de agosto de 2016 a la 1:00 p.m. v\u00e1lido hasta el lunes 15 de agosto de 2016 a la 1:00 p.m.         <\/span><\/p>\n<\/p>\n<p><strong><span class=\"text1noticias\">AGUACEROS DISPERSOS Y TRONADAS EN ALGUNAS PROVINCIAS<\/span><\/strong><\/p>\n<\/p>\n<p><span class=\"text1noticias\">Una vaguada sobre el Canal de la Mona, movi\u00e9ndose hacia el oeste, estar\u00e1 incidiendo en las condiciones del tiempo durante el d\u00eda de hoy sobre el territorio nacional, la misma, incrementar\u00e1 el contenido de humedad en nuestra masa de aire e interactuar\u00e1 con las circulaciones locales asociadas al ciclo diurno para generar aguaceros dispersos, tronadas y posibles r\u00e1fagas de viento durante la tarde y la noche hacia el Gran Santo Domingo, La Altagracia, La Romana, San Pedro de Macor\u00eds, Hato Mayor, Monte Plata, S\u00e1nchez Ram\u00edrez, San Crist\u00f3bal, San Jos\u00e9 de Ocoa, La Vega, Monse\u00f1or Nouel, San Juan, Dajab\u00f3n y El\u00edas Pi\u00f1a.<\/span><\/p>\n<\/p>\n<p><span class=\"text1noticias\">Para ma\u00f1ana permanecer\u00e1 humedad en nuestra masa de aire y tambi\u00e9n empezar\u00e1 a acercarse una onda tropical hacia el pa\u00eds en la noche, por lo tanto, se mantendr\u00e1n condiciones favorables para que se generen algunos aguaceros y tormentas el\u00e9ctricas sobre todo hacia poblados pertenecientes a la llanura costera del Caribe, la cordillera Central, as\u00ed como, la regi\u00f3n noreste.<\/span><\/p>\n<\/p>\n<p><span class=\"text1noticias\">La Oficina Nacional de Meteorolog\u00eda (ONAMET), mantiene un ALERTA meteorol\u00f3gico por inundaciones urbanas hacia las provincias: La Romana, San Pedro de Macor\u00eds, San Crist\u00f3bal, Monte Plata, San Jos\u00e9 de Ocoa y el Gran Santo Domingo.   <\/span><\/p>\n<\/p>\n<p><strong><span class=\"text1noticias\">Distrito Nacional:  <\/span><\/strong><span class=\"text1noticias\">   <\/span><\/p>\n<\/p>\n<p><span class=\"text1noticias\">         Incrementos nubosos con aguaceros dispersos y tronadas.<\/span><\/p>\n<\/p>\n<p><strong><span class=\"text1noticias\">Santo Domingo Norte:  <\/span><\/strong><span class=\"text1noticias\"> <\/span><\/p>\n<\/p>\n<p><span class=\"text1noticias\">  Nublado en ocasiones con aguaceros dispersos y tronadas.<\/span><\/p>\n<\/p>\n<p><strong><span class=\"text1noticias\">Santo Domingo Oeste: <\/span><\/strong><span class=\"text1noticias\">   <\/span><\/p>\n<\/p>\n<p><span class=\"text1noticias\">Medio nublado a nublado con aguaceros dispersos y tronadas.<\/span><\/p>\n<\/p>\n<p><strong><span class=\"text1noticias\">Santo Domingo Este:  <\/span><\/strong><\/p>\n<p><strong><span class=\"text1noticias\"> <\/span><\/strong><span class=\"text1noticias\">     Incrementos nubosos con aguaceros dispersos y tronadas.<\/span><\/p>\n<\/p>\n<p><strong><span class=\"text1noticias\">El  Gran Santo Domingo: <\/span><\/strong><\/p>\n<\/p>\n<p><span class=\"text1noticias\">La temperatura m\u00e1xima estar\u00e1 entre 31\u00baC  y  33\u00baC  y la m\u00ednima entre  22\u00baC y 24\u00baC.      <\/span><\/p>\n<\/p>\n<p><span class=\"text1noticias\">Resumen. Vaguada sobre el Canal de la Mona incrementar\u00e1 levemente la actividad de precipitaciones sobre el pa\u00eds.<\/span><\/p>\n<\/p>\n<p><span class=\"text1noticias\">Tarde y noche. Incrementos nubosos con aguaceros dispersos, tronadas y posibles r\u00e1fagas de viento en la tarde y la noche, hacia las regiones noreste, sureste y la cordillera Central. <\/span><\/p>\n<\/p>\n<p><span class=\"text1noticias\">Domingo. Medio nublad a nublado despu\u00e9s del medio d\u00eda con algunos aguaceros y tronadas en la tarde hasta primeras horas de la noche sobre las regiones noreste, sureste y la cordillera Central.<\/span><\/p>\n<p><span class=\"text1noticias\">Santo Domingo y sus municipios. Medio nublado a nublado con aguaceros aislados y tronadas. <\/span><\/p>\n<p><span class=\"text1noticias\">Distrito Nacional. Medio nublado a nublado con aguaceros aislados posibles tronadas. <\/span><\/p>\n<\/p>\n<p><span class=\"text1noticias\">Lunes. El contenido de humedad estar\u00e1 disminuyendo en nuestra masa de aire, aun as\u00ed, son posibles algunos chubascos y tronadas hacia la regi\u00f3n sureste y la cordillera Central.<\/span><\/p>\n<p><span class=\"text1noticias\">Santo Domingo y sus municipios. Medio nublado con chubascos en horas de la tarde.  <\/span><\/p>\n<p><span class=\"text1noticias\">Distrito Nacional. Medio nublado con chubascos en horas de la tarde.<\/span><\/p>\n<\/p>\n<p><span class=\"text1noticias\">   POBLADOS\tPRON\u00d3STICOS POR LOCALIDADES \t  T. M\u00e1x. C\t  T. M\u00edn. C<\/span><\/p>\n<p><span class=\"text1noticias\">Santiago\tMedio nublado en ocasiones con chubascos aislados.\t31\/33\t21\/23<\/span><\/p>\n<p><span class=\"text1noticias\">Puerto Plata\tNubes dispersas a medio nublado.\t32\/34\t21\/24<\/span><\/p>\n<p><span class=\"text1noticias\">Duarte \tMedio nublado en ocasiones con chubascos y tronadas aisladas.\t31\/33\t21\/24<\/span><\/p>\n<p><span class=\"text1noticias\">Constanza \tNublado con aguaceros dispersos y tronadas en horas de la tarde.\t26\/28\t13\/14<\/span><\/p>\n<p><span class=\"text1noticias\">Peravia\tNublado con chubascos aislados en la tarde.\t31\/33\t21\/23<\/span><\/p>\n<p><span class=\"text1noticias\">San Pedro de Macor\u00eds\tNublado con aguaceros dispersos y tronadas en horas de la tarde.\t31\/33\t23\/24<\/span><\/p>\n<p><span class=\"text1noticias\">La Romana\tNublado con aguaceros dispersos y tronadas en horas de la tarde.\t32\/34\t21\/23<\/span><\/p>\n<p><span class=\"text1noticias\">La Vega \tNublado con aguaceros dispersos y tronadas en horas de la tarde.\t31\/32\t21\/23<\/span><\/p>\n<p><span class=\"text1noticias\">Monse\u00f1or Nouel \tNublado con aguaceros dispersos y tronadas en horas de la tarde.\t31\/32\t20\/22<\/span><\/p>\n<p><span class=\"text1noticias\">San Crist\u00f3bal \tNublado con aguaceros dispersos y tronadas en horas de la tarde.\t31\/33\t21\/22<\/span><\/p>\n<p><span class=\"text1noticias\">Saman\u00e1\tMedio nublado en ocasiones con chubascos dispersos.\t32\/34\t23\/24<\/span><\/p>\n<p><span class=\"text1noticias\">Montecristi\tNubes dispersas con ligeros incrementos.\t32\/34\t23\/24<\/span><\/p>\n<p><span class=\"text1noticias\">Azua\t\tMedio nublado en ocasiones con chubascos y tronadas aisladas en la tarde.\t32\/34\t22\/24<\/span><\/p>\n<p><span class=\"text1noticias\">San Juan \tNublado con aguaceros dispersos y tronadas en horas de la tarde.\t32\/34\t19\/21<\/span><\/p>\n<p><span class=\"text1noticias\">Barahona\tMedio nublado en ocasiones con chubascos y tronadas aisladas en la noche.\t31\/33\t23\/24<\/span><\/p>\n<p><span class=\"text1noticias\">La Altagracia\tNublado con aguaceros dispersos y tronadas en horas de la tarde.\t31\/32\t24\/25<\/span><\/p>\n<p><span class=\"text1noticias\">MEDINA \/ LORENZO <\/span><\/p>\n<\/p>\n<\/p>\n<\/p>\n<\/p>\n<\/p>\n<h6> 2016-08-13 15:24:23 <\/h6>\n<p><!--\n<link rel=\"stylesheet\" href=\"css\/bootstrap.min.css\">\n\n\n<ul class=\"pagination\">\n\t    \n\t\n\n<li >\n\t<a href='?page_no=12246'>Previous<\/a>\n\t<\/li>\n\n\n       \n    \n\n<li><a href='?page_no=1'>1<\/a><\/li>\n\n\n\n<li><a href='?page_no=2'>2<\/a><\/li>\n\n\n\n<li><a>...<\/a><\/li>\n\n\n\n<li><a href='?page_no=12245'>12245<\/a><\/li>\n\n\n\n<li><a href='?page_no=12246'>12246<\/a><\/li>\n\n\n\n<li class='active'><a>12247<\/a><\/li>\n\n\n\n<li><a href='?page_no=12248'>12248<\/a><\/li>\n\n\n\n<li><a href='?page_no=12249'>12249<\/a><\/li>\n\n\n\n<li><a>...<\/a><\/li>\n\n\n\n<li><a href='?page_no=56169'>56169<\/a><\/li>\n\n\n\n<li><a href='?page_no=56170'>56170<\/a><\/li>\n\n    \n\t\n\n<li >\n\t<a href='?page_no=12248'>Next<\/a>\n\t<\/li>\n\n\n    \n\n<li><a href='?page_no=56170'>Last &rsaquo;&rsaquo;<\/a><\/li>\n\n<\/ul>\n\n\n--><br \/>\n<\/body><\/p>\n","protected":false},"excerpt":{"rendered":"<p>SANTO DOMINGO, RD, 13 de Agosto de 2016.- La Direcci\u00f3n del Centro de Operaciones de Emergencias (COE), inform\u00f3 este s\u00e1bado que mantiene el nivel de alerta verd por posibles inundaciones urbanas para las provincias: La Romana, San Pedro de Macor\u00eds, San Crist\u00f3bal, Monte Plata, San Jos\u00e9 de Ocoa y el Gran Santo Domingo. El director [&hellip;]<\/p>\n","protected":false},"author":3,"featured_media":0,"comment_status":"open","ping_status":"open","sticky":false,"template":"","format":"standard","meta":{"footnotes":""},"categories":[20],"tags":[],"class_list":["post-217757","post","type-post","status-publish","format-standard","hentry","category-dominicana-hoy"],"_links":{"self":[{"href":"https:\/\/diariodominicano.com\/index.php?rest_route=\/wp\/v2\/posts\/217757","targetHints":{"allow":["GET"]}}],"collection":[{"href":"https:\/\/diariodominicano.com\/index.php?rest_route=\/wp\/v2\/posts"}],"about":[{"href":"https:\/\/diariodominicano.com\/index.php?rest_route=\/wp\/v2\/types\/post"}],"author":[{"embeddable":true,"href":"https:\/\/diariodominicano.com\/index.php?rest_route=\/wp\/v2\/users\/3"}],"replies":[{"embeddable":true,"href":"https:\/\/diariodominicano.com\/index.php?rest_route=%2Fwp%2Fv2%2Fcomments&post=217757"}],"version-history":[{"count":0,"href":"https:\/\/diariodominicano.com\/index.php?rest_route=\/wp\/v2\/posts\/217757\/revisions"}],"wp:attachment":[{"href":"https:\/\/diariodominicano.com\/index.php?rest_route=%2Fwp%2Fv2%2Fmedia&parent=217757"}],"wp:term":[{"taxonomy":"category","embeddable":true,"href":"https:\/\/diariodominicano.com\/index.php?rest_route=%2Fwp%2Fv2%2Fcategories&post=217757"},{"taxonomy":"post_tag","embeddable":true,"href":"https:\/\/diariodominicano.com\/index.php?rest_route=%2Fwp%2Fv2%2Ftags&post=217757"}],"curies":[{"name":"wp","href":"https:\/\/api.w.org\/{rel}","templated":true}]}}