{"id":217753,"date":"2016-08-15T10:39:39","date_gmt":"2016-08-15T10:39:39","guid":{"rendered":"http:\/\/diariodominicano.ddns.net\/?p=217753"},"modified":"2016-08-15T10:39:39","modified_gmt":"2016-08-15T10:39:39","slug":"esta-noche-inician-actos-toma-de-posesion-danilo-medina","status":"publish","type":"post","link":"https:\/\/diariodominicano.com\/?p=217753","title":{"rendered":"Esta noche inician actos toma de posesi\u00f3n Danilo Medina"},"content":{"rendered":"<p><body><\/p>\n<p><img decoding=\"async\" src=\"img3\/Presidente15-8.jpg\" \/>  <\/p>\n<p><span class=\"text1noticias\">Santo Domingo, R. D., 15 de agosto.- Con una recepci\u00f3n que ofrecer\u00e1n el presidente Danilo Medina y la primera dama C\u00e1ndida Montilla de Medina, a jefes de Estado y de Gobierno, inician esta noche los actos en el marco de la toma de posesi\u00f3n para el periodo 2016-2020.<\/span><\/p>\n<p><span class=\"text1noticias\"> <\/span><\/p>\n<p><span class=\"text1noticias\">La importante ceremonia que tendr\u00e1 lugar en el sal\u00f3n Las Cari\u00e1tides del Palacio Nacional, a las 8:30 de la noche, tambi\u00e9n contar\u00e1 con la asistencia de vicepresidentes, primeras damas y jefes de delegaciones.<\/span><\/p>\n<p><span class=\"text1noticias\"> <\/span><\/p>\n<p><span class=\"text1noticias\">Asimismo, se tiene prevista la presencia del rey em\u00e9rito de Espa\u00f1a, Juan Carlos I.<\/span><\/p>\n<p><span class=\"text1noticias\"> <\/span><\/p>\n<p><span class=\"text1noticias\">Asamblea Nacional<\/span><\/p>\n<p><span class=\"text1noticias\"> <\/span><\/p>\n<p><span class=\"text1noticias\">Este martes 16, a las 10:30 de la ma\u00f1ana, el presidente Danilo Medina se juramentar\u00e1 ante la Asamblea Nacional para un segundo mandato, luego de haber obtenido el pasado 15 de mayo, una victoria sin precedentes en la historia electoral dominicana, 62% de los votos de los dominicanos y las dominicanas.<\/span><\/p>\n<p><span class=\"text1noticias\"> <\/span><\/p>\n<p><span class=\"text1noticias\">Juramentaci\u00f3n del Gabinete<\/span><\/p>\n<p><span class=\"text1noticias\"> <\/span><\/p>\n<p><span class=\"text1noticias\">Posteriormente, uno de los jefes de Estado con m\u00e1s alta valoraci\u00f3n y popularidad en Am\u00e9rica Latina se trasladar\u00e1 hacia el sal\u00f3n de Embajadores del Palacio Nacional, donde a la 1:00 de la tarde, juramentar\u00e1 a los miembros de su Gabinete.<\/span><\/p>\n<p><span class=\"text1noticias\"> <\/span><\/p>\n<p><span class=\"text1noticias\">Te Deum<\/span><\/p>\n<p><span class=\"text1noticias\"> <\/span><\/p>\n<p><span class=\"text1noticias\">Luego, en compa\u00f1\u00eda de la primera dama C\u00e1ndida Montilla de Medina y sus hijas, el gobernante dominicano asistir\u00e1 a la Catedral Primada de Am\u00e9rica, para participar en el Te Deum que iniciar\u00e1 a las 2:00 de la tarde.<\/span><\/p>\n<p><span class=\"text1noticias\"> <\/span><\/p>\n<p><span class=\"text1noticias\">Ofrenda floral en Altar de la Patria<\/span><\/p>\n<p><span class=\"text1noticias\"> <\/span><\/p>\n<p><span class=\"text1noticias\">A las 3:00 de la tarde,  depositar\u00e1 una ofrenda floral a los Fundadores de la Rep\u00fablica, en el Altar de la Patria.<\/span><\/p>\n<p><span class=\"text1noticias\"> <\/span><\/p>\n<p><span class=\"text1noticias\">Finalmente, a las 7:30 de la noche, en los salones de Embajadores y Las Cari\u00e1tides del Palacio Nacional, est\u00e1 prevista una recepci\u00f3n a los invitados internacionales y especiales, as\u00ed como altos funcionarios de<\/span> la naci\u00f3n.<\/p>\n<h6> 2016-08-15 10:39:39 <\/h6>\n<p><!--\n<link rel=\"stylesheet\" href=\"css\/bootstrap.min.css\">\n\n\n<ul class=\"pagination\">\n\t    \n\t\n\n<li >\n\t<a href='?page_no=12242'>Previous<\/a>\n\t<\/li>\n\n\n       \n    \n\n<li><a href='?page_no=1'>1<\/a><\/li>\n\n\n\n<li><a href='?page_no=2'>2<\/a><\/li>\n\n\n\n<li><a>...<\/a><\/li>\n\n\n\n<li><a href='?page_no=12241'>12241<\/a><\/li>\n\n\n\n<li><a href='?page_no=12242'>12242<\/a><\/li>\n\n\n\n<li class='active'><a>12243<\/a><\/li>\n\n\n\n<li><a href='?page_no=12244'>12244<\/a><\/li>\n\n\n\n<li><a href='?page_no=12245'>12245<\/a><\/li>\n\n\n\n<li><a>...<\/a><\/li>\n\n\n\n<li><a href='?page_no=56169'>56169<\/a><\/li>\n\n\n\n<li><a href='?page_no=56170'>56170<\/a><\/li>\n\n    \n\t\n\n<li >\n\t<a href='?page_no=12244'>Next<\/a>\n\t<\/li>\n\n\n    \n\n<li><a href='?page_no=56170'>Last &rsaquo;&rsaquo;<\/a><\/li>\n\n<\/ul>\n\n\n--><br \/>\n<\/body><\/p>\n","protected":false},"excerpt":{"rendered":"<p>Santo Domingo, R. D., 15 de agosto.- Con una recepci\u00f3n que ofrecer\u00e1n el presidente Danilo Medina y la primera dama C\u00e1ndida Montilla de Medina, a jefes de Estado y de Gobierno, inician esta noche los actos en el marco de la toma de posesi\u00f3n para el periodo 2016-2020. La importante ceremonia que tendr\u00e1 lugar en [&hellip;]<\/p>\n","protected":false},"author":3,"featured_media":0,"comment_status":"open","ping_status":"open","sticky":false,"template":"","format":"standard","meta":{"footnotes":""},"categories":[20],"tags":[],"class_list":["post-217753","post","type-post","status-publish","format-standard","hentry","category-dominicana-hoy"],"_links":{"self":[{"href":"https:\/\/diariodominicano.com\/index.php?rest_route=\/wp\/v2\/posts\/217753","targetHints":{"allow":["GET"]}}],"collection":[{"href":"https:\/\/diariodominicano.com\/index.php?rest_route=\/wp\/v2\/posts"}],"about":[{"href":"https:\/\/diariodominicano.com\/index.php?rest_route=\/wp\/v2\/types\/post"}],"author":[{"embeddable":true,"href":"https:\/\/diariodominicano.com\/index.php?rest_route=\/wp\/v2\/users\/3"}],"replies":[{"embeddable":true,"href":"https:\/\/diariodominicano.com\/index.php?rest_route=%2Fwp%2Fv2%2Fcomments&post=217753"}],"version-history":[{"count":0,"href":"https:\/\/diariodominicano.com\/index.php?rest_route=\/wp\/v2\/posts\/217753\/revisions"}],"wp:attachment":[{"href":"https:\/\/diariodominicano.com\/index.php?rest_route=%2Fwp%2Fv2%2Fmedia&parent=217753"}],"wp:term":[{"taxonomy":"category","embeddable":true,"href":"https:\/\/diariodominicano.com\/index.php?rest_route=%2Fwp%2Fv2%2Fcategories&post=217753"},{"taxonomy":"post_tag","embeddable":true,"href":"https:\/\/diariodominicano.com\/index.php?rest_route=%2Fwp%2Fv2%2Ftags&post=217753"}],"curies":[{"name":"wp","href":"https:\/\/api.w.org\/{rel}","templated":true}]}}