{"id":217751,"date":"2016-08-15T11:06:26","date_gmt":"2016-08-15T11:06:26","guid":{"rendered":"http:\/\/diariodominicano.ddns.net\/?p=217751"},"modified":"2016-08-15T11:06:26","modified_gmt":"2016-08-15T11:06:26","slug":"vicepresidente-taiwanes-participara-en-actos-de-juramentacion","status":"publish","type":"post","link":"https:\/\/diariodominicano.com\/?p=217751","title":{"rendered":"Vicepresidente taiwan\u00e9s participar\u00e1 en actos de juramentaci\u00f3n"},"content":{"rendered":"<p><body><\/p>\n<p><img decoding=\"async\" src=\"img3\/Taiwan15-8.jpg\" \/>  <\/p>\n<p><span class=\"text1noticias\">Santo Domingo, R. D., 15 de agosto.- El vicepresidente de la Rep\u00fablica China de Taiw\u00e1n, Chen Chien-Jen, se sum\u00f3 hoy a los dignatarios, jefes de Estado y de Gobierno que han comenzado a llegar al pa\u00eds para estar presentes en la ceremonia de juramentaci\u00f3n del presidente Danilo Medina.<\/span><\/p>\n<p><span class=\"text1noticias\"> <\/span><\/p>\n<p><span class=\"text1noticias\">Tras llegar a las 3:42 de la tarde, por el Aeropuerto Internacional de Las Am\u00e9ricas, acompa\u00f1ado de su esposa, Lo Gong-ping y la delegaci\u00f3n que le acompa\u00f1a, Chien-Jen, recibi\u00f3 los honores militares correspondiente a su investidura, por un batall\u00f3n de la Armada Dominicana.<\/span><\/p>\n<p><span class=\"text1noticias\"> <\/span><\/p>\n<p><span class=\"text1noticias\">Recibimiento<\/span><\/p>\n<p><span class=\"text1noticias\"> <\/span><\/p>\n<p><span class=\"text1noticias\">La Comisi\u00f3n taiwan\u00e9s la integran, tambi\u00e9n, Tseng, Ho-jen, subsecretario general; Hou, Ching-shan, viceministro de Relaciones Exteriores; Cheng, Lin-cheng, subdirector general de Asuntos Latinoamericanos y Caribe\u00f1os; Liao, Hsien-jen, oficial ejecutivo senior; Ou, Chiang-an, vicec\u00f3nsul; Kuei, Chih-yun, secretaria del Ministerio Relaciones Exteriores; Chan, Choufu, oficial ejecutivo y Lin, Mha-hsi, director de la Seguridad de la Presidencia de Taiw\u00e1n.<\/span><\/p>\n<p><span class=\"text1noticias\"> <\/span><\/p>\n<p><span class=\"text1noticias\">Una comitiva del Gobierno dominicano, encabezada por Ajejandra Liriano, viceministra de Relaciones Exteriores para Asuntos de Pol\u00edtica Exterior; Jos\u00e9 Juan Hern\u00e1ndez, embajador encargado de Asuntos de Medio Oriente del Ministerio de Relaciones Exteriores, Ram\u00f3n Dionisio Ditr\u00e9n Flores, encargado de la Divisi\u00f3n de Centro Am\u00e9rica de Relaciones Exteriores y el Embajador Pedro G\u00f3mez, director de Ceremonial del Estado y Protocolo, dieron la bienvenida al vicepresidente de Taiw\u00e1n.<\/span><\/p>\n<p><span class=\"text1noticias\"> <\/span><\/p>\n<p><span class=\"text1noticias\">Tambi\u00e9n lo recibieron el embajador de su pa\u00eds en Rep\u00fablica Dominicana, Valentino Tang y su esposa Valentina de Tang.<\/span><\/p>\n<p><span class=\"text1noticias\"> <\/span><\/p>\n<p><span class=\"text1noticias\">Intercambio comercial<\/span><\/p>\n<p><span class=\"text1noticias\"> <\/span><\/p>\n<p><span class=\"text1noticias\">Rep\u00fablica Dominicana es uno de los diez socios de Taiw\u00e1n m\u00e1s importantes de Am\u00e9rica Latina y el primero de la Regi\u00f3n del Caribe. Durante el a\u00f1o pasado, el intercambio comercial con Taiw\u00e1n fue de135.93 millones de d\u00f3lares.<\/span><\/p>\n<p><span class=\"text1noticias\"> <\/span><\/p>\n<p><span class=\"text1noticias\">Producto de la estabilidad macroecon\u00f3mica y el clima de inversi\u00f3n que ofrece el Gobierno de Danilo Medina, solo en el \u00e1rea de calzado y sus componentes, las exportaciones en el 2015 ascendieron a 480.3 millones de d\u00f3lares, para un crecimiento relativo de 6.9%, respecto a 2014, finalizando con US$449.5 m<\/span>illones.<\/p>\n<h6> 2016-08-15 11:06:26 <\/h6>\n<p><!--\n<link rel=\"stylesheet\" href=\"css\/bootstrap.min.css\">\n\n\n<ul class=\"pagination\">\n\t    \n\t\n\n<li >\n\t<a href='?page_no=12240'>Previous<\/a>\n\t<\/li>\n\n\n       \n    \n\n<li><a href='?page_no=1'>1<\/a><\/li>\n\n\n\n<li><a href='?page_no=2'>2<\/a><\/li>\n\n\n\n<li><a>...<\/a><\/li>\n\n\n\n<li><a href='?page_no=12239'>12239<\/a><\/li>\n\n\n\n<li><a href='?page_no=12240'>12240<\/a><\/li>\n\n\n\n<li class='active'><a>12241<\/a><\/li>\n\n\n\n<li><a href='?page_no=12242'>12242<\/a><\/li>\n\n\n\n<li><a href='?page_no=12243'>12243<\/a><\/li>\n\n\n\n<li><a>...<\/a><\/li>\n\n\n\n<li><a href='?page_no=56169'>56169<\/a><\/li>\n\n\n\n<li><a href='?page_no=56170'>56170<\/a><\/li>\n\n    \n\t\n\n<li >\n\t<a href='?page_no=12242'>Next<\/a>\n\t<\/li>\n\n\n    \n\n<li><a href='?page_no=56170'>Last &rsaquo;&rsaquo;<\/a><\/li>\n\n<\/ul>\n\n\n--><br \/>\n<\/body><\/p>\n","protected":false},"excerpt":{"rendered":"<p>Santo Domingo, R. D., 15 de agosto.- El vicepresidente de la Rep\u00fablica China de Taiw\u00e1n, Chen Chien-Jen, se sum\u00f3 hoy a los dignatarios, jefes de Estado y de Gobierno que han comenzado a llegar al pa\u00eds para estar presentes en la ceremonia de juramentaci\u00f3n del presidente Danilo Medina. Tras llegar a las 3:42 de la [&hellip;]<\/p>\n","protected":false},"author":3,"featured_media":0,"comment_status":"open","ping_status":"open","sticky":false,"template":"","format":"standard","meta":{"footnotes":""},"categories":[20],"tags":[],"class_list":["post-217751","post","type-post","status-publish","format-standard","hentry","category-dominicana-hoy"],"_links":{"self":[{"href":"https:\/\/diariodominicano.com\/index.php?rest_route=\/wp\/v2\/posts\/217751","targetHints":{"allow":["GET"]}}],"collection":[{"href":"https:\/\/diariodominicano.com\/index.php?rest_route=\/wp\/v2\/posts"}],"about":[{"href":"https:\/\/diariodominicano.com\/index.php?rest_route=\/wp\/v2\/types\/post"}],"author":[{"embeddable":true,"href":"https:\/\/diariodominicano.com\/index.php?rest_route=\/wp\/v2\/users\/3"}],"replies":[{"embeddable":true,"href":"https:\/\/diariodominicano.com\/index.php?rest_route=%2Fwp%2Fv2%2Fcomments&post=217751"}],"version-history":[{"count":0,"href":"https:\/\/diariodominicano.com\/index.php?rest_route=\/wp\/v2\/posts\/217751\/revisions"}],"wp:attachment":[{"href":"https:\/\/diariodominicano.com\/index.php?rest_route=%2Fwp%2Fv2%2Fmedia&parent=217751"}],"wp:term":[{"taxonomy":"category","embeddable":true,"href":"https:\/\/diariodominicano.com\/index.php?rest_route=%2Fwp%2Fv2%2Fcategories&post=217751"},{"taxonomy":"post_tag","embeddable":true,"href":"https:\/\/diariodominicano.com\/index.php?rest_route=%2Fwp%2Fv2%2Ftags&post=217751"}],"curies":[{"name":"wp","href":"https:\/\/api.w.org\/{rel}","templated":true}]}}