{"id":217750,"date":"2016-08-15T11:18:44","date_gmt":"2016-08-15T11:18:44","guid":{"rendered":"http:\/\/diariodominicano.ddns.net\/?p=217750"},"modified":"2016-08-15T11:18:44","modified_gmt":"2016-08-15T11:18:44","slug":"primer-ministro-curazao-bernard-whiteman-llega-a-rd","status":"publish","type":"post","link":"https:\/\/diariodominicano.com\/?p=217750","title":{"rendered":"Primer ministro Curazao, Bernard Whiteman llega a RD"},"content":{"rendered":"<p><body><\/p>\n<p><img decoding=\"async\" src=\"img3\/Curazaoprimerministro15-8.jpg\" \/>  <\/p>\n<p><span class=\"text1noticias\">Santo Domingo, R. D., 15 de agosto.- El primer ministro de Curazao, Bernard Whiteman y su esposa Ilivia de Whiteman, llegaron al pa\u00eds para participar en la toma de posesi\u00f3n de un nuevo mandato del presidente de todos los dominicanos, Danilo Medina, este pr\u00f3ximo 16 de agosto.<\/span><\/p>\n<p><span class=\"text1noticias\"> <\/span><\/p>\n<p><span class=\"text1noticias\">Whiteman y su esposa arribaron por el Aeropuerto Internacional de Las Am\u00e9ricas, en un vuelo comercial de la aerol\u00ednea Pawa, a las 9:00 de la ma\u00f1ana y fueron recibidos por el encargado de Ceremonial y Protocolo del Estado, Pedro G\u00f3mez; la vicecanciller, Sarah G\u00fcemez y los embajadores Iv\u00e1n Ogando y Roger Espaillat.<\/span><\/p>\n<p><span class=\"text1noticias\"> <\/span><\/p>\n<p><span class=\"text1noticias\">Este lunes est\u00e1 prevista su participaci\u00f3n en la cena que ofrecer\u00e1n el presidente Danilo Medina y la primera dama, C\u00e1ndida Montilla de Medina a los jefes de Estado y dignatarios e invitados especiales, a las 8:30 de la noche, en el Sal\u00f3n Las Cari\u00e1tides del Palacio Naciona<\/span>l.<\/p>\n<h6> 2016-08-15 11:18:44 <\/h6>\n<p><!--\n<link rel=\"stylesheet\" href=\"css\/bootstrap.min.css\">\n\n\n<ul class=\"pagination\">\n\t    \n\t\n\n<li >\n\t<a href='?page_no=12239'>Previous<\/a>\n\t<\/li>\n\n\n       \n    \n\n<li><a href='?page_no=1'>1<\/a><\/li>\n\n\n\n<li><a href='?page_no=2'>2<\/a><\/li>\n\n\n\n<li><a>...<\/a><\/li>\n\n\n\n<li><a href='?page_no=12238'>12238<\/a><\/li>\n\n\n\n<li><a href='?page_no=12239'>12239<\/a><\/li>\n\n\n\n<li class='active'><a>12240<\/a><\/li>\n\n\n\n<li><a href='?page_no=12241'>12241<\/a><\/li>\n\n\n\n<li><a href='?page_no=12242'>12242<\/a><\/li>\n\n\n\n<li><a>...<\/a><\/li>\n\n\n\n<li><a href='?page_no=56169'>56169<\/a><\/li>\n\n\n\n<li><a href='?page_no=56170'>56170<\/a><\/li>\n\n    \n\t\n\n<li >\n\t<a href='?page_no=12241'>Next<\/a>\n\t<\/li>\n\n\n    \n\n<li><a href='?page_no=56170'>Last &rsaquo;&rsaquo;<\/a><\/li>\n\n<\/ul>\n\n\n--><br \/>\n<\/body><\/p>\n","protected":false},"excerpt":{"rendered":"<p>Santo Domingo, R. D., 15 de agosto.- El primer ministro de Curazao, Bernard Whiteman y su esposa Ilivia de Whiteman, llegaron al pa\u00eds para participar en la toma de posesi\u00f3n de un nuevo mandato del presidente de todos los dominicanos, Danilo Medina, este pr\u00f3ximo 16 de agosto. Whiteman y su esposa arribaron por el Aeropuerto [&hellip;]<\/p>\n","protected":false},"author":3,"featured_media":0,"comment_status":"open","ping_status":"open","sticky":false,"template":"","format":"standard","meta":{"footnotes":""},"categories":[20],"tags":[],"class_list":["post-217750","post","type-post","status-publish","format-standard","hentry","category-dominicana-hoy"],"_links":{"self":[{"href":"https:\/\/diariodominicano.com\/index.php?rest_route=\/wp\/v2\/posts\/217750","targetHints":{"allow":["GET"]}}],"collection":[{"href":"https:\/\/diariodominicano.com\/index.php?rest_route=\/wp\/v2\/posts"}],"about":[{"href":"https:\/\/diariodominicano.com\/index.php?rest_route=\/wp\/v2\/types\/post"}],"author":[{"embeddable":true,"href":"https:\/\/diariodominicano.com\/index.php?rest_route=\/wp\/v2\/users\/3"}],"replies":[{"embeddable":true,"href":"https:\/\/diariodominicano.com\/index.php?rest_route=%2Fwp%2Fv2%2Fcomments&post=217750"}],"version-history":[{"count":0,"href":"https:\/\/diariodominicano.com\/index.php?rest_route=\/wp\/v2\/posts\/217750\/revisions"}],"wp:attachment":[{"href":"https:\/\/diariodominicano.com\/index.php?rest_route=%2Fwp%2Fv2%2Fmedia&parent=217750"}],"wp:term":[{"taxonomy":"category","embeddable":true,"href":"https:\/\/diariodominicano.com\/index.php?rest_route=%2Fwp%2Fv2%2Fcategories&post=217750"},{"taxonomy":"post_tag","embeddable":true,"href":"https:\/\/diariodominicano.com\/index.php?rest_route=%2Fwp%2Fv2%2Ftags&post=217750"}],"curies":[{"name":"wp","href":"https:\/\/api.w.org\/{rel}","templated":true}]}}