{"id":217748,"date":"2016-08-15T11:20:01","date_gmt":"2016-08-15T11:20:01","guid":{"rendered":"http:\/\/diariodominicano.ddns.net\/?p=217748"},"modified":"2016-08-15T11:20:01","modified_gmt":"2016-08-15T11:20:01","slug":"dictan-charla-sobre-cancer-de-prostata-en-la-camara-de-cuentas","status":"publish","type":"post","link":"https:\/\/diariodominicano.com\/?p=217748","title":{"rendered":"Dictan charla sobre c\u00e1ncer de pr\u00f3stata  en la C\u00e1mara de Cuentas"},"content":{"rendered":"<p><body><\/p>\n<p><img decoding=\"async\" src=\"img3\/conferencia 15-8.jpg\" \/>  <\/p>\n<p><span class=\"text1noticias\">Santo Domingo, R. D., 15 de agosto.- La C\u00e1mara de Cuentas de la Rep\u00fablica Dominicana (CCRD), en coordinaci\u00f3n con Primera ARS Humano, imparti\u00f3 a todos sus empleados una charla sobre c\u00f3mo prevenir el c\u00e1ncer de pr\u00f3stata que afecta a miles de hombres en el pa\u00eds.<\/span><\/p>\n<p><span class=\"text1noticias\"> <\/span><\/p>\n<p><span class=\"text1noticias\">La especialista en medicina familiar y laboral,  doctora Johanna Rosario, explic\u00f3 que de todos los casos de c\u00e1ncer en la poblaci\u00f3n masculina del pa\u00eds, el 55% corresponde a c\u00e1ncer de pr\u00f3stata.<\/span><\/p>\n<p><span class=\"text1noticias\"> <\/span><\/p>\n<p><span class=\"text1noticias\">En ese sentido, dijo que ello equivale a que cerca de 9 mil hombres padecen la mencionada enfermedad en la Rep\u00fablica Dominicana.<\/span><\/p>\n<p><span class=\"text1noticias\"> <\/span><\/p>\n<p><span class=\"text1noticias\">\u00abEl c\u00e1ncer aparece regularmente despu\u00e9s de los 65 a\u00f1os. Adem\u00e1s, es la segunda causa de muerte de hombres a nivel mundial, despu\u00e9s del c\u00e1ncer de pulm\u00f3n\u00bb, agreg\u00f3.<\/span><\/p>\n<p><span class=\"text1noticias\"> <\/span><\/p>\n<p><span class=\"text1noticias\">La especialista sostuvo que el c\u00e1ncer de pr\u00f3stata es el m\u00e1s frecuente en el pa\u00eds, superando incluso el de mama.<\/span><\/p>\n<p><span class=\"text1noticias\"> <\/span><\/p>\n<p><span class=\"text1noticias\">La doctora Rosario se\u00f1al\u00f3 que el c\u00e1ncer de pr\u00f3stata en la etapa inicial no causa s\u00edntomas, sin embargo, en etapa avanzada s\u00ed puede causar efectos.<\/span><\/p>\n<p><span class=\"text1noticias\"> <\/span><\/p>\n<p><span class=\"text1noticias\"> \u00abLos s\u00edntomas m\u00e1s notorios son los problemas urinarios, dificultad para tener una erecci\u00f3n, dolor frecuente  en la parte baja de la espalda, en las caderas o en la parte superior de los mulos\u00bb, agreg\u00f3.<\/span><\/p>\n<p><span class=\"text1noticias\"> <\/span><\/p>\n<p><span class=\"text1noticias\">El conversatorio, en el que participaron decenas de servidores de la C\u00e1mara de Cuentas, fue organizado por el Departamento de Recursos Humnos. <\/span><\/p>\n<p><span class=\"text1noticias\"> <\/span><\/p>\n<p><span class=\"text1noticias\">El mismo se llev\u00f3 a cabo en el sal\u00f3n Pedro Miguel Caratini, de la instituci\u00f3n.<\/span><\/p>\n<p><span class=\"text1noticias\"> <\/span><\/p>\n<p><span class=\"text1noticias\">La galena dijo que para mejorar la prevenci\u00f3n de la enfermedad los hombres deben realizarse un examen rectal de pr\u00f3stata y uno de ant\u00edgeno prost\u00e1tico espec\u00edfico (PSA).<\/span><\/p>\n<p><span class=\"text1noticias\"> <\/span><\/p>\n<p><span class=\"text1noticias\">A\u00f1adi\u00f3, en ese sentido, que el diagn\u00f3stico del c\u00e1ncer solo se puede confirmar mediante una biopsia.<\/span><\/p>\n<p><span class=\"text1noticias\"> <\/span><\/p>\n<p><span class=\"text1noticias\">Recomend\u00f3 tener una alimentaci\u00f3n balanceada como comida baja en grasa, rica en verduras, frutas y cereales y consumo de folatos, as\u00ed como realizar actividades f\u00edsicas varias veces a la semana.<\/span><\/p>\n<p><span class=\"text1noticias\"> <\/span><\/p>\n<p><span class=\"text1noticias\">Indic\u00f3 que en caso de tener la enfermedad, la probabilidad de recuperaci\u00f3n y las opciones de tratamiento dependen del estudio del c\u00e1ncer, el grado del tumor y la extensi\u00f3n de la pr\u00f3stata afectada.<\/span><\/p>\n<p><span class=\"text1noticias\"> <\/span><\/p>\n<p><span class=\"text1noticias\">La doctora afirm\u00f3 que hay diferentes tipos de tratamientos para los pacientes de c\u00e1ncer de pr\u00f3stata como la cirug\u00eda, radioterapia, quimioterapia, terapia con bisfosfonatos, e<\/span>ntre otros.<\/p>\n<\/p>\n<h6> 2016-08-15 11:20:01 <\/h6>\n<p><!--\n<link rel=\"stylesheet\" href=\"css\/bootstrap.min.css\">\n\n\n<ul class=\"pagination\">\n\t    \n\t\n\n<li >\n\t<a href='?page_no=12238'>Previous<\/a>\n\t<\/li>\n\n\n       \n    \n\n<li><a href='?page_no=1'>1<\/a><\/li>\n\n\n\n<li><a href='?page_no=2'>2<\/a><\/li>\n\n\n\n<li><a>...<\/a><\/li>\n\n\n\n<li><a href='?page_no=12237'>12237<\/a><\/li>\n\n\n\n<li><a href='?page_no=12238'>12238<\/a><\/li>\n\n\n\n<li class='active'><a>12239<\/a><\/li>\n\n\n\n<li><a href='?page_no=12240'>12240<\/a><\/li>\n\n\n\n<li><a href='?page_no=12241'>12241<\/a><\/li>\n\n\n\n<li><a>...<\/a><\/li>\n\n\n\n<li><a href='?page_no=56169'>56169<\/a><\/li>\n\n\n\n<li><a href='?page_no=56170'>56170<\/a><\/li>\n\n    \n\t\n\n<li >\n\t<a href='?page_no=12240'>Next<\/a>\n\t<\/li>\n\n\n    \n\n<li><a href='?page_no=56170'>Last &rsaquo;&rsaquo;<\/a><\/li>\n\n<\/ul>\n\n\n--><br \/>\n<\/body><\/p>\n","protected":false},"excerpt":{"rendered":"<p>Santo Domingo, R. D., 15 de agosto.- La C\u00e1mara de Cuentas de la Rep\u00fablica Dominicana (CCRD), en coordinaci\u00f3n con Primera ARS Humano, imparti\u00f3 a todos sus empleados una charla sobre c\u00f3mo prevenir el c\u00e1ncer de pr\u00f3stata que afecta a miles de hombres en el pa\u00eds. La especialista en medicina familiar y laboral, doctora Johanna Rosario, [&hellip;]<\/p>\n","protected":false},"author":3,"featured_media":0,"comment_status":"open","ping_status":"open","sticky":false,"template":"","format":"standard","meta":{"footnotes":""},"categories":[20],"tags":[],"class_list":["post-217748","post","type-post","status-publish","format-standard","hentry","category-dominicana-hoy"],"_links":{"self":[{"href":"https:\/\/diariodominicano.com\/index.php?rest_route=\/wp\/v2\/posts\/217748","targetHints":{"allow":["GET"]}}],"collection":[{"href":"https:\/\/diariodominicano.com\/index.php?rest_route=\/wp\/v2\/posts"}],"about":[{"href":"https:\/\/diariodominicano.com\/index.php?rest_route=\/wp\/v2\/types\/post"}],"author":[{"embeddable":true,"href":"https:\/\/diariodominicano.com\/index.php?rest_route=\/wp\/v2\/users\/3"}],"replies":[{"embeddable":true,"href":"https:\/\/diariodominicano.com\/index.php?rest_route=%2Fwp%2Fv2%2Fcomments&post=217748"}],"version-history":[{"count":0,"href":"https:\/\/diariodominicano.com\/index.php?rest_route=\/wp\/v2\/posts\/217748\/revisions"}],"wp:attachment":[{"href":"https:\/\/diariodominicano.com\/index.php?rest_route=%2Fwp%2Fv2%2Fmedia&parent=217748"}],"wp:term":[{"taxonomy":"category","embeddable":true,"href":"https:\/\/diariodominicano.com\/index.php?rest_route=%2Fwp%2Fv2%2Fcategories&post=217748"},{"taxonomy":"post_tag","embeddable":true,"href":"https:\/\/diariodominicano.com\/index.php?rest_route=%2Fwp%2Fv2%2Ftags&post=217748"}],"curies":[{"name":"wp","href":"https:\/\/api.w.org\/{rel}","templated":true}]}}