{"id":217746,"date":"2016-08-16T08:33:51","date_gmt":"2016-08-16T08:33:51","guid":{"rendered":"http:\/\/diariodominicano.ddns.net\/?p=217746"},"modified":"2016-08-16T08:33:51","modified_gmt":"2016-08-16T08:33:51","slug":"presidente-danilo-medina-recibe-al-rey-emerito-de-espana-juan-carlos-i","status":"publish","type":"post","link":"https:\/\/diariodominicano.com\/?p=217746","title":{"rendered":"Presidente Danilo Medina recibe al rey em\u00e9rito de Espa\u00f1a, Juan Carlos I"},"content":{"rendered":"<p><body><\/p>\n<p><img decoding=\"async\" src=\"img3\/medina-Rejuancarlos16.jpg\" \/>  <\/p>\n<p><span class=\"text1noticias\">Santo Domingo, R. D., 16 de agosto.- El presidente Danilo Medina recibi\u00f3 este lunes en su despacho del Palacio Nacional al rey em\u00e9rito de Espa\u00f1a, Juan Carlos I, quien se encuentra en el pa\u00eds para participar en los actos oficiales de juramentaci\u00f3n del segundo per\u00edodo constitucional del gobernante dominicano, este martes.<\/span><\/p>\n<p><span class=\"text1noticias\"> <\/span><\/p>\n<p><span class=\"text1noticias\">El encuentro se desarroll\u00f3 en un ambiente de cordialidad y amistad entre el estadista dominicano y el rey em\u00e9rito, donde pasaron revista a temas de inter\u00e9s regional y mundial.<\/span><\/p>\n<p><span class=\"text1noticias\"> <\/span><\/p>\n<p><span class=\"text1noticias\">Previo a la cena<\/span><\/p>\n<p><span class=\"text1noticias\"> <\/span><\/p>\n<p><span class=\"text1noticias\">La reuni\u00f3n se desarroll\u00f3 previo al coctel de honor ofrecido por el presidente Danilo Medina y su esposa, la Primera Dama de la Rep\u00fablica, C\u00e1ndida Montilla de Medina, a los jefes de Estado y de Gobierno, a vicepresidentes y delegaciones oficiales que participar\u00e1n en la juramentaci\u00f3n.<\/span><\/p>\n<p><span class=\"text1noticias\"> <\/span><\/p>\n<p><span class=\"text1noticias\">Goza de gran aprecio en el pa\u00eds<\/span><\/p>\n<p><span class=\"text1noticias\"> <\/span><\/p>\n<p><span class=\"text1noticias\">Su majestad goza de un gran aprecio, afecto y cari\u00f1o del pueblo dominicano, pues hist\u00f3ricamente ha demostrado ser un gran amigo y aliado de la Rep\u00fablica Dominicana.<\/span><\/p>\n<p><span class=\"text1noticias\"> <\/span><\/p>\n<p><span class=\"text1noticias\">Cuatro visitas oficiales a RD<\/span><\/p>\n<p><span class=\"text1noticias\"> <\/span><\/p>\n<p><span class=\"text1noticias\">El rey em\u00e9rito de Espa\u00f1a, Juan Carlos, desde su proclamaci\u00f3n en abril del 1975 hasta su abdicaci\u00f3n en junio del 2014, realiz\u00f3 a la Rep\u00fablica Dominicana cuatro visitas oficiales.<\/span><\/p>\n<p><span class=\"text1noticias\"> <\/span><\/p>\n<p><span class=\"text1noticias\">La primera fue el 31 de mayo el a\u00f1o 1976 siendo el presidente de entonces el doctor Joaqu\u00edn Balaguer.  Ese mismo a\u00f1o, pero en el mes de octubre el rey retorn\u00f3 al pa\u00eds y nuevamente se reuni\u00f3 con el expresidente Balaguer.<\/span><\/p>\n<p><span class=\"text1noticias\"> <\/span><\/p>\n<p><span class=\"text1noticias\">Su tercera visita oficial a esta naci\u00f3n caribe\u00f1a se produjo en noviembre del a\u00f1o 2000 y en la ocasi\u00f3n se reuni\u00f3n con el gobernante de turno, Hip\u00f3lito Mej\u00eda.  Su \u00faltima visita tuvo lugar el 15 de noviembre del 2002 donde particip\u00f3 en la Xll Cumbre Iberoamericana de Jefes de Estado y de Gobierno.<\/span><\/p>\n<p><span class=\"text1noticias\"> <\/span><\/p>\n<p><span class=\"text1noticias\">La comitiva espa\u00f1ola<\/span><\/p>\n<p><span class=\"text1noticias\"> <\/span><\/p>\n<p><span class=\"text1noticias\">El rey Juan Carlos estuvo acompa\u00f1ado por Jaime Lacadena Higuera, embajador de Espa\u00f1a en Rep\u00fablica Dominicana, Jes\u00fas Gracia Aldaz, secretario de Estado de Cooperaci\u00f3n Internacional para Iberoam\u00e9rica, Alfonso Sanz Portol\u00e9s, consejero diplom\u00e1tico de la Casa de su Majestad el Rey, y Pablo G\u00f3mez de Olea Bustinza, director general para Iberoam\u00e9rica.<\/span><\/p>\n<p><span class=\"text1noticias\"> <\/span><\/p>\n<p><span class=\"text1noticias\">Por el pa\u00eds acompa\u00f1aron al presidente Danilo Medina los ministros Administrativo de la Presidencia, Jos\u00e9 Ram\u00f3n Peralta y de Relaciones Exteriores, Andr\u00e9s Navarro.<\/span><\/p>\n<p><span class=\"text1noticias\"> <\/span><\/p>\n<p><span class=\"text1noticias\">La llegada<\/span><\/p>\n<p><span class=\"text1noticias\"> <\/span><\/p>\n<p><span class=\"text1noticias\">Juan Carlos I lleg\u00f3 al pa\u00eds en horas de la tarde de hoy, por el Aeropuerto Internacional de Las Am\u00e9ricas junto a la comitiva que le acompa\u00f1a, donde fue recibido por la viceministra de Relaciones Exteriores, Alejandra Liriano, y el embajador encargado de Asuntos de Medio Oriente del Ministerio de Relaciones Exteriores; Jos\u00e9 Juan Hern\u00e1ndez, entre otros funcionarios.<\/span><\/p>\n<p><span class=\"text1noticias\"> <\/span><\/p>\n<p><span class=\"text1noticias\">El presidente Danilo Medina ser\u00e1 juramentado por un nuevo periodo, ante la Asamblea Nacional, en el Congreso, acto solemne al que, adem\u00e1s del rey, asistir\u00e1n otros dignatarios y jefes de Estado, representantes de organismos internacionales e invita<\/span>dos especiales.<\/p>\n<h6> 2016-08-16 08:33:51 <\/h6>\n<p><!--\n<link rel=\"stylesheet\" href=\"css\/bootstrap.min.css\">\n\n\n<ul class=\"pagination\">\n\t    \n\t\n\n<li >\n\t<a href='?page_no=12236'>Previous<\/a>\n\t<\/li>\n\n\n       \n    \n\n<li><a href='?page_no=1'>1<\/a><\/li>\n\n\n\n<li><a href='?page_no=2'>2<\/a><\/li>\n\n\n\n<li><a>...<\/a><\/li>\n\n\n\n<li><a href='?page_no=12235'>12235<\/a><\/li>\n\n\n\n<li><a href='?page_no=12236'>12236<\/a><\/li>\n\n\n\n<li class='active'><a>12237<\/a><\/li>\n\n\n\n<li><a href='?page_no=12238'>12238<\/a><\/li>\n\n\n\n<li><a href='?page_no=12239'>12239<\/a><\/li>\n\n\n\n<li><a>...<\/a><\/li>\n\n\n\n<li><a href='?page_no=56169'>56169<\/a><\/li>\n\n\n\n<li><a href='?page_no=56170'>56170<\/a><\/li>\n\n    \n\t\n\n<li >\n\t<a href='?page_no=12238'>Next<\/a>\n\t<\/li>\n\n\n    \n\n<li><a href='?page_no=56170'>Last &rsaquo;&rsaquo;<\/a><\/li>\n\n<\/ul>\n\n\n--><br \/>\n<\/body><\/p>\n","protected":false},"excerpt":{"rendered":"<p>Santo Domingo, R. D., 16 de agosto.- El presidente Danilo Medina recibi\u00f3 este lunes en su despacho del Palacio Nacional al rey em\u00e9rito de Espa\u00f1a, Juan Carlos I, quien se encuentra en el pa\u00eds para participar en los actos oficiales de juramentaci\u00f3n del segundo per\u00edodo constitucional del gobernante dominicano, este martes. El encuentro se desarroll\u00f3 [&hellip;]<\/p>\n","protected":false},"author":3,"featured_media":0,"comment_status":"open","ping_status":"open","sticky":false,"template":"","format":"standard","meta":{"footnotes":""},"categories":[20],"tags":[],"class_list":["post-217746","post","type-post","status-publish","format-standard","hentry","category-dominicana-hoy"],"_links":{"self":[{"href":"https:\/\/diariodominicano.com\/index.php?rest_route=\/wp\/v2\/posts\/217746","targetHints":{"allow":["GET"]}}],"collection":[{"href":"https:\/\/diariodominicano.com\/index.php?rest_route=\/wp\/v2\/posts"}],"about":[{"href":"https:\/\/diariodominicano.com\/index.php?rest_route=\/wp\/v2\/types\/post"}],"author":[{"embeddable":true,"href":"https:\/\/diariodominicano.com\/index.php?rest_route=\/wp\/v2\/users\/3"}],"replies":[{"embeddable":true,"href":"https:\/\/diariodominicano.com\/index.php?rest_route=%2Fwp%2Fv2%2Fcomments&post=217746"}],"version-history":[{"count":0,"href":"https:\/\/diariodominicano.com\/index.php?rest_route=\/wp\/v2\/posts\/217746\/revisions"}],"wp:attachment":[{"href":"https:\/\/diariodominicano.com\/index.php?rest_route=%2Fwp%2Fv2%2Fmedia&parent=217746"}],"wp:term":[{"taxonomy":"category","embeddable":true,"href":"https:\/\/diariodominicano.com\/index.php?rest_route=%2Fwp%2Fv2%2Fcategories&post=217746"},{"taxonomy":"post_tag","embeddable":true,"href":"https:\/\/diariodominicano.com\/index.php?rest_route=%2Fwp%2Fv2%2Ftags&post=217746"}],"curies":[{"name":"wp","href":"https:\/\/api.w.org\/{rel}","templated":true}]}}