{"id":217745,"date":"2016-08-16T08:53:34","date_gmt":"2016-08-16T08:53:34","guid":{"rendered":"http:\/\/diariodominicano.ddns.net\/?p=217745"},"modified":"2016-08-16T08:53:34","modified_gmt":"2016-08-16T08:53:34","slug":"jimmy-morales-presidente-de-guatemala-asiste-a-juramentacion","status":"publish","type":"post","link":"https:\/\/diariodominicano.com\/?p=217745","title":{"rendered":"Jimmy Morales, presidente de Guatemala asiste a juramentaci\u00f3n&#13;"},"content":{"rendered":"<p><body><\/p>\n<p><img decoding=\"async\" src=\"img3\/Jimmymorales16.jpg\" \/>  <\/p>\n<p><span class=\"text1noticias\">Santo Domingo, R. D., 16 de agosto.- Jimmy Morales, de Guatemala, es otro de los presidentes que se integr\u00f3 al grupo de dignatarios que han llegado al pa\u00eds para asistir a la juramentaci\u00f3n oficial de Danilo Medina por un nuevo periodo presidencial.<\/span><\/p>\n<p><span class=\"text1noticias\"> <\/span><\/p>\n<p><span class=\"text1noticias\">Morales lleg\u00f3 al pa\u00eds, a las 10:40 de la noche de este lunes, en un vuelo comercial por el Aeropuerto Internacional Las Am\u00e9rica.<\/span><\/p>\n<p><span class=\"text1noticias\"> <\/span><\/p>\n<p><span class=\"text1noticias\">El gobernante guatemalteco fue recibido por los viceministros de Relaciones Exteriores, Ram\u00f3n Dionisio Ditr\u00e9n Flores; C\u00e9sar Dargam; Jos\u00e9 Juan Hern\u00e1ndez y de protocolo de Canciller\u00eda, C\u00e9sar Prieto, as\u00ed como el embajador de Guatemala en Rep\u00fablica Dominicana, Rudy Armando Coxaj L\u00f3pez.<\/span><\/p>\n<p><span class=\"text1noticias\"> <\/span><\/p>\n<p><span class=\"text1noticias\">El 25 de noviembre del a\u00f1o pasado, Morales, que para ese entonces era presidente electo, gir\u00f3 una visita de cortes\u00eda al gobernante dominicano, valorando la gesti\u00f3n de gobierno de Danilo Medina.<\/span><\/p>\n<p><span class=\"text1noticias\"> <\/span><\/p>\n<p><span class=\"text1noticias\">Un mes despu\u00e9s, el jefe de Estado de Rep\u00fablica Dominicana y Morales sostuvieron una reuni\u00f3n bilateral, en Guatemala, previo a la toma de posesi\u00f3n del guatemalteco.<\/span><\/p>\n<p><span class=\"text1noticias\"> <\/span><\/p>\n<p><span class=\"text1noticias\">Secretario adjunto OEA<\/span><\/p>\n<p><span class=\"text1noticias\"> <\/span><\/p>\n<p><span class=\"text1noticias\">En ese mismo vuelo tambi\u00e9n arrib\u00f3 el secretario adjunto de la Organizaci\u00f3n de Estados Americano (OEA), N\u00e9stor M<\/span>\u00e9ndez.<\/p>\n<h6> 2016-08-16 08:53:34 <\/h6>\n<p><!--\n<link rel=\"stylesheet\" href=\"css\/bootstrap.min.css\">\n\n\n<ul class=\"pagination\">\n\t    \n\t\n\n<li >\n\t<a href='?page_no=12235'>Previous<\/a>\n\t<\/li>\n\n\n       \n    \n\n<li><a href='?page_no=1'>1<\/a><\/li>\n\n\n\n<li><a href='?page_no=2'>2<\/a><\/li>\n\n\n\n<li><a>...<\/a><\/li>\n\n\n\n<li><a href='?page_no=12234'>12234<\/a><\/li>\n\n\n\n<li><a href='?page_no=12235'>12235<\/a><\/li>\n\n\n\n<li class='active'><a>12236<\/a><\/li>\n\n\n\n<li><a href='?page_no=12237'>12237<\/a><\/li>\n\n\n\n<li><a href='?page_no=12238'>12238<\/a><\/li>\n\n\n\n<li><a>...<\/a><\/li>\n\n\n\n<li><a href='?page_no=56169'>56169<\/a><\/li>\n\n\n\n<li><a href='?page_no=56170'>56170<\/a><\/li>\n\n    \n\t\n\n<li >\n\t<a href='?page_no=12237'>Next<\/a>\n\t<\/li>\n\n\n    \n\n<li><a href='?page_no=56170'>Last &rsaquo;&rsaquo;<\/a><\/li>\n\n<\/ul>\n\n\n--><br \/>\n<\/body><\/p>\n","protected":false},"excerpt":{"rendered":"<p>Santo Domingo, R. D., 16 de agosto.- Jimmy Morales, de Guatemala, es otro de los presidentes que se integr\u00f3 al grupo de dignatarios que han llegado al pa\u00eds para asistir a la juramentaci\u00f3n oficial de Danilo Medina por un nuevo periodo presidencial. Morales lleg\u00f3 al pa\u00eds, a las 10:40 de la noche de este lunes, [&hellip;]<\/p>\n","protected":false},"author":3,"featured_media":0,"comment_status":"open","ping_status":"open","sticky":false,"template":"","format":"standard","meta":{"footnotes":""},"categories":[20],"tags":[],"class_list":["post-217745","post","type-post","status-publish","format-standard","hentry","category-dominicana-hoy"],"_links":{"self":[{"href":"https:\/\/diariodominicano.com\/index.php?rest_route=\/wp\/v2\/posts\/217745","targetHints":{"allow":["GET"]}}],"collection":[{"href":"https:\/\/diariodominicano.com\/index.php?rest_route=\/wp\/v2\/posts"}],"about":[{"href":"https:\/\/diariodominicano.com\/index.php?rest_route=\/wp\/v2\/types\/post"}],"author":[{"embeddable":true,"href":"https:\/\/diariodominicano.com\/index.php?rest_route=\/wp\/v2\/users\/3"}],"replies":[{"embeddable":true,"href":"https:\/\/diariodominicano.com\/index.php?rest_route=%2Fwp%2Fv2%2Fcomments&post=217745"}],"version-history":[{"count":0,"href":"https:\/\/diariodominicano.com\/index.php?rest_route=\/wp\/v2\/posts\/217745\/revisions"}],"wp:attachment":[{"href":"https:\/\/diariodominicano.com\/index.php?rest_route=%2Fwp%2Fv2%2Fmedia&parent=217745"}],"wp:term":[{"taxonomy":"category","embeddable":true,"href":"https:\/\/diariodominicano.com\/index.php?rest_route=%2Fwp%2Fv2%2Fcategories&post=217745"},{"taxonomy":"post_tag","embeddable":true,"href":"https:\/\/diariodominicano.com\/index.php?rest_route=%2Fwp%2Fv2%2Ftags&post=217745"}],"curies":[{"name":"wp","href":"https:\/\/api.w.org\/{rel}","templated":true}]}}