{"id":217744,"date":"2016-08-16T09:16:15","date_gmt":"2016-08-16T09:16:15","guid":{"rendered":"http:\/\/diariodominicano.ddns.net\/?p=217744"},"modified":"2016-08-16T09:16:15","modified_gmt":"2016-08-16T09:16:15","slug":"vicepresidenta-ana-elena-chacon-echeverria-asiste-a-actos","status":"publish","type":"post","link":"https:\/\/diariodominicano.com\/?p=217744","title":{"rendered":"Vicepresidenta Ana Elena Chac\u00f3n Echeverr\u00eda asiste a actos"},"content":{"rendered":"<p><body><\/p>\n<p><img decoding=\"async\" src=\"img3\/Vicecostarica16-8.jpg\" \/>  <\/p>\n<p><span class=\"text1noticias\">Santo Domingo, R. D., 16 de agosto.- La Vicepresidenta de Costa Rica Ana Elena Chac\u00f3n de Echeverr\u00eda lleg\u00f3 a suelo dominicano, pues participar\u00e1 en la ceremonia protocolar de la juramentaci\u00f3n de Danilo Medina, que este martes comienza una nueva gesti\u00f3n gubernamental.<\/span><\/p>\n<p><span class=\"text1noticias\"> <\/span><\/p>\n<p><span class=\"text1noticias\">Junto a la vicepresidenta costarricense arribaron a las 7:14 de la noche, por el Aeropuerto Internacional de Las Am\u00e9ricas, su asistente Ersilia Z\u00fa\u00f1iga Centero y el vicecanciller, Alejandro Solano Ortiz.<\/span><\/p>\n<p><span class=\"text1noticias\"> <\/span><\/p>\n<p><span class=\"text1noticias\">Por el Ministerio de Relaciones Exteriores fue recibida por C\u00e9sar Dargam, viceministro de Asuntos Econ\u00f3micos y Negocios y Estela Sena, encargada de Asuntos Pol\u00edticos de Canciller\u00eda; viceministro de  Asuntos de Medio Oriente, Jos\u00e9 Juan Hern\u00e1ndez  y Ram\u00f3n Dionisio Ditr\u00e9n Flores, encargado de la divisi\u00f3n de Centroam\u00e9rica de Relaciones Exteriores.<\/span><\/p>\n<p><span class=\"text1noticias\"> <\/span><\/p>\n<p><span class=\"text1noticias\">De la Embajada de Costa Rica le dieron la bienvenida a Chac\u00f3n de Echevarr\u00eda, el encargado de Negocios, Luis Diego Garro y la capitana de nav\u00edo Quisqueya de la Ro<\/span>sa.<\/p>\n<h6> 2016-08-16 09:16:15 <\/h6>\n<p><!--\n<link rel=\"stylesheet\" href=\"css\/bootstrap.min.css\">\n\n\n<ul class=\"pagination\">\n\t    \n\t\n\n<li >\n\t<a href='?page_no=12234'>Previous<\/a>\n\t<\/li>\n\n\n       \n    \n\n<li><a href='?page_no=1'>1<\/a><\/li>\n\n\n\n<li><a href='?page_no=2'>2<\/a><\/li>\n\n\n\n<li><a>...<\/a><\/li>\n\n\n\n<li><a href='?page_no=12233'>12233<\/a><\/li>\n\n\n\n<li><a href='?page_no=12234'>12234<\/a><\/li>\n\n\n\n<li class='active'><a>12235<\/a><\/li>\n\n\n\n<li><a href='?page_no=12236'>12236<\/a><\/li>\n\n\n\n<li><a href='?page_no=12237'>12237<\/a><\/li>\n\n\n\n<li><a>...<\/a><\/li>\n\n\n\n<li><a href='?page_no=56169'>56169<\/a><\/li>\n\n\n\n<li><a href='?page_no=56170'>56170<\/a><\/li>\n\n    \n\t\n\n<li >\n\t<a href='?page_no=12236'>Next<\/a>\n\t<\/li>\n\n\n    \n\n<li><a href='?page_no=56170'>Last &rsaquo;&rsaquo;<\/a><\/li>\n\n<\/ul>\n\n\n--><br \/>\n<\/body><\/p>\n","protected":false},"excerpt":{"rendered":"<p>Santo Domingo, R. D., 16 de agosto.- La Vicepresidenta de Costa Rica Ana Elena Chac\u00f3n de Echeverr\u00eda lleg\u00f3 a suelo dominicano, pues participar\u00e1 en la ceremonia protocolar de la juramentaci\u00f3n de Danilo Medina, que este martes comienza una nueva gesti\u00f3n gubernamental. Junto a la vicepresidenta costarricense arribaron a las 7:14 de la noche, por el [&hellip;]<\/p>\n","protected":false},"author":3,"featured_media":0,"comment_status":"open","ping_status":"open","sticky":false,"template":"","format":"standard","meta":{"footnotes":""},"categories":[20],"tags":[],"class_list":["post-217744","post","type-post","status-publish","format-standard","hentry","category-dominicana-hoy"],"_links":{"self":[{"href":"https:\/\/diariodominicano.com\/index.php?rest_route=\/wp\/v2\/posts\/217744","targetHints":{"allow":["GET"]}}],"collection":[{"href":"https:\/\/diariodominicano.com\/index.php?rest_route=\/wp\/v2\/posts"}],"about":[{"href":"https:\/\/diariodominicano.com\/index.php?rest_route=\/wp\/v2\/types\/post"}],"author":[{"embeddable":true,"href":"https:\/\/diariodominicano.com\/index.php?rest_route=\/wp\/v2\/users\/3"}],"replies":[{"embeddable":true,"href":"https:\/\/diariodominicano.com\/index.php?rest_route=%2Fwp%2Fv2%2Fcomments&post=217744"}],"version-history":[{"count":0,"href":"https:\/\/diariodominicano.com\/index.php?rest_route=\/wp\/v2\/posts\/217744\/revisions"}],"wp:attachment":[{"href":"https:\/\/diariodominicano.com\/index.php?rest_route=%2Fwp%2Fv2%2Fmedia&parent=217744"}],"wp:term":[{"taxonomy":"category","embeddable":true,"href":"https:\/\/diariodominicano.com\/index.php?rest_route=%2Fwp%2Fv2%2Fcategories&post=217744"},{"taxonomy":"post_tag","embeddable":true,"href":"https:\/\/diariodominicano.com\/index.php?rest_route=%2Fwp%2Fv2%2Ftags&post=217744"}],"curies":[{"name":"wp","href":"https:\/\/api.w.org\/{rel}","templated":true}]}}