{"id":217743,"date":"2016-08-16T10:31:19","date_gmt":"2016-08-16T10:31:19","guid":{"rendered":"http:\/\/diariodominicano.ddns.net\/?p=217743"},"modified":"2016-08-16T10:31:19","modified_gmt":"2016-08-16T10:31:19","slug":"evo-morales-en-republica-dominicana-asiste-a-actos","status":"publish","type":"post","link":"https:\/\/diariodominicano.com\/?p=217743","title":{"rendered":"Evo Morales en Rep\u00fablica Dominicana; asiste a actos"},"content":{"rendered":"<p><body><\/p>\n<p><img decoding=\"async\" src=\"img3\/Evo16-8.jpg\" \/>  <\/p>\n<p><span class=\"text1noticias\">Santo Domingo, R. D., 16 de agosto.- El presidente del Estado Plurinacional de Bolivia, Evo Morales, se encuentra ya en Rep\u00fablica Dominicana para participar en las actividades de la juramentaci\u00f3n del segundo periodo presidencial de Danilo Medina.<\/span><\/p>\n<p><span class=\"text1noticias\"> <\/span><\/p>\n<p><span class=\"text1noticias\">Al arribar a las 8:00 de la ma\u00f1ana, por el Aeropuerto Internacional de Las Am\u00e9ricas, el jefe de Estado boliviano fue recibido por el viceministro de Relaciones Exteriores, C\u00e9sar Dargam.<\/span><\/p>\n<p><span class=\"text1noticias\"> <\/span><\/p>\n<p><span class=\"text1noticias\">Lo acompa\u00f1an el ministro de Relaciones Exteriores, David Choquehuanca C\u00e9spedes y Jos\u00e9 Iv\u00e1n Maldonado Corte<\/span>z.<\/p>\n<h6> 2016-08-16 10:31:19 <\/h6>\n<p><!--\n<link rel=\"stylesheet\" href=\"css\/bootstrap.min.css\">\n\n\n<ul class=\"pagination\">\n\t    \n\t\n\n<li >\n\t<a href='?page_no=12233'>Previous<\/a>\n\t<\/li>\n\n\n       \n    \n\n<li><a href='?page_no=1'>1<\/a><\/li>\n\n\n\n<li><a href='?page_no=2'>2<\/a><\/li>\n\n\n\n<li><a>...<\/a><\/li>\n\n\n\n<li><a href='?page_no=12232'>12232<\/a><\/li>\n\n\n\n<li><a href='?page_no=12233'>12233<\/a><\/li>\n\n\n\n<li class='active'><a>12234<\/a><\/li>\n\n\n\n<li><a href='?page_no=12235'>12235<\/a><\/li>\n\n\n\n<li><a href='?page_no=12236'>12236<\/a><\/li>\n\n\n\n<li><a>...<\/a><\/li>\n\n\n\n<li><a href='?page_no=56169'>56169<\/a><\/li>\n\n\n\n<li><a href='?page_no=56170'>56170<\/a><\/li>\n\n    \n\t\n\n<li >\n\t<a href='?page_no=12235'>Next<\/a>\n\t<\/li>\n\n\n    \n\n<li><a href='?page_no=56170'>Last &rsaquo;&rsaquo;<\/a><\/li>\n\n<\/ul>\n\n\n--><br \/>\n<\/body><\/p>\n","protected":false},"excerpt":{"rendered":"<p>Santo Domingo, R. D., 16 de agosto.- El presidente del Estado Plurinacional de Bolivia, Evo Morales, se encuentra ya en Rep\u00fablica Dominicana para participar en las actividades de la juramentaci\u00f3n del segundo periodo presidencial de Danilo Medina. Al arribar a las 8:00 de la ma\u00f1ana, por el Aeropuerto Internacional de Las Am\u00e9ricas, el jefe de [&hellip;]<\/p>\n","protected":false},"author":3,"featured_media":0,"comment_status":"open","ping_status":"open","sticky":false,"template":"","format":"standard","meta":{"footnotes":""},"categories":[20],"tags":[],"class_list":["post-217743","post","type-post","status-publish","format-standard","hentry","category-dominicana-hoy"],"_links":{"self":[{"href":"https:\/\/diariodominicano.com\/index.php?rest_route=\/wp\/v2\/posts\/217743","targetHints":{"allow":["GET"]}}],"collection":[{"href":"https:\/\/diariodominicano.com\/index.php?rest_route=\/wp\/v2\/posts"}],"about":[{"href":"https:\/\/diariodominicano.com\/index.php?rest_route=\/wp\/v2\/types\/post"}],"author":[{"embeddable":true,"href":"https:\/\/diariodominicano.com\/index.php?rest_route=\/wp\/v2\/users\/3"}],"replies":[{"embeddable":true,"href":"https:\/\/diariodominicano.com\/index.php?rest_route=%2Fwp%2Fv2%2Fcomments&post=217743"}],"version-history":[{"count":0,"href":"https:\/\/diariodominicano.com\/index.php?rest_route=\/wp\/v2\/posts\/217743\/revisions"}],"wp:attachment":[{"href":"https:\/\/diariodominicano.com\/index.php?rest_route=%2Fwp%2Fv2%2Fmedia&parent=217743"}],"wp:term":[{"taxonomy":"category","embeddable":true,"href":"https:\/\/diariodominicano.com\/index.php?rest_route=%2Fwp%2Fv2%2Fcategories&post=217743"},{"taxonomy":"post_tag","embeddable":true,"href":"https:\/\/diariodominicano.com\/index.php?rest_route=%2Fwp%2Fv2%2Ftags&post=217743"}],"curies":[{"name":"wp","href":"https:\/\/api.w.org\/{rel}","templated":true}]}}