{"id":217742,"date":"2016-08-16T10:39:35","date_gmt":"2016-08-16T10:39:35","guid":{"rendered":"http:\/\/diariodominicano.ddns.net\/?p=217742"},"modified":"2016-08-16T10:39:35","modified_gmt":"2016-08-16T10:39:35","slug":"nicolas-maduro-esta-en-rd-participa-en-actos","status":"publish","type":"post","link":"https:\/\/diariodominicano.com\/?p=217742","title":{"rendered":"Nicol\u00e1s Maduro est\u00e1 en RD participa en actos"},"content":{"rendered":"<p><body><\/p>\n<p><img decoding=\"async\" src=\"img3\/MaduroenRD16-8.jpg\" \/>  <\/p>\n<p><span class=\"text1noticias\">Santo Domingo, R. D., 16 de agosto.- El presidente de la Rep\u00fablica Bolivariana de Venezuela, Nicol\u00e1s Maduro lleg\u00f3 al pa\u00eds, a las 8:45 de la ma\u00f1ana, para asistir a la solemne  ceremonia en la que ser\u00e1 juramentado  su hom\u00f3logo Danilo Medina.<\/span><\/p>\n<p><span class=\"text1noticias\"> <\/span><\/p>\n<p><span class=\"text1noticias\">Maduro arrib\u00f3 en un avi\u00f3n privado,  por el Aeropuerto Internacional Las Am\u00e9rica y fue recibido por el ministro para Pol\u00edticas de Integraci\u00f3n Nacional, Miguel Mej\u00eda y el viceministro de Relaciones Exteriores, C\u00e9sar Dargam.<\/span><\/p>\n<p><span class=\"text1noticias\"> <\/span><\/p>\n<p><span class=\"text1noticias\">El jefe de Estado venezolano lleg\u00f3 acompa\u00f1ado por el canciller Delcy Rodr\u00edguez; el viceministro Alexander Yanez; el comisionado Presidencial, Ra\u00fal Licausi y el director general del Despacho, Rolando Corao.<\/span><\/p>\n<p><span class=\"text1noticias\"> <\/span><\/p>\n<p><span class=\"text1noticias\">Solidaridad y acuerdo Petrocaribe<\/span><\/p>\n<p><span class=\"text1noticias\"> <\/span><\/p>\n<p><span class=\"text1noticias\">Al iniciar su primer periodo gubernamental, Danilo Medina agradeci\u00f3 la solidaridad del gobierno y el pueblo venezolano  en la persona de su presidente, Nicol\u00e1s Maduro y salud\u00f3 la continuaci\u00f3n del Acuerdo de Cooperaci\u00f3n Energ\u00e9tica Petrocaribe.<\/span><\/p>\n<p><span class=\"text1noticias\"> <\/span><\/p>\n<p><span class=\"text1noticias\">En virtud de ese acuerdo, los dominicanos  reciben 50 mil barriles de crudo diario, financiados a largo plazo, con un per\u00edodo de pago de hasta 23 a\u00f1os, dos a\u00f1os de gracia y un inter\u00e9s reducido de 1%.<\/span><\/p>\n<p><span class=\"text1noticias\"> <\/span><\/p>\n<p><span class=\"text1noticias\">Tambi\u00e9n, dej\u00f3 abierta la posibilidad de pagar la deuda con productos alimenticios como habichuelas y az\u00facar l\u00edquida, entre otros bienes de origen agropecuario.<\/span><\/p>\n<p><span class=\"text1noticias\"> <\/span><\/p>\n<p><span class=\"text1noticias\">Se recuerda que el Gobierno dominicano pag\u00f3 el 98.5% de la deuda que ten\u00eda con Petr\u00f3leos de Venezuela, Sociedad An\u00f3nima (PDVSA), por el acuerdo de Petrocaribe, con los recursos de los bonos soberanos que emiti\u00f3 recientemente de 2,500 millones de d\u00f3lares. <\/span><\/p>\n<p><span class=\"text1noticias\"> <\/span><\/p>\n<p><span class=\"text1noticias\">Con esa transacci\u00f3n Rep\u00fablica Dominicana se ahorr\u00f3 un descuento de 52% del total de lo adeudado en el per\u00edodo 2005-2014 por dicho acuerdo, que facilita financiamiento al pa\u00eds en la compra de petr\u00f3leo a Venezuela de un 1% a 25 a\u00f1os.<\/span><\/p>\n<p><span class=\"text1noticias\"> <\/span><\/p>\n<p><span class=\"text1noticias\">El Gobierno dominicano pag\u00f3 1,933.2 millones de d\u00f3lares, de un total de 4,027 millones que deb\u00eda a la naci\u00f3n sudamericana, por lo que se ahorr\u00f3 el 52% y pag\u00f3 solo el 48% por saldar el compromiso por ad<\/span>elantado.<\/p>\n<h6> 2016-08-16 10:39:35 <\/h6>\n<p><!--\n<link rel=\"stylesheet\" href=\"css\/bootstrap.min.css\">\n\n\n<ul class=\"pagination\">\n\t    \n\t\n\n<li >\n\t<a href='?page_no=12232'>Previous<\/a>\n\t<\/li>\n\n\n       \n    \n\n<li><a href='?page_no=1'>1<\/a><\/li>\n\n\n\n<li><a href='?page_no=2'>2<\/a><\/li>\n\n\n\n<li><a>...<\/a><\/li>\n\n\n\n<li><a href='?page_no=12231'>12231<\/a><\/li>\n\n\n\n<li><a href='?page_no=12232'>12232<\/a><\/li>\n\n\n\n<li class='active'><a>12233<\/a><\/li>\n\n\n\n<li><a href='?page_no=12234'>12234<\/a><\/li>\n\n\n\n<li><a href='?page_no=12235'>12235<\/a><\/li>\n\n\n\n<li><a>...<\/a><\/li>\n\n\n\n<li><a href='?page_no=56169'>56169<\/a><\/li>\n\n\n\n<li><a href='?page_no=56170'>56170<\/a><\/li>\n\n    \n\t\n\n<li >\n\t<a href='?page_no=12234'>Next<\/a>\n\t<\/li>\n\n\n    \n\n<li><a href='?page_no=56170'>Last &rsaquo;&rsaquo;<\/a><\/li>\n\n<\/ul>\n\n\n--><br \/>\n<\/body><\/p>\n","protected":false},"excerpt":{"rendered":"<p>Santo Domingo, R. D., 16 de agosto.- El presidente de la Rep\u00fablica Bolivariana de Venezuela, Nicol\u00e1s Maduro lleg\u00f3 al pa\u00eds, a las 8:45 de la ma\u00f1ana, para asistir a la solemne ceremonia en la que ser\u00e1 juramentado su hom\u00f3logo Danilo Medina. Maduro arrib\u00f3 en un avi\u00f3n privado, por el Aeropuerto Internacional Las Am\u00e9rica y fue [&hellip;]<\/p>\n","protected":false},"author":3,"featured_media":0,"comment_status":"open","ping_status":"open","sticky":false,"template":"","format":"standard","meta":{"footnotes":""},"categories":[20],"tags":[],"class_list":["post-217742","post","type-post","status-publish","format-standard","hentry","category-dominicana-hoy"],"_links":{"self":[{"href":"https:\/\/diariodominicano.com\/index.php?rest_route=\/wp\/v2\/posts\/217742","targetHints":{"allow":["GET"]}}],"collection":[{"href":"https:\/\/diariodominicano.com\/index.php?rest_route=\/wp\/v2\/posts"}],"about":[{"href":"https:\/\/diariodominicano.com\/index.php?rest_route=\/wp\/v2\/types\/post"}],"author":[{"embeddable":true,"href":"https:\/\/diariodominicano.com\/index.php?rest_route=\/wp\/v2\/users\/3"}],"replies":[{"embeddable":true,"href":"https:\/\/diariodominicano.com\/index.php?rest_route=%2Fwp%2Fv2%2Fcomments&post=217742"}],"version-history":[{"count":0,"href":"https:\/\/diariodominicano.com\/index.php?rest_route=\/wp\/v2\/posts\/217742\/revisions"}],"wp:attachment":[{"href":"https:\/\/diariodominicano.com\/index.php?rest_route=%2Fwp%2Fv2%2Fmedia&parent=217742"}],"wp:term":[{"taxonomy":"category","embeddable":true,"href":"https:\/\/diariodominicano.com\/index.php?rest_route=%2Fwp%2Fv2%2Fcategories&post=217742"},{"taxonomy":"post_tag","embeddable":true,"href":"https:\/\/diariodominicano.com\/index.php?rest_route=%2Fwp%2Fv2%2Ftags&post=217742"}],"curies":[{"name":"wp","href":"https:\/\/api.w.org\/{rel}","templated":true}]}}