{"id":217741,"date":"2016-08-16T11:18:40","date_gmt":"2016-08-16T11:18:40","guid":{"rendered":"http:\/\/diariodominicano.ddns.net\/?p=217741"},"modified":"2016-08-16T11:18:40","modified_gmt":"2016-08-16T11:18:40","slug":"presidente-rafael-correa-llega-acompana-a-danilo-medina","status":"publish","type":"post","link":"https:\/\/diariodominicano.com\/?p=217741","title":{"rendered":"Presidente Rafael Correa llega; acompa\u00f1a a Danilo Medina"},"content":{"rendered":"<p><body><\/p>\n<p><img decoding=\"async\" src=\"img3\/CorreaenRD16-8.jpg\" \/>  <\/p>\n<p><span class=\"text1noticias\">Santo Domingo, R. D., 16 de agosto.- El presidente de Ecuador, Rafael Correa, lleg\u00f3 hoy al pa\u00eds, para acompa\u00f1ar a su hom\u00f3logo dominicano, Danilo Medina, quien este martes ser\u00e1 juramentado para un nuevo periodo presidencial.<\/span><\/p>\n<p><span class=\"text1noticias\"> <\/span><\/p>\n<p><span class=\"text1noticias\">Correa arrib\u00f3 a las 12:37 de la noche por el Aeropuerto Internacional de Las Am\u00e9ricas junto al ministro de Relaciones Exteriores, Guillaume Long y fue recibido por el embajador de Ecuador en Rep\u00fablica Dominicana, Rodrigo Riofr\u00edo.<\/span><\/p>\n<p><span class=\"text1noticias\"> <\/span><\/p>\n<p><span class=\"text1noticias\">Por el Ministerio de Relaciones Exteriores lo recibieron Alejandra Liriano, viceministra de Pol\u00edticas Exterior; Jos\u00e9 Juan Hern\u00e1ndez, encargado de Asuntos de Medio Oriente; Ram\u00f3n Dionisio Ditr\u00e9n Flores, encargado de la divisi\u00f3n de Centroam\u00e9rica y el embajador ecuatoriano en el pa\u00eds, Rodrigo Riofr\u00edo.<\/span><\/p>\n<p><span class=\"text1noticias\"> <\/span><\/p>\n<p><span class=\"text1noticias\">Adem\u00e1s, le dieron la bienvenida a Rafael Correa, Giovalli Darquea, c\u00f3nsul;  Vicente Medina, tercer secretario de Ecuador y Francisco Aguirre, subsecretario de la embajada ecuatoria<\/span>na.<\/p>\n<h6> 2016-08-16 11:18:40 <\/h6>\n<p><!--\n<link rel=\"stylesheet\" href=\"css\/bootstrap.min.css\">\n\n\n<ul class=\"pagination\">\n\t    \n\t\n\n<li >\n\t<a href='?page_no=12231'>Previous<\/a>\n\t<\/li>\n\n\n       \n    \n\n<li><a href='?page_no=1'>1<\/a><\/li>\n\n\n\n<li><a href='?page_no=2'>2<\/a><\/li>\n\n\n\n<li><a>...<\/a><\/li>\n\n\n\n<li><a href='?page_no=12230'>12230<\/a><\/li>\n\n\n\n<li><a href='?page_no=12231'>12231<\/a><\/li>\n\n\n\n<li class='active'><a>12232<\/a><\/li>\n\n\n\n<li><a href='?page_no=12233'>12233<\/a><\/li>\n\n\n\n<li><a href='?page_no=12234'>12234<\/a><\/li>\n\n\n\n<li><a>...<\/a><\/li>\n\n\n\n<li><a href='?page_no=56169'>56169<\/a><\/li>\n\n\n\n<li><a href='?page_no=56170'>56170<\/a><\/li>\n\n    \n\t\n\n<li >\n\t<a href='?page_no=12233'>Next<\/a>\n\t<\/li>\n\n\n    \n\n<li><a href='?page_no=56170'>Last &rsaquo;&rsaquo;<\/a><\/li>\n\n<\/ul>\n\n\n--><br \/>\n<\/body><\/p>\n","protected":false},"excerpt":{"rendered":"<p>Santo Domingo, R. D., 16 de agosto.- El presidente de Ecuador, Rafael Correa, lleg\u00f3 hoy al pa\u00eds, para acompa\u00f1ar a su hom\u00f3logo dominicano, Danilo Medina, quien este martes ser\u00e1 juramentado para un nuevo periodo presidencial. Correa arrib\u00f3 a las 12:37 de la noche por el Aeropuerto Internacional de Las Am\u00e9ricas junto al ministro de Relaciones [&hellip;]<\/p>\n","protected":false},"author":3,"featured_media":0,"comment_status":"open","ping_status":"open","sticky":false,"template":"","format":"standard","meta":{"footnotes":""},"categories":[20],"tags":[],"class_list":["post-217741","post","type-post","status-publish","format-standard","hentry","category-dominicana-hoy"],"_links":{"self":[{"href":"https:\/\/diariodominicano.com\/index.php?rest_route=\/wp\/v2\/posts\/217741","targetHints":{"allow":["GET"]}}],"collection":[{"href":"https:\/\/diariodominicano.com\/index.php?rest_route=\/wp\/v2\/posts"}],"about":[{"href":"https:\/\/diariodominicano.com\/index.php?rest_route=\/wp\/v2\/types\/post"}],"author":[{"embeddable":true,"href":"https:\/\/diariodominicano.com\/index.php?rest_route=\/wp\/v2\/users\/3"}],"replies":[{"embeddable":true,"href":"https:\/\/diariodominicano.com\/index.php?rest_route=%2Fwp%2Fv2%2Fcomments&post=217741"}],"version-history":[{"count":0,"href":"https:\/\/diariodominicano.com\/index.php?rest_route=\/wp\/v2\/posts\/217741\/revisions"}],"wp:attachment":[{"href":"https:\/\/diariodominicano.com\/index.php?rest_route=%2Fwp%2Fv2%2Fmedia&parent=217741"}],"wp:term":[{"taxonomy":"category","embeddable":true,"href":"https:\/\/diariodominicano.com\/index.php?rest_route=%2Fwp%2Fv2%2Fcategories&post=217741"},{"taxonomy":"post_tag","embeddable":true,"href":"https:\/\/diariodominicano.com\/index.php?rest_route=%2Fwp%2Fv2%2Ftags&post=217741"}],"curies":[{"name":"wp","href":"https:\/\/api.w.org\/{rel}","templated":true}]}}