{"id":217740,"date":"2016-08-16T11:25:12","date_gmt":"2016-08-16T11:25:12","guid":{"rendered":"http:\/\/diariodominicano.ddns.net\/?p=217740"},"modified":"2016-08-16T11:25:12","modified_gmt":"2016-08-16T11:25:12","slug":"primer-ministro-jamaica-se-suma-a-dignatarios-asisten-juramentacion","status":"publish","type":"post","link":"https:\/\/diariodominicano.com\/?p=217740","title":{"rendered":"Primer ministro Jamaica se suma a dignatarios asisten juramentaci\u00f3n"},"content":{"rendered":"<p><body><\/p>\n<p><img decoding=\"async\" src=\"img3\/Jamaica16-8.jpg\" \/>  <\/p>\n<p><span class=\"text1noticias\">Santo Domingo, R. D., 16 de agosto.- El primer ministro de Jamaica, Andrew Holness de encuentra ya en Rep\u00fablica Dominicana para estar presente en la juramentaci\u00f3n oficial del presidente Danilo Medina, reelegido con el 62% y que hoy empieza un nuevo periodo de gobierno.<\/span><\/p>\n<p><span class=\"text1noticias\"> <\/span><\/p>\n<p><span class=\"text1noticias\"> Holness arrib\u00f3 al pa\u00eds  a las 8:20 de la ma\u00f1ana de hoy, en un vuelo privado por el Aeropuerto Internacional Las Am\u00e9rica y fue recibido por el viceministro de Relaciones Exteriores, C\u00e9sar Dargam.<\/span><\/p>\n<p><span class=\"text1noticias\"> <\/span><\/p>\n<p><span class=\"text1noticias\">Hoy, a partir de las 10:00 de la ma\u00f1ana, Danilo Medina ser\u00e1 juramentado en la Asamblea Nacional, donde se espera la asistencia de jefes de Estado y de Gobierno, as\u00ed como representantes de organismos internacionales e invitados.<\/span><\/p>\n<p><span class=\"text1noticias\"> <\/span><\/p>\n<p><span class=\"text1noticias\">Esta noche el gobernante dominicano y la Primera Dama de la Rep\u00fablica, C\u00e1ndida Montilla de Medina ofrecen un coctel en honor a los dignatarios que han venido a la toma de posesi<\/span>\u00f3n.<\/p>\n<h6> 2016-08-16 11:25:12 <\/h6>\n<p><!--\n<link rel=\"stylesheet\" href=\"css\/bootstrap.min.css\">\n\n\n<ul class=\"pagination\">\n\t    \n\t\n\n<li >\n\t<a href='?page_no=12230'>Previous<\/a>\n\t<\/li>\n\n\n       \n    \n\n<li><a href='?page_no=1'>1<\/a><\/li>\n\n\n\n<li><a href='?page_no=2'>2<\/a><\/li>\n\n\n\n<li><a>...<\/a><\/li>\n\n\n\n<li><a href='?page_no=12229'>12229<\/a><\/li>\n\n\n\n<li><a href='?page_no=12230'>12230<\/a><\/li>\n\n\n\n<li class='active'><a>12231<\/a><\/li>\n\n\n\n<li><a href='?page_no=12232'>12232<\/a><\/li>\n\n\n\n<li><a href='?page_no=12233'>12233<\/a><\/li>\n\n\n\n<li><a>...<\/a><\/li>\n\n\n\n<li><a href='?page_no=56169'>56169<\/a><\/li>\n\n\n\n<li><a href='?page_no=56170'>56170<\/a><\/li>\n\n    \n\t\n\n<li >\n\t<a href='?page_no=12232'>Next<\/a>\n\t<\/li>\n\n\n    \n\n<li><a href='?page_no=56170'>Last &rsaquo;&rsaquo;<\/a><\/li>\n\n<\/ul>\n\n\n--><br \/>\n<\/body><\/p>\n","protected":false},"excerpt":{"rendered":"<p>Santo Domingo, R. D., 16 de agosto.- El primer ministro de Jamaica, Andrew Holness de encuentra ya en Rep\u00fablica Dominicana para estar presente en la juramentaci\u00f3n oficial del presidente Danilo Medina, reelegido con el 62% y que hoy empieza un nuevo periodo de gobierno. Holness arrib\u00f3 al pa\u00eds a las 8:20 de la ma\u00f1ana de [&hellip;]<\/p>\n","protected":false},"author":3,"featured_media":0,"comment_status":"open","ping_status":"open","sticky":false,"template":"","format":"standard","meta":{"footnotes":""},"categories":[20],"tags":[],"class_list":["post-217740","post","type-post","status-publish","format-standard","hentry","category-dominicana-hoy"],"_links":{"self":[{"href":"https:\/\/diariodominicano.com\/index.php?rest_route=\/wp\/v2\/posts\/217740","targetHints":{"allow":["GET"]}}],"collection":[{"href":"https:\/\/diariodominicano.com\/index.php?rest_route=\/wp\/v2\/posts"}],"about":[{"href":"https:\/\/diariodominicano.com\/index.php?rest_route=\/wp\/v2\/types\/post"}],"author":[{"embeddable":true,"href":"https:\/\/diariodominicano.com\/index.php?rest_route=\/wp\/v2\/users\/3"}],"replies":[{"embeddable":true,"href":"https:\/\/diariodominicano.com\/index.php?rest_route=%2Fwp%2Fv2%2Fcomments&post=217740"}],"version-history":[{"count":0,"href":"https:\/\/diariodominicano.com\/index.php?rest_route=\/wp\/v2\/posts\/217740\/revisions"}],"wp:attachment":[{"href":"https:\/\/diariodominicano.com\/index.php?rest_route=%2Fwp%2Fv2%2Fmedia&parent=217740"}],"wp:term":[{"taxonomy":"category","embeddable":true,"href":"https:\/\/diariodominicano.com\/index.php?rest_route=%2Fwp%2Fv2%2Fcategories&post=217740"},{"taxonomy":"post_tag","embeddable":true,"href":"https:\/\/diariodominicano.com\/index.php?rest_route=%2Fwp%2Fv2%2Ftags&post=217740"}],"curies":[{"name":"wp","href":"https:\/\/api.w.org\/{rel}","templated":true}]}}