{"id":217736,"date":"2016-08-16T13:58:47","date_gmt":"2016-08-16T13:58:47","guid":{"rendered":"http:\/\/diariodominicano.ddns.net\/?p=217736"},"modified":"2016-08-16T13:58:47","modified_gmt":"2016-08-16T13:58:47","slug":"discurso-de-juramentacion-del-presidente-danilo-medina-sanchez","status":"publish","type":"post","link":"https:\/\/diariodominicano.com\/?p=217736","title":{"rendered":"Discurso de Juramentaci\u00f3n del Presidente Danilo Medina S\u00e1nchez"},"content":{"rendered":"<p><body><\/p>\n<p><img decoding=\"async\" src=\"img3\/Cp_h7zXUAAAkc_B.jpg\" \/><br \/><img decoding=\"async\" src=\"img3\/Cp_Op64VUAAo6ZV.jpg\" \/><br \/><img decoding=\"async\" src=\"img3\/Cp_Z4emVIAEUUgT.jpg\" \/>  <\/p>\n<p><span class=\"text1noticias\">Honorable Se\u00f1or Reinaldo Pared P\u00e9rez,<\/span><\/p>\n<p><span class=\"text1noticias\">Presidente de la Asamblea Nacional;<\/span><\/p>\n<p><span class=\"text1noticias\">Excelent\u00edsimo Se\u00f1or Rafael Correa,<\/span><\/p>\n<p><span class=\"text1noticias\">Presidente de la Rep\u00fablica de Ecuador;<\/span><\/p>\n<p><span class=\"text1noticias\">Excelent\u00edsimo Se\u00f1or Juan Carlos Valera Rodr\u00edguez,<\/span><\/p>\n<p><span class=\"text1noticias\">Presidente de la Rep\u00fablica de Panam\u00e1;<\/span><\/p>\n<p><span class=\"text1noticias\">Excelent\u00edsimo Se\u00f1or Jimmy Morales Cabrera,<\/span><\/p>\n<p><span class=\"text1noticias\">Presidente de la Rep\u00fablica de Guatemala;<\/span><\/p>\n<p><span class=\"text1noticias\">Excelent\u00edsimo Se\u00f1or Juan Orlando Hern\u00e1ndez,<\/span><\/p>\n<p><span class=\"text1noticias\">Presidente de la Rep\u00fablica de Honduras;<\/span><\/p>\n<p><span class=\"text1noticias\">Excelent\u00edsimo Se\u00f1or Nicol\u00e1s Maduro,<\/span><\/p>\n<p><span class=\"text1noticias\">Presidente de la Rep\u00fablica Bolivariana de Venezuela;<\/span><\/p>\n<p><span class=\"text1noticias\">Excelent\u00edsimo Se\u00f1or Jocelerme Privert,<\/span><\/p>\n<p><span class=\"text1noticias\">Presidente de la Rep\u00fablica de Hait\u00ed;<\/span><\/p>\n<\/p>\n<p><span class=\"text1noticias\">Excelent\u00edsimo Se\u00f1or Evo Morales,<\/span><\/p>\n<p><span class=\"text1noticias\">Presidente del Estado Plurinacional de Bolivia;<\/span><\/p>\n<p><span class=\"text1noticias\">Su Majestad Juan Carlos I<\/span><\/p>\n<p><span class=\"text1noticias\">Rey Em\u00e9rito de Espa\u00f1a;<\/span><\/p>\n<p><span class=\"text1noticias\">Excelent\u00edsimo Se\u00f1or Andrew Holness,<\/span><\/p>\n<p><span class=\"text1noticias\">Primer Ministro de Jamaica;<\/span><\/p>\n<p><span class=\"text1noticias\">Excelent\u00edsimo Se\u00f1or Gast\u00f3n Browne,<\/span><\/p>\n<p><span class=\"text1noticias\">Primer Ministro de Antigua y Barbuda;<\/span><\/p>\n<p><span class=\"text1noticias\">Excelent\u00edsimoSe\u00f1or William Marlin,<\/span><\/p>\n<p><span class=\"text1noticias\">Primer Ministro de San Martin, en Representaci\u00f3n de los Pa\u00edses Bajos;<\/span><\/p>\n<p><span class=\"text1noticias\">Excelent\u00edsimo Se\u00f1or Bernard Whiteman,<\/span><\/p>\n<p><span class=\"text1noticias\">Primer Ministro de Curazao;<\/span><\/p>\n<p><span class=\"text1noticias\">Excelent\u00edsimo Se\u00f1or Dr. Chen, Chien-jen,<\/span><\/p>\n<p><span class=\"text1noticias\">Vicepresidente de China, Taiw\u00e1n;<\/span><\/p>\n<p><span class=\"text1noticias\">Excelent\u00edsima Se\u00f1ora Ana Helena Chac\u00f3n Echevarr\u00eda,<\/span><\/p>\n<p><span class=\"text1noticias\">Vicepresidente de Costa Rica;<\/span><\/p>\n<\/p>\n<p><span class=\"text1noticias\">Excelent\u00edsimo Se\u00f1or Mois\u00e9s Omar Halleslevens Acevedo,<\/span><\/p>\n<p><span class=\"text1noticias\">Vicepresidente de Nicaragua;<\/span><\/p>\n<p><span class=\"text1noticias\">Excelent\u00edsimo Se\u00f1or Salvador Valdez Mesa,<\/span><\/p>\n<p><span class=\"text1noticias\">Vicepresidente del Consejo de Estado de Cuba;<\/span><\/p>\n<p><span class=\"text1noticias\">Excelent\u00edsima Se\u00f1ora Gabriela Michetti,<\/span><\/p>\n<p><span class=\"text1noticias\">Vicepresidenta de Argentina;<\/span><\/p>\n<p><span class=\"text1noticias\">Excelent\u00edsima Se\u00f1ora Mercedes Araoz Fern\u00e1ndez,<\/span><\/p>\n<p><span class=\"text1noticias\">Vicepresidenta del Per\u00fa;<\/span><\/p>\n<p><span class=\"text1noticias\">Honorable Se\u00f1or Thomas P\u00e9rez<\/span><\/p>\n<p><span class=\"text1noticias\">Secretario de Trabajo y Enviado Especial del Gobierno de los Estados Unidos;<\/span><\/p>\n<p><span class=\"text1noticias\">Su Excelencia Reverend\u00edsima,<\/span><\/p>\n<p><span class=\"text1noticias\">Arzobispo Nicola Girasoli,<\/span><\/p>\n<p><span class=\"text1noticias\">Enviado Extraordinario en Misi\u00f3n Especial de Su Santidad Francisco;<\/span><\/p>\n<p><span class=\"text1noticias\">Su Excelencia Reverend\u00edsima,<\/span><\/p>\n<p><span class=\"text1noticias\">Monse\u00f1or Jude Thaddeus Okolo,<\/span><\/p>\n<p><span class=\"text1noticias\">Nuncio Apost\u00f3lico de su Santidad y Decano del Cuerpo Diplom\u00e1tico acreditado en el pa\u00eds;<\/span><\/p>\n<\/p>\n<p><span class=\"text1noticias\">Excelent\u00edsimos Se\u00f1ores y Se\u00f1oras Jefes de las Misiones Especiales y de Organismos Internacionales;<\/span><\/p>\n<p><span class=\"text1noticias\">Excelent\u00edsimos Honorables Miembros del Cuerpo Diplom\u00e1tico y Consular acreditados en el pa\u00eds;<\/span><\/p>\n<p><span class=\"text1noticias\">Excelent\u00edsima Se\u00f1ora Margarita Cede\u00f1o de Fern\u00e1ndez,<\/span><\/p>\n<p><span class=\"text1noticias\">Vicepresidenta de la Rep\u00fablica;<\/span><\/p>\n<p><span class=\"text1noticias\">Excelent\u00edsima Se\u00f1ora C\u00e1ndida Montilla de Medina,<\/span><\/p>\n<p><span class=\"text1noticias\">Primera Dama de la Rep\u00fablica;<\/span><\/p>\n<p><span class=\"text1noticias\">Honorable Se\u00f1or Mariano Germ\u00e1n Mej\u00eda<\/span><\/p>\n<p><span class=\"text1noticias\">Presidente de la Suprema Corte de Justicia;<\/span><\/p>\n<p><span class=\"text1noticias\">Honorable Se\u00f1or Milton Ray Guevara<\/span><\/p>\n<p><span class=\"text1noticias\">Presidente del Tribunal Constitucional,<\/span><\/p>\n<p><span class=\"text1noticias\">Honorable Se\u00f1or Mariano Rodr\u00edguez,<\/span><\/p>\n<p><span class=\"text1noticias\">Presidente del Tribunal Superior Electoral;<\/span><\/p>\n<p><span class=\"text1noticias\">Honorable Se\u00f1or Roberto Rosario M\u00e1rquez,<\/span><\/p>\n<p><span class=\"text1noticias\">Presidente de la Junta Central Electoral;<\/span><\/p>\n<\/p>\n<p><span class=\"text1noticias\">Honorable Se\u00f1ora Licelott Marte de Barrios,<\/span><\/p>\n<p><span class=\"text1noticias\">Presidenta de la C\u00e1mara de Cuentas;<\/span><\/p>\n<p><span class=\"text1noticias\">Honorable Se\u00f1ora Zoila Mart\u00ednez Guante, Defensora del Pueblo;<\/span><\/p>\n<p><span class=\"text1noticias\">Honorable Se\u00f1ora Luc\u00eda Medina S\u00e1nchez,<\/span><\/p>\n<p><span class=\"text1noticias\">Presidenta de la C\u00e1mara de Diputados y Vicepresidenta de la Asamblea Nacional;<\/span><\/p>\n<p><span class=\"text1noticias\">Honorables Se\u00f1ores Senadores y Diputados, Miembros de la Asamblea Nacional;<\/span><\/p>\n<p><span class=\"text1noticias\">Altos Funcionarios Civiles y Militares;<\/span><\/p>\n<p><span class=\"text1noticias\">Distinguidos Invitados Especiales;<\/span><\/p>\n<p><span class=\"text1noticias\">Distinguidos representantes de los medios de comunicaci\u00f3n;<\/span><\/p>\n<p><span class=\"text1noticias\"><strong>Se\u00f1oras y se\u00f1ores,<\/strong><\/span><\/p>\n<p><span class=\"text1noticias\">Quiero comenzar estas palabras recordando una vez m\u00e1s la fecha que conmemoramos en el d\u00eda de hoy. Como cada 16 de agosto, conmemoramos el aniversario del Grito de Capotillo.<\/span><\/p>\n<p><span class=\"text1noticias\">En un d\u00eda como \u00e9ste, hace ahora 153 a\u00f1os, un grupo de hombres y mujeres heroicos se levant\u00f3 para alcanzar la mayor conquista que puede lograr un pueblo: La conquista de su Patria.<\/span><\/p>\n<p><span class=\"text1noticias\">Y es en esta fecha tan significativa, cuando tengo el honor de estar ante todos ustedes, representantes de todas nuestras instituciones y de las naciones hermanas, para recibir nuevamente el mayor honor que se le puede conferir a un ciudadano: ser elegido Presidente de su pa\u00eds.<\/span><\/p>\n<p><span class=\"text1noticias\">Aquellos h\u00e9roes de 1863, con su valerosa haza\u00f1a, nos entregaron el mayor legado que pod\u00edamos heredar: La Naci\u00f3n Dominicana.<\/span><\/p>\n<p><span class=\"text1noticias\">Y, junto a ese valioso legado, nos transmitieron tambi\u00e9n una gran responsabilidad: La responsabilidad de cuidar esta Patria, de seguir construy\u00e9ndola y de seguir sirvi\u00e9ndola sin descanso.<\/span><\/p>\n<\/p>\n<p><span class=\"text1noticias\">Y eso es lo que vamos a hacer. Ese es nuestro compromiso renovado con todos ustedes,<\/span><\/p>\n<p><span class=\"text1noticias\">Pueblo dominicano:<\/span><\/p>\n<p><span class=\"text1noticias\">Prometo que dedicar\u00e9 los pr\u00f3ximos cuatro a\u00f1os a servir a nuestra Patria, a cuidar de nuestra tierra y a hacer crecer cada d\u00eda su grandeza.<\/span><\/p>\n<p><span class=\"text1noticias\">Se\u00f1oras y se\u00f1ores,<\/span><\/p>\n<p><span class=\"text1noticias\">No puedo continuar estas palabras sin agradecer una vez m\u00e1s, a todos aquellos que han hecho posible que yo est\u00e9 hoy aqu\u00ed.<\/span><\/p>\n<p><span class=\"text1noticias\">Hoy como hace cuatro a\u00f1os, vuelvo a repetir estas palabras: Me inclino humildemente y agradecido ante Dios.<\/span><\/p>\n<p><span class=\"text1noticias\">Para pedirle de nuevo que me mantenga siempre en el camino de la justicia, del amor, de la humildad, de la compasi\u00f3n y del equilibrio.<\/span><\/p>\n<p><span class=\"text1noticias\">Pedirle que nunca me deje conducir por la soberbia, el odio, la frialdad, la insensibilidad, la vanidad, la indiferencia, la arrogancia y la prepotencia.<\/span><\/p>\n<\/p>\n<p><span class=\"text1noticias\">Agradecer a mi familia, a mi padre Juan Pablo, a mi querida esposa Candy y a mis hijas, Sibely, Vanessa Daniela y Ana Paula por apoyarme siempre en este camino de servicio, que tambi\u00e9n supone muchos sacrificios para ellas.<\/span><\/p>\n<p><span class=\"text1noticias\">Gracias a mi compa\u00f1era Margarita Cede\u00f1o de Fern\u00e1ndez, a quien felicito por haber sido elegida nuevamente como vicepresidenta de la Rep\u00fablica.<\/span><\/p>\n<p><span class=\"text1noticias\">Gracias a los compa\u00f1eros del Partido de la Liberaci\u00f3n Dominicana y a todos los partidos aliados, por llevar a todos los rincones del pa\u00eds nuestro mensaje de unidad. Gracias al sector externo, por su alegr\u00eda y apoyo incondicional.<\/span><\/p>\n<p><span class=\"text1noticias\">Pero muy especialmente, y por encima de todo, \u00a1Gracias, una vez m\u00e1s, al pueblo dominicano! Gracias por confiar en nuestra palabra y por poner nuevamente en nuestras manos el tim\u00f3n de esta gran naci\u00f3n.<\/span><\/p>\n<p><span class=\"text1noticias\">Hace exactamente cuatro a\u00f1os que, de pie, en esta misma tribuna, les propuse construir un sue\u00f1o juntos.<\/span><\/p>\n<\/p>\n<p><span class=\"text1noticias\">Viv\u00edamos entonces tiempos de incertidumbre en todo el mundo y, sin embargo, el pueblo decidi\u00f3 depositar su confianza en nuestro proyecto de desarrollo con equidad social, democracia y paz.<\/span><\/p>\n<p><span class=\"text1noticias\">Hoy, con humildad, pero tambi\u00e9n con satisfacci\u00f3n, puedo decirles que he trabajado sin descanso estos cuatro a\u00f1os para honrar la confianza que depositaron en m\u00ed. Y, por supuesto, estoy decidido a honrarla cuatro a\u00f1os m\u00e1s con el trabajo.<\/span><\/p>\n<p><span class=\"text1noticias\">En todo este tiempo, hemos demostrado que, con esfuerzo y con uni\u00f3n, los sue\u00f1os se conquistan.<\/span><\/p>\n<p><span class=\"text1noticias\">Paso a paso, hemos hecho realidad nuestra promesa de renovar la pol\u00edtica, de transformar el pa\u00eds, de llevar esperanza a los lugares m\u00e1s apartados.<\/span><\/p>\n<p><span class=\"text1noticias\">Estamos muy cerca de lograr lo que parec\u00eda imposible, un crecimiento de 7% durante 3 a\u00f1os consecutivos. Si, como indican las previsiones del Banco Central, cerramos el a\u00f1o as\u00ed, eso significar\u00eda que el crecimiento promedio de nuestro pa\u00eds durante el per\u00edodo 2013- 2016 ha sido 8 veces superior al crecimiento promedio de Am\u00e9rica Latina estimado por la CEPAL!<\/span><\/p>\n<\/p>\n<p><span class=\"text1noticias\">En estos cuatro a\u00f1os, nuestra econom\u00eda ha crecido incluso m\u00e1s de lo que esper\u00e1bamos. Concretamente 1.5 veces m\u00e1s de lo que nos propusimos como meta en el programa de gobierno 2012-2016.<\/span><\/p>\n<p><span class=\"text1noticias\">Pero, sobre todo, ha crecido el optimismo, la autoestima y la igualdad en nuestro pa\u00eds. Porque ese crecimiento, est\u00e1 llegando cada vez a m\u00e1s personas.<\/span><\/p>\n<p><span class=\"text1noticias\">Este modelo nos ha permitido sacar a m\u00e1s de 900,000 dominicanos de la pobreza. Dicho de otra forma, en ninguna otra gesti\u00f3n, en un per\u00edodo gubernamental de cuatro a\u00f1os -desde la muerte del Tirano Trujillo- hab\u00eda disminuido tanto la pobreza como en el pasado cuatrienio.<\/span><\/p>\n<p><span class=\"text1noticias\">Y este modelo nos ha permitido tambi\u00e9n superar con creces la cifra de 400,000 puestos de trabajo que nos propusimos. De hecho, al 30 de julio alcanzamos los 462 mil empleos.<\/span><\/p>\n<p><span class=\"text1noticias\">Yo he hablado muchas veces de la construcci\u00f3n de una sociedad de clases medias y en estos cuatro a\u00f1os hemos trabajado juntos para que esa clase media creciera.<\/span><\/p>\n<\/p>\n<p><span class=\"text1noticias\">El gobierno ha invertido en la gente y la gente ha respondido con esfuerzo y superaci\u00f3n.<\/span><\/p>\n<p><span class=\"text1noticias\">El resultado que hemos logrado es que nuestra clase media pasara de un 20.7% a conformar el 30% por ciento de la poblaci\u00f3n, seg\u00fan la medici\u00f3n hecha en abril de este a\u00f1o 2016.<\/span><\/p>\n<p><span class=\"text1noticias\">Y a esta nueva clase media vamos a darle a\u00fan m\u00e1s impulso, porque necesitamos que se consolide, que permanezca con ingresos dignos, que crezca y que abandone para siempre la condici\u00f3n de vulnerabilidad.<\/span><\/p>\n<p><span class=\"text1noticias\">Ese es el resultado de la estabilidad econ\u00f3mica. Y para que incorporemos cada vez a m\u00e1s familias, es fundamental que contin\u00faen los excelentes indicadores macroecon\u00f3micos que exhibe nuestro pa\u00eds en estos momentos.<\/span><\/p>\n<p><span class=\"text1noticias\">La expansi\u00f3n econ\u00f3mica del pa\u00eds se ha logrado con estabilidad de precios y reducci\u00f3n del d\u00e9ficit del sector p\u00fablico no financiero.<\/span><\/p>\n<\/p>\n<p><span class=\"text1noticias\">La inflaci\u00f3n promedio del per\u00edodo 2013-2016 se sit\u00faa en torno al 2.5% anual, lo que constituye el menor promedio hist\u00f3rico para un per\u00edodo gubernamental de los \u00faltimos 46 a\u00f1os.<\/span><\/p>\n<p><span class=\"text1noticias\">Adem\u00e1s, el d\u00e9ficit de la cuenta corriente de la Balanza de Pagos del pa\u00eds se redujo en casi 5 puntos porcentuales del PIB, al bajar de -6.6% a -1.9% a finales del a\u00f1o 2015.<\/span><\/p>\n<p><span class=\"text1noticias\">La Inversi\u00f3n Extranjera Directa, en el per\u00edodo 2012-2015 mantuvo un flujo promedio anual de US$2,400 millones, logrando que el pa\u00eds se consolide como el principal destino de inversi\u00f3n extranjera directa en la regi\u00f3n de Centro Am\u00e9rica y El Caribe.<\/span><\/p>\n<p><span class=\"text1noticias\">El notable desempe\u00f1o de la econom\u00eda dominicana se reflej\u00f3 en una ca\u00edda significativa del nivel de riesgo pa\u00eds, indicador por excelencia asociado a la percepci\u00f3n de riesgo de los inversionistas internacionales sobre la seguridad de una econom\u00eda, situ\u00e1ndose el mismo por debajo del promedio de la regi\u00f3n.<\/span><\/p>\n<p><span class=\"text1noticias\">Y otro hecho relevante en materia econ\u00f3mica es que hace apenas unos d\u00edas la Rep\u00fablica Dominicana sald\u00f3 el total de los compromisos contra\u00eddos por el pa\u00eds con el Fondo Monetario Internacional. Esto significa que desde 1975 a la fecha, es decir en 41 a\u00f1os, es la primera vez que no tenemos deuda pendiente con el FMI, como lo reconoce el propio organismo en su carta de felicitaci\u00f3n al pa\u00eds.<\/span><\/p>\n<p><span class=\"text1noticias\">Dominicanos y dominicanas,<\/span><\/p>\n<p><span class=\"text1noticias\">Todas estas cifras y resultados son importantes por dos razones: la primera, porque son la base sobre la que podemos construir un pa\u00eds estable, con empleo, bienestar y progreso.<\/span><\/p>\n<p><span class=\"text1noticias\">Y la segunda, porque los beneficios de esas cifras llegan a la gente.<\/span><\/p>\n<p><span class=\"text1noticias\">Este crecimiento y el que esperamos seguir logrando en los pr\u00f3ximos a\u00f1os, lo vamos a seguir poniendo al servicio de las grandes mayor\u00edas, al servicio de todo el pueblo dominicano.<\/span><\/p>\n<\/p>\n<p><span class=\"text1noticias\">La estabilidad financiera y el manejo responsable de las finanzas es lo que nos va a permitir seguir avanzando en nuestra revoluci\u00f3n.<\/span><\/p>\n<p><span class=\"text1noticias\">Esa revoluci\u00f3n pac\u00edfica y silenciosa, pero imparable, que est\u00e1 transformando el pa\u00eds y lo va a seguir transformando.<\/span><\/p>\n<p><span class=\"text1noticias\">D\u00eda a d\u00eda, proyecto a proyecto, estamos llevando soluciones y sumando voluntades, en todo el territorio nacional.<\/span><\/p>\n<p><span class=\"text1noticias\">Educaci\u00f3n de calidad, salud para todos, democratizaci\u00f3n del cr\u00e9dito, acceso a viviendas dignas, empleo de calidad y seguridad social. Son conquistas esenciales, que parec\u00edan imposibles y ahora se han vuelto irrenunciables para la gran familia dominicana.<\/span><\/p>\n<p><span class=\"text1noticias\">Soy consciente de que los progresos alcanzados han hecho que las expectativas para el nuevo per\u00edodo de gobierno sean altas.<\/span><\/p>\n<p><span class=\"text1noticias\">La gente vuelve a tener esperanzas y tienen mi palabra de que haremos todo cuanto est\u00e9 en nuestras manos para no defraudarlas.<\/span><\/p>\n<p><span class=\"text1noticias\"><strong>Se\u00f1oras y se\u00f1ores,<\/strong><\/span><\/p>\n<p><span class=\"text1noticias\">En este momento, si me lo permiten, quiero dirigirme brevemente a las miles de personas y a las miles de familias que nos est\u00e1n viendo por televisi\u00f3n; desde sus casas o sus centros de trabajo; desde sus barrios o sus pueblos.<\/span><\/p>\n<p><span class=\"text1noticias\">D\u00e9jenme decirles, con honestidad, que s\u00e9 que a\u00fan nos queda mucho por hacer.<\/span><\/p>\n<p><span class=\"text1noticias\">Y s\u00e9 tambi\u00e9n que, aunque me hayan dado una amplia mayor\u00eda de los votos para gobernar, no me han otorgado un cheque en blanco.<\/span><\/p>\n<p><span class=\"text1noticias\">Por el contrario, me han dado la enorme responsabilidad de hacer m\u00e1s y mejor y de seguir avanzando con paso firme.<\/span><\/p>\n<p><span class=\"text1noticias\">Conozco las dificultades por las que todav\u00eda pasan muchas familias y las demandas insatisfechas que a\u00fan esperan respuesta.<\/span><\/p>\n<p><span class=\"text1noticias\">Las conozco bien y me duelen, porque he recorrido este pa\u00eds de punta a punta y, sobre todo, porque soy igual que ustedes.<\/span><\/p>\n<p><span class=\"text1noticias\">Soy hijo de este pueblo, de sus alegr\u00edas y de sus sufrimientos.<\/span><\/p>\n<p><span class=\"text1noticias\">La lucha de ustedes es mi lucha. Siempre lo ha sido y siempre lo ser\u00e1.<\/span><\/p>\n<p><span class=\"text1noticias\">Querido pueblo dominicano,<\/span><\/p>\n<p><span class=\"text1noticias\">Yo nunca olvido de d\u00f3nde vengo y, en d\u00edas como hoy, menos que nunca.<\/span><\/p>\n<p><span class=\"text1noticias\">Nac\u00ed en una familia sencilla del campo dominicano, fui alumno de nuestras escuelas p\u00fablicas y disc\u00edpulo del profesor Juan Bosch.<\/span><\/p>\n<p><span class=\"text1noticias\">Los valores inculcados por mis padres me han protegido siempre de los malos pasos y mi deseo de servir a este pa\u00eds me ha llevado, no sin sufrimiento, al lugar en que me ven hoy.<\/span><\/p>\n<p><span class=\"text1noticias\">Ha pasado el tiempo, pero en mi interior no me siento distinto. Lo importante no ha cambiado.<\/span><\/p>\n<p><span class=\"text1noticias\">Da igual si estoy en Arroyo Cano, en el Palacio Nacional, aqu\u00ed en el Congreso, o visitando cualquier comunidad en el lugar m\u00e1s apartado del pa\u00eds. Est\u00e9 donde est\u00e9, soy un hijo de nuestro pueblo.<\/span><\/p>\n<\/p>\n<p><span class=\"text1noticias\">Y entiendo que muchos de ustedes me dieron su confianza porque saben que mientras yo est\u00e9 aqu\u00ed, en este pa\u00eds est\u00e1 gobernando uno de los suyos.<\/span><\/p>\n<p><span class=\"text1noticias\">Uno que piensa y siente como ustedes. Uno que ama a su pa\u00eds como ustedes los aman tambi\u00e9n y que cree en su potencial.<\/span><\/p>\n<p><span class=\"text1noticias\">Y no estoy gobernando solo. Lo estoy haciendo de la mano con todos los dominicanos y dominicanas.<\/span><\/p>\n<p><span class=\"text1noticias\">Hace cuatro a\u00f1os les dije que mientras yo fuera Presidente, aqu\u00ed se iba a gobernar con la gente y para la gente.<\/span><\/p>\n<p><span class=\"text1noticias\">Hoy, con la mano en el coraz\u00f3n, renuevo mi promesa y les digo:<\/span><\/p>\n<p><span class=\"text1noticias\">Hay un momento para so\u00f1ar y un momento para hacer realidad los sue\u00f1os. Ahora no estamos so\u00f1ando, estamos trabajando. Y vamos a seguir trabajando juntos para convertir los sue\u00f1os en realidad!<\/span><\/p>\n<p><span class=\"text1noticias\">Porque como dec\u00eda nuestro l\u00edder y compa\u00f1ero, el profesor Juan Bosch: \u00abNo basta con tener ideas, hay que hacerlas realidad en lo grande y en lo min\u00fasculo\u00bb.<\/span><\/p>\n<p><span class=\"text1noticias\">Mi \u00fanico deseo, para los pr\u00f3ximos cuatro a\u00f1os, es seguir sirvi\u00e9ndoles.<\/span><\/p>\n<p><span class=\"text1noticias\">Mi \u00fanica raz\u00f3n para continuar en la pol\u00edtica es, como les he dicho muchas veces, que nuestro trabajo cambie las vidas de las personas.<\/span><\/p>\n<p><span class=\"text1noticias\">Que con nuestra labor diaria seamos capaces de llevar bienestar y felicidad a esas familias que ahora nos escuchan y que a\u00fan esperan un futuro mejor.<\/span><\/p>\n<p><span class=\"text1noticias\">Eso fue lo que so\u00f1amos y aprendimos junto al profesor Juan Bosch y esa es ahora la responsabilidad y el trabajo que debemos cumplir.<\/span><\/p>\n<p><span class=\"text1noticias\">Construir una Patria m\u00e1s justa y m\u00e1s solidaria. Hacer de la pol\u00edtica un instrumento de cambio y de servicio.<\/span><\/p>\n<p><span class=\"text1noticias\">\u00a1Vamos a gobernar con la gente!<\/span><\/p>\n<p><span class=\"text1noticias\">\u00a1Vamos a gobernar para la gente!<\/span><\/p>\n<\/p>\n<p><strong><span class=\"text1noticias\">Se\u00f1oras y se\u00f1ores,<\/span><\/strong><\/p>\n<p><span class=\"text1noticias\">Cuando hablo de gobernar con la gente y para la gente, hablo de cumplir las grandes aspiraciones de nuestro pueblo y las grandes tareas pendientes para el desarrollo del pa\u00eds.<\/span><\/p>\n<p><span class=\"text1noticias\">Este es un proceso que comenzamos en el a\u00f1o 2012, pero que hoy entra en una nueva fase.<\/span><\/p>\n<p><span class=\"text1noticias\">Hoy comienzan cuatro a\u00f1os de profundizaci\u00f3n y aceleraci\u00f3n de los cambios.<\/span><\/p>\n<p><span class=\"text1noticias\">Cuatro a\u00f1os de consolidaci\u00f3n de un modelo de sociedad m\u00e1s justo, inclusivo y menos desigual.<\/span><\/p>\n<p><span class=\"text1noticias\">Cuatro a\u00f1os de reducci\u00f3n sustancial de la pobreza, de afianzamiento de la clase media y de creaci\u00f3n masiva de empleos dignos.<\/span><\/p>\n<p><span class=\"text1noticias\">Cuatro a\u00f1os de modernizaci\u00f3n y universalizaci\u00f3n de los servicios p\u00fablicos de calidad.<\/span><\/p>\n<p><span class=\"text1noticias\">Cuatro a\u00f1os para multiplicar nuestras conquistas y hacerlas irreversibles!<\/span><\/p>\n<p><span class=\"text1noticias\">Cuatro a\u00f1os en los que vamos a pisar el acelerador y asegurar que los avances lleguen a todos los lugares del pa\u00eds!<\/span><\/p>\n<p><span class=\"text1noticias\">En definitiva, cuatro a\u00f1os para hacer m\u00e1s y mejor!!<\/span><\/p>\n<p><span class=\"text1noticias\">Amigos y amigas,<\/span><\/p>\n<p><span class=\"text1noticias\">Tenemos muchas metas trazadas. Metas ambiciosas, pero realistas, que est\u00e1n nuevamente plasmadas en nuestro programa de gobierno 2016- 2020.<\/span><\/p>\n<p><span class=\"text1noticias\">Hoy no les hablar\u00e9 de todas, pero s\u00ed de algunas \u00e1reas clave en las que queremos marcar un antes y un despu\u00e9s de nuestra gesti\u00f3n.<\/span><\/p>\n<p><span class=\"text1noticias\">En primer lugar, vamos a seguir reduciendo la pobreza, sin descanso.<\/span><\/p>\n<p><span class=\"text1noticias\">Dicho en n\u00fameros, esto significa que, adicionalmente a lo ya logrado, al menos otros 830 mil dominicanos m\u00e1s saldr\u00e1n de la pobreza.Y nuestra meta para la pobreza extrema, que es a\u00fan m\u00e1s urgente, es reducirla a la mitad. Es decir, que m\u00e1s de 350 mil personas superen para siempre la miseria. Para ello centralizaremos varias iniciativas que nos permitir\u00e1n ir en ayuda de los que m\u00e1s lo necesitan.<\/span><\/p>\n<\/p>\n<p><span class=\"text1noticias\">Para lograr estas metas vamos a poner en marcha un Plan Integral de Superaci\u00f3n de la Pobreza Extrema, no solo para combatirla a corto plazo, sino para combatir las causas que la originan y romper la cadena de reproducci\u00f3n intergeneracional de la misma. Es decir, para evitar que haber nacido en condici\u00f3n de pobreza se transmita a la siguiente generaci\u00f3n casi como una condici\u00f3n inevitable del destino.<\/span><\/p>\n<\/p>\n<p><span class=\"text1noticias\">Por supuesto, vamos a aumentar la cobertura de la tarjeta solidaridad y otros programas de transferencias, pero sobre todo vamos a sumar esfuerzos para atajar conjuntamente todas las dificultades que llevan a familias y comunidades a recaer en la pobreza.<\/span><\/p>\n<\/p>\n<p><span class=\"text1noticias\">Dicho plan incluir\u00e1 intervenciones habitacionales y de mejoramiento del entorno, incluyendo su seguridad, as\u00ed como creaci\u00f3n de empleos, programas de desarrollo local y expansi\u00f3n de las redes de seguridad social, tanto a trav\u00e9s del seguro familiar de salud como de las transferencias condicionadas.<\/span><\/p>\n<p><span class=\"text1noticias\">Tambi\u00e9n incluir\u00e1 la creaci\u00f3n de capacidades y desarrollo del capital humano y la protecci\u00f3n especial de grupos vulnerables.<\/span><\/p>\n<p><span class=\"text1noticias\">De la misma forma, expandiremos y consolidaremos la estrategia Quisqueya sin Miseria a trav\u00e9s de programas especiales dirigidos a la adolescencia, la juventud, las mujeres, la poblaci\u00f3n envejeciente y en condici\u00f3n de discapacidad.<\/span><\/p>\n<p><span class=\"text1noticias\">Y junto a este esfuerzo, vamos a establecer estrategias de formaci\u00f3n y creaci\u00f3n de empleo, para apoyar de cerca a nuestros j\u00f3venes y nuestras mujeres en los barrios y en los campos del pa\u00eds.<\/span><\/p>\n<\/p>\n<p><span class=\"text1noticias\">De manera especial quiero destacar nuestro compromiso de alcanzar, en coordinaci\u00f3n con la Junta Central Electoral, un sistema universal de documentaci\u00f3n civil para toda la poblaci\u00f3n dominicana, de modo que se facilite el acceso a la seguridad social y los diversos programas sociales.<\/span><\/p>\n<p><span class=\"text1noticias\">Un ni\u00f1o sin documentaci\u00f3n es un ni\u00f1o sin identidad y sin futuro. Nuestro compromiso es alcanzar un 100% de registro oportuno y disminuir sensiblemente los niveles de sub-registro tard\u00edo.<\/span><\/p>\n<p><span class=\"text1noticias\">Como ven no nos vamos a conformar con soluciones parciales cuyos efectos se desvanecen al poco tiempo.<\/span><\/p>\n<p><span class=\"text1noticias\">Actuando al mismo tiempo sobre todas las dificultades que tienen a nuestra gente encerrada en la pobreza, conseguiremos liberar a comunidades enteras de esas cadenas, para que puedan desarrollar todo su potencial con verdadera libertad.<\/span><\/p>\n<p><span class=\"text1noticias\">Amigos y amigas,<\/span><\/p>\n<p><span class=\"text1noticias\">Como ya hemos demostrado en estos cuatro a\u00f1os, la mejor forma para que una familia salga de la pobreza para siempre es haciendo que la gente tenga un trabajo digno.<\/span><\/p>\n<\/p>\n<p><span class=\"text1noticias\">Por eso, el empleo ser\u00e1 nuevamente un eje fundamental de nuestras pol\u00edticas y en los pr\u00f3ximos cuatro a\u00f1os crearemos, como m\u00ednimo, otros 400 mil puestos de trabajo.<\/span><\/p>\n<p><span class=\"text1noticias\">Lo haremos apoyando a los sectores productivos, a los emprendedores y dando facilidades para la formalizaci\u00f3n de empresas.<\/span><\/p>\n<p><span class=\"text1noticias\">Lo haremos mejorando a\u00fan m\u00e1s el acceso al financiamiento, pero tambi\u00e9n avanzando en la agenda por la competitividad y el desarrollo que mantenemos con todos los empresarios, desde el m\u00e1s grande al m\u00e1s peque\u00f1o.<\/span><\/p>\n<p><span class=\"text1noticias\">Solo tenemos que volver la vista atr\u00e1s brevemente para ver todo lo que hemos logrado en un sector como el campo. \u00a1Nuestros productores agropecuarios est\u00e1n viviendo un verdadero resurgir!<\/span><\/p>\n<p><span class=\"text1noticias\">Otorgamos m\u00e1s de 57 mil millones de pesos en cr\u00e9ditos a los productores.<\/span><\/p>\n<\/p>\n<p><span class=\"text1noticias\">Quintuplicamos el n\u00famero de seguro agr\u00edcolas y mejoramos las infraestructuras, con miles de kil\u00f3metros de carreteras, caminos vecinales, canales, lagunas y pozos.<\/span><\/p>\n<p><span class=\"text1noticias\">Como resultado, la pobreza rural se redujo en 11% y se produjeron 132,4 millones de quintales de alimentos, lo que constituye un r\u00e9cord hist\u00f3rico.<\/span><\/p>\n<p><span class=\"text1noticias\">Por supuesto, en los pr\u00f3ximos cuatro a\u00f1os seguiremos apostando por el campo.<\/span><\/p>\n<p><span class=\"text1noticias\">Para eso, ampliaremos hasta 70 mil millones de pesos el acceso al cr\u00e9dito, manteniendo las tasas especiales y dedicaremos 15 mil millones adicionales a un fondo para la introducci\u00f3n de nuevas tecnolog\u00edas.<\/span><\/p>\n<p><span class=\"text1noticias\">Nuestra meta es llegar a 2020 con un aumento de las \u00e1reas de producci\u00f3n agr\u00edcola de un 10% y un 48% en las \u00e1reas bajo ambiente protegido.<\/span><\/p>\n<\/p>\n<p><span class=\"text1noticias\">A solicitud de la ciudadan\u00eda, expandiremos el Programa de Visitas Sorpresa y continuaremos compartiendo sus experiencias con los pa\u00edses amigos que sigan interes\u00e1ndose por nuestros avances.<\/span><\/p>\n<p><span class=\"text1noticias\">Vamos a ampliar tambi\u00e9n el cr\u00e9dito para los exportadores agropecuarios, a trav\u00e9s del nuevo Banco Nacional de Exportaciones.<\/span><\/p>\n<p><span class=\"text1noticias\">Y vamos a continuar los programas de trazado de bovinos, y todas las iniciativas de erradicaci\u00f3n de plagas.<\/span><\/p>\n<p><span class=\"text1noticias\">Construiremos y rehabilitaremos cientos de kil\u00f3metros de caminos vecinales y carreteras rurales, permitiendo que nuestros productores puedan, f\u00e1cilmente, transportar sus productos a los principales centros de consumo del pa\u00eds.<\/span><\/p>\n<p><span class=\"text1noticias\">Amigas y amigos,<\/span><\/p>\n<p><span class=\"text1noticias\">Por supuesto, tambi\u00e9n hemos apoyado al conjunto de nuestros productores en los dem\u00e1s sectores, no solo en la agropecuaria.<\/span><\/p>\n<p><span class=\"text1noticias\">Y muy especialmente a los peque\u00f1os, que son los m\u00e1s numerosos y generadores de empleo.<\/span><\/p>\n<p><span class=\"text1noticias\">Por eso hemos establecido tambi\u00e9n una alianza permanente con las pymes, a trav\u00e9s de la Iniciativa Presidencial para el Apoyo, Promoci\u00f3n y Desarrollo de las Micro, Peque\u00f1as y Medianas Empresas.<\/span><\/p>\n<p><span class=\"text1noticias\">Y vamos a continuar implementando pol\u00edticas p\u00fablicas que permitan a nuestros peque\u00f1os y medianos emprendedores un mejor acceso al cr\u00e9dito y ser cada vez m\u00e1s competitivos, productivos e integrados en las cadenas globales de valor.<\/span><\/p>\n<p><span class=\"text1noticias\">Hemos abierto las puertas del cr\u00e9dito, con m\u00e1s de mil millones de d\u00f3lares canalizados al sector en el pasado per\u00edodo de gobierno.<\/span><\/p>\n<p><span class=\"text1noticias\">Estamos impulsando, adem\u00e1s, distintas leyes que incentivar\u00e1n que el dinero de la banca privada fluya a las Mipymes. Como la ley de Garant\u00edas Rec\u00edprocas, o la ley de Garant\u00edas Mobiliarias, que corresponde a una de las iniciativas m\u00e1s innovadoras en materia de inclusi\u00f3n financiera en Am\u00e9rica Latina y el mundo.<\/span><\/p>\n<p><span class=\"text1noticias\">A lo largo de los pr\u00f3ximos cuatro a\u00f1os otorgaremos al sector al menos 300 mil cr\u00e9ditos en condiciones favorables a trav\u00e9s de Banca Solidaria y el Banco de Reservas.<\/span><\/p>\n<p><span class=\"text1noticias\">Reduciremos a la mitad los tr\u00e1mites actuales de constituci\u00f3n de una empresa micro o peque\u00f1a, para que el plazo no sea mayor de 24 horas y su costo no sobrepase los 500 pesos.<\/span><\/p>\n<p><span class=\"text1noticias\">Implementaremos 30 Centros Pymes, para beneficiar a m\u00e1s de 30 mil empresas con servicios de capacitaci\u00f3n, asesor\u00eda empresarial y asistencia t\u00e9cnica.<\/span><\/p>\n<p><span class=\"text1noticias\">Fortaleceremos la Red Nacional de emprendimiento, apoyando las iniciativas de sus actores para beneficiar a m\u00e1s de 25 mil personas del ecosistema emprendedor.<\/span><\/p>\n<p><span class=\"text1noticias\">Capacitaremos al menos 12 mil nuevas MIPYMES y emprendedores en gesti\u00f3n y administraci\u00f3n de sus empresas y finanzas.<\/span><\/p>\n<p><span class=\"text1noticias\">Y aqu\u00ed habr\u00e1, adem\u00e1s, un enfoque especial en nuestra juventud. Con programas para que logren<\/span><\/p>\n<\/p>\n<p><span class=\"text1noticias\">su primer empleo, realicen pasant\u00edas, y reciban capacitaci\u00f3n t\u00e9cnico-profesional.<\/span><\/p>\n<p><span class=\"text1noticias\">Porque este pa\u00eds solo tiene futuro si logramos formar una nueva generaci\u00f3n de j\u00f3venes, bien preparados, sanos, con valores y con un puestos de trabajo bien remunerado.<\/span><\/p>\n<p><span class=\"text1noticias\">Se\u00f1oras y se\u00f1ores,<\/span><\/p>\n<p><span class=\"text1noticias\">Ustedes ya han visto c\u00f3mo ha cambiado la educaci\u00f3n en nuestro pa\u00eds.<\/span><\/p>\n<p><span class=\"text1noticias\">En cuatro a\u00f1os hemos acometido una labor que llevaba d\u00e9cadas pendiente. Con la inversi\u00f3n del 4% del PIB, la firma del Pacto Educativo, las miles de aulas construidas y la jornada extendida, hemos convertido la educaci\u00f3n en un verdadero derecho.<\/span><\/p>\n<p><span class=\"text1noticias\">Tambi\u00e9n realizamos significativos aumentos al salario de los docentes, llegando a un incremento promedio de 60% e invertimos como nunca en su formaci\u00f3n.<\/span><\/p>\n<p><span class=\"text1noticias\">A todo este proceso lo hemos llamado revoluci\u00f3n educativa y esta revoluci\u00f3n educativa va a continuar y mejorar!<\/span><\/p>\n<\/p>\n<p><span class=\"text1noticias\">Vamos a construir sobre los logros ya alcanzados y vamos a incluir al 100% de los estudiantes en la jornada extendida.<\/span><\/p>\n<p><span class=\"text1noticias\">Expandiremos tambi\u00e9n la educaci\u00f3n en la primera infancia, con el Plan Quisqueya Empieza Contigo, hasta llegar a 1,200 unidades de servicio.<\/span><\/p>\n<p><span class=\"text1noticias\">Vamos a garantizar atenci\u00f3n integral a m\u00e1s de 730,000 ni\u00f1os y ni\u00f1as, para seguir cuidando y protegiendo la nueva generaci\u00f3n de dominicanos.<\/span><\/p>\n<p><span class=\"text1noticias\">Y seguiremos apostando por la excelencia en nuestra educaci\u00f3n.<\/span><\/p>\n<p><span class=\"text1noticias\">En los pr\u00f3ximos cuatro a\u00f1os no vamos a construir tantas aulas, pero s\u00ed vamos a poner toda nuestra atenci\u00f3n en que estas aulas est\u00e9n llenas de profesores motivados y bien formados.<\/span><\/p>\n<p><span class=\"text1noticias\">Es por eso que nuestra prioridad en t\u00e9rminos de educaci\u00f3n pre universitaria ser\u00e1 la formaci\u00f3n de docentes de excelencia en nuestras aulas universitarias.<\/span><\/p>\n<p><span class=\"text1noticias\">A quienes estudien magisterio, les daremos becas para el pago de la universidad, pero tambi\u00e9n un<\/span><\/p>\n<\/p>\n<p><span class=\"text1noticias\">estipendio mensual para que puedan estudiar a tiempo completo.<\/span><\/p>\n<p><span class=\"text1noticias\">Para este programa seleccionaremos los mejores estudiantes del pa\u00eds, quienes cursar\u00e1n un programa de estudio con profesores universitarios nacionales e internacionales del m\u00e1s alto nivel.<\/span><\/p>\n<p><span class=\"text1noticias\">Tambi\u00e9n reforzaremos a nuestros directores: buscaremos los candidatos de todo el pa\u00eds con mayores habilidades de liderazgo, comunicaci\u00f3n y pedagog\u00eda y les ofreceremos maestr\u00edas en direcci\u00f3n en programas nacionales e internacionales.<\/span><\/p>\n<p><span class=\"text1noticias\">De igual forma, para la capacitaci\u00f3n de los maestros en servicio, ampliaremos el programa de formaci\u00f3n en la escuela, para que cada escuela tenga su propio plan de mejora atendiendo a sus condiciones espec\u00edficas.<\/span><\/p>\n<p><span class=\"text1noticias\">En resumen, los maestros y maestras van a recibir todo el apoyo que necesitan para ser los protagonistas de esta segunda fase de nuestra revoluci\u00f3n educativa.<\/span><\/p>\n<p><span class=\"text1noticias\">Tambi\u00e9n reforzaremos como nunca la educaci\u00f3n superior. Para ello, estaremos ofreciendo al menos 20 mil becas nacionales para distintas carreras de<\/span><\/p>\n<p><span class=\"text1noticias\">grado y posgrado, tomando en consideraci\u00f3n las \u00e1reas de mayor necesidad para nuestro desarrollo productivo.<\/span><\/p>\n<p><span class=\"text1noticias\">Adem\u00e1s, ofreceremos 10 mil becas internacionales de maestr\u00edas y doctorados para j\u00f3venes profesionales, en ramas prioritarias para el futuro de nuestro pa\u00eds.<\/span><\/p>\n<p><span class=\"text1noticias\">Y ampliaremos el exitoso programa de ingl\u00e9s por inmersi\u00f3n, ofreciendo becas para m\u00e1s de 150,000 j\u00f3venes, tanto en la educaci\u00f3n secundaria como universitaria, para que puedan insertarse en la sociedad del conocimiento y mejoren sus oportunidades de encontrar empleo r\u00e1pidamente.<\/span><\/p>\n<p><span class=\"text1noticias\">Quiero adem\u00e1s, dedicar unos minutos a hablar de nuestro Plan Nacional de Alfabetizaci\u00f3n.<\/span><\/p>\n<p><span class=\"text1noticias\">Hasta la fecha, fruto del esfuerzo llevado a cabo por todo el pa\u00eds, hemos logrado alfabetizar a cientos de miles de dominicanos.<\/span><\/p>\n<p><span class=\"text1noticias\">Esta es sin duda una excelente noticia y nos llena de satisfacci\u00f3n haber coordinado este esfuerzo sin precedentes.<\/span><\/p>\n<\/p>\n<p><span class=\"text1noticias\">Sin embargo, a\u00fan no estamos por debajo del 5% que nos permite declarar a nuestro pa\u00eds libre de analfabetismo.<\/span><\/p>\n<p><span class=\"text1noticias\">Esto es as\u00ed, en buena medida, porque cuando nos encontr\u00e1bamos inmersos en la implementaci\u00f3n del programa cambiaron los criterios de medici\u00f3n de la poblaci\u00f3n considerada analfabeta. Fruto de esa nueva medici\u00f3n, realizada por la Oficina Nacional de Estad\u00edstica y el Banco Central, el total de personas que deb\u00edamos alfabetizar aument\u00f3 y eso nos alej\u00f3 del porcentaje de cumplimiento que hab\u00edamos alcanzado.<\/span><\/p>\n<p><span class=\"text1noticias\">Son cosas que ocurren, que escapan a nuestra voluntad y que deben ser explicadas con honestidad.<\/span><\/p>\n<p><span class=\"text1noticias\">Sin embargo, entendemos que en vez de dejarnos vencer por estas dificultades, tenemos la obligaci\u00f3n de superarlas y trabajar m\u00e1s que nunca para alcanzar nuestra meta. Se lo debemos a todos los hombres y mujeres de nuestro pa\u00eds que a\u00fan esperan su oportunidad de aprender.<\/span><\/p>\n<p><span class=\"text1noticias\">Por tanto, aceptando esta realidad, la Junta de Alfabetizaci\u00f3n tom\u00f3 las medidas necesarias y traz\u00f3<\/span><\/p>\n<p><span class=\"text1noticias\">un plan de acci\u00f3n que ser\u00e1 nuestra hoja de ruta para los pr\u00f3ximos 2 a\u00f1os.<\/span><\/p>\n<p><span class=\"text1noticias\">De acuerdo a este plan, redoblaremos nuestros esfuerzos, y ense\u00f1aremos a no menos de 135,000 personas que a\u00fan faltan por aprender a leer y escribir! No cejaremos en nuestro esfuerzo hasta lograr que nuestro pa\u00eds sea declarado libre de analfabetismo!<\/span><\/p>\n<p><span class=\"text1noticias\">Se\u00f1oras y se\u00f1ores,<\/span><\/p>\n<p><span class=\"text1noticias\">Otra \u00e1rea que es vital para la formaci\u00f3n de capital humano y el desarrollo de nuestro pa\u00eds, es la salud.<\/span><\/p>\n<p><span class=\"text1noticias\">En los \u00faltimos a\u00f1os hemos multiplicado los centros de atenci\u00f3n, hemos extendido la cobertura del seguro, y hemos abaratado los medicamentos.<\/span><\/p>\n<p><span class=\"text1noticias\">Pero nuestro objetivo va m\u00e1s all\u00e1. Queremos una reforma integral del sistema.<\/span><\/p>\n<p><span class=\"text1noticias\">Ha llegado el momento de que juntos, gobierno y sociedad, asumamos el reto de transformar nuestro Sistema de Salud. No ser\u00e1 un camino f\u00e1cil, pero<\/span><\/p>\n<\/p>\n<p><span class=\"text1noticias\">debemos emprenderlo si queremos llevar verdadero bienestar a la gran familia dominicana.<\/span><\/p>\n<p><span class=\"text1noticias\">Vamos a poner en marcha un plan completo para garantizar servicios oportunos y con calidad, adem\u00e1s de reducir sustancialmente el gasto familiar. La atenci\u00f3n de salud no puede seguir siendo un factor de empobrecimiento y de angustia para miles de dominicanos y dominicanas. Vamos a trabajar para que la seguridad social ofrezca verdadera protecci\u00f3n del derecho a la salud y la previsi\u00f3n social para todos y todas.<\/span><\/p>\n<p><span class=\"text1noticias\">Comenzaremos por desarrollar el Sistema Nacional de Salud, con la integraci\u00f3n de todos los servicios del Ministerio de Salud P\u00fablica y del Instituto Dominicano de Seguro Social en una Red \u00danica de Servicios P\u00fablicos de Salud.<\/span><\/p>\n<p><span class=\"text1noticias\">De la misma forma, vamos a fortalecer el Ministerio de Salud P\u00fablica como \u00f3rgano rector del Sistema de Salud. As\u00ed, profundizando la separaci\u00f3n de funciones y la descentralizaci\u00f3n, vamos a avanzar hacia un verdadero Ministerio de Salud.<\/span><\/p>\n<p><span class=\"text1noticias\">Tambi\u00e9n como parte de esta transformaci\u00f3n institucional, quiero anunciar hoy la firma de un decreto que elimina la comisi\u00f3n de reforma del<\/span><\/p>\n<\/p>\n<p><span class=\"text1noticias\">sector salud, cuyas funciones damos por completadas.<\/span><\/p>\n<p><span class=\"text1noticias\">Paralelamente, desarrollaremos un nuevo modelo de atenci\u00f3n con servicios de primer nivel y Atenci\u00f3n Primaria de calidad cercanos a las familias y comunidades, para que la salud llegue a todos por igual.<\/span><\/p>\n<p><span class=\"text1noticias\">Completaremos la remodelaci\u00f3n y reequipamiento de los hospitales y transformaremos su modelo de gesti\u00f3n, con m\u00e1s autonom\u00eda hospitalaria y mayor profesionalizaci\u00f3n. Seleccionaremos el personal asistencial y directivo mediante concursos y aplicaremos una pol\u00edtica salarial que reconozca los m\u00e9ritos y el buen desempe\u00f1o, que reduzca las injusticias salariales acumuladas y garantice a los trabajadores de la salud las pensiones dignas que merecen.<\/span><\/p>\n<p><span class=\"text1noticias\">Desarrollaremos una Red de Emergencias de Salud Integrada, que garantice la atenci\u00f3n de los pacientes con situaciones de emergencia y su traslado ordenado y seguro, cuando deban ser referidos a otros centros hospitalarios.<\/span><\/p>\n<p><span class=\"text1noticias\">Vamos a fortalecer y extender progresivamente el sistema 9-1-1 por el territorio nacional, a fortalecer<\/span><\/p>\n<p><span class=\"text1noticias\">los Centros de Coordinaci\u00f3n de Emergencias (CRUED) y a realizar un esfuerzo conjunto entre el sector p\u00fablico y el sector privado, para que nunca m\u00e1s un paciente tenga que ver su vida en peligro por no ser aceptado en el centro m\u00e9dico m\u00e1s cercano porque no dispone de los recursos necesarios.<\/span><\/p>\n<p><span class=\"text1noticias\">Completaremos la Red de CAIDS. En los pr\u00f3ximos 4 a\u00f1os, adem\u00e1s de los 3 Centros de Atenci\u00f3n Integral a la Discapacidad ya existentes, pondremos en marcha dos centros m\u00e1s y completaremos la articulaci\u00f3n con la red del INAIPI y la red del Servicio Nacional de Salud.<\/span><\/p>\n<p><span class=\"text1noticias\">As\u00ed mismo, desarrollaremos el programa de Tamizaje de Reci\u00e9n Nacidos para detecci\u00f3n temprana de posibles enfermedades cong\u00e9nitas, para todos los ni\u00f1os del pa\u00eds. Nuestra meta es que todo ni\u00f1o y ni\u00f1a nacidos en la Rep\u00fablica Dominicana tenga la oportunidad de ser tempranamente diagnosticado y adecuadamente atendido si tiene una enfermedad cong\u00e9nita que afecte su desarrollo.<\/span><\/p>\n<p><span class=\"text1noticias\">Adem\u00e1s, fortaleceremos la atenci\u00f3n infantil articulando las Estancias Infantiles a la Red de<\/span><\/p>\n<\/p>\n<p><span class=\"text1noticias\">establecimientos del Instituto Nacional de Atenci\u00f3n Integral a la Primera Infancia.<\/span><\/p>\n<p><span class=\"text1noticias\">Para garantizar el acceso a medicamentos de calidad a precios justos para todos, realizaremos un esfuerzo coordinado entre la seguridad social, PROMESE, el Servicio Nacional de Salud con los productores, importadores, dispensadores de medicamentos y proveedores de servicios, bajo la rector\u00eda del Ministerio de Salud P\u00fablica.<\/span><\/p>\n<p><span class=\"text1noticias\">Vamos a seguir avanzando hacia la cobertura universal del seguro familiar de salud. Hemos logrado que cerca del 70% de la poblaci\u00f3n ya est\u00e9 afiliada, incluyendo pr\u00e1cticamente a la totalidad de la poblaci\u00f3n m\u00e1s vulnerable. Impulsaremos reformas que permitir\u00e1n que al menos el 90% de toda nuestra poblaci\u00f3n sea afiliada a la Seguridad Social, incluyendo a los pensionados, y a las personas con discapacidad.<\/span><\/p>\n<p><span class=\"text1noticias\">De esta forma, el Plan B\u00e1sico de Salud cubrir\u00e1 las principales necesidades y problemas de salud, y as\u00ed reduciremos el gasto familiar en medicinas.<\/span><\/p>\n<p><span class=\"text1noticias\">Paralelamente, vamos a mejorar la previsi\u00f3n social. Nuestro sistema de pensiones necesita garantizar un retiro digno a nuestros trabajadores. El ahorro en<\/span><\/p>\n<\/p>\n<p><span class=\"text1noticias\">las cuentas de capitalizaci\u00f3n individual debe asegurar a los ahorristas un rendimiento que haga posible los niveles de pensi\u00f3n que la poblaci\u00f3n necesita y espera. Simult\u00e1neamente impulsaremos el sistema de pensiones de reparto del Estado y respaldaremos iniciativas para mejorar los subsidios y pensiones laborales.<\/span><\/p>\n<p><span class=\"text1noticias\">Vamos a garantizar pensiones dignas y seguros de salud a los trabajadores p\u00fablicos y, adem\u00e1s, otorgaremos al menos 50,000 pensiones solidarias para envejecientes pobres en todo el pa\u00eds.<\/span><\/p>\n<p><span class=\"text1noticias\">Todas estas medidas tienen un \u00fanico objetivo: mejorar el d\u00eda a d\u00eda de nuestra poblaci\u00f3n.<\/span><\/p>\n<p><span class=\"text1noticias\">Desarrollar un sistema de salud y de seguridad social m\u00e1s efectivo, con m\u00e1s calidad y m\u00e1s accesible, que brinde los servicios que nuestra gente necesita.<\/span><\/p>\n<p><span class=\"text1noticias\">En resumen, pondremos al alcance de las grandes mayor\u00edas la atenci\u00f3n, la protecci\u00f3n y el bienestar que todav\u00eda no alcanzan a todos por igual.<\/span><\/p>\n<p><span class=\"text1noticias\">Honorables miembros de esta Asamblea:<\/span><\/p>\n<p><span class=\"text1noticias\">40<\/span><\/p>\n<p><span class=\"text1noticias\">En el per\u00edodo de gobierno que reci\u00e9n finaliza, especialmente en los dos \u00faltimos a\u00f1os, la vivienda ha tenido un lugar important\u00edsimo.<\/span><\/p>\n<p><span class=\"text1noticias\">Esto ha sido en gran parte gracias a la implementaci\u00f3n de la ley 189-11 para el Desarrollo del Mercado Hipotecario y el Fideicomiso, que no s\u00f3lo ha hecho posible la construcci\u00f3n de 35,000 viviendas en Ciudad Juan Bosch -Santo Domingo y en Ciudad Juan Bosch- Santiago, sino que tambi\u00e9n ha estimulado como nunca la iniciativa de los desarrolladores privados.<\/span><\/p>\n<p><span class=\"text1noticias\">Las cifras lo muestran claramente: hasta ahora el sector privado constru\u00eda en su mejor a\u00f1o unas 10,000 viviendas y m\u00e1s del 80% de ellas de alto costo, es decir, muy por encima de 50,000 d\u00f3lares.<\/span><\/p>\n<p><span class=\"text1noticias\">Ahora, sin embargo, solo el sector privado tiene aprobados 63 fideicomisos para la construcci\u00f3n de viviendas de bajo costo, que suman m\u00e1s de 27,000 viviendas con costos que oscilan entre 20 mil y los 50 mil d\u00f3lares.<\/span><\/p>\n<p><span class=\"text1noticias\">En definitiva, cuando todos estos proyectos culminen tendremos m\u00e1s 62 mil viviendas nuevas a disposici\u00f3n de la ciudadan\u00eda.<\/span><\/p>\n<\/p>\n<p><span class=\"text1noticias\">Pero esto es solo el principio.<\/span><\/p>\n<p><span class=\"text1noticias\">En los pr\u00f3ximos cuatro a\u00f1os estamos decididos a impulsar el derecho a una vivienda digna con todos las herramientas a nuestro alcance y con diferentes soluciones de acuerdo a las necesidades de las familias.<\/span><\/p>\n<p><span class=\"text1noticias\">Por una parte, continuaremos profundizando nuestra alianza con el sector privado, impulsando la creaci\u00f3n de nuevos fideicomisos, tanto mixtos como privados.<\/span><\/p>\n<p><span class=\"text1noticias\">Multiplicaremos el modelo de Ciudad Juan Bosch en diferentes puntos del pa\u00eds. Por el momento, lo vamos a llevar a La Vega y San Francisco de Macor\u00eds.<\/span><\/p>\n<p><span class=\"text1noticias\">Pero, adem\u00e1s, para aquellos que a\u00fan no pueden comprar, revisaremos el marco institucional del sector vivienda para facilitar el alquiler social en condiciones dignas para familias de escasos recursos.<\/span><\/p>\n<p><span class=\"text1noticias\">Paralelamente, apoyaremos a aquellos cuya vivienda se encuentra en malas condiciones, para acondicionar y mejorar el h\u00e1bitat en las \u00e1reas con mayor incidencia de pobreza y hacinamiento.<\/span><\/p>\n<\/p>\n<p><span class=\"text1noticias\">Asimismo, seguiremos apoyando a comunidades que est\u00e9n en asentamientos de alta vulnerabilidad ambiental. Al igual que hicimos con La Barquita, la Mesopotamia, El Ri\u00edto y Boca de Cach\u00f3n, impulsaremos proyectos de recuperaci\u00f3n integral de estas comunidades, de la mano con sus pobladores.<\/span><\/p>\n<p><span class=\"text1noticias\">Somos conscientes de que el acceso a una vivienda digna es uno de los factores que m\u00e1s influyen en el desarrollo de las personas, y estamos decididos a hacer de \u00e9l, un motor de creaci\u00f3n de clases medias en nuestro pa\u00eds!<\/span><\/p>\n<p><span class=\"text1noticias\"><strong>Amigas y amigos,<\/strong><\/span><\/p>\n<p><span class=\"text1noticias\">No puedo hablarles de nuestras prioridades en este segundo mandato, sin poner especial \u00e9nfasis en la protecci\u00f3n y la seguridad de la poblaci\u00f3n.<\/span><\/p>\n<p><span class=\"text1noticias\">Soy consciente de que muchos creen que a\u00fan no hemos alcanzado las metas necesarias en este \u00e1mbito. Sin embargo, es necesario resaltar que en los \u00faltimos cuatro a\u00f1os hemos sentado las bases para las transformaciones de fondo que<\/span><\/p>\n<\/p>\n<p><span class=\"text1noticias\">necesitamos en materia de seguridad ciudadana. Dicho de otra forma, trabajamos en \u00abordenar la casa\u00bb.<\/span><\/p>\n<p><span class=\"text1noticias\">Entre otras cosas, esto nos ha permitido contar ya con un marco legal m\u00e1s moderno y eficiente, que incluye la ley para la reforma de la Polic\u00eda Nacional y otras iniciativas esenciales, como son la ley de tenencia de armas, la de extinci\u00f3n de dominio y la ley que cre\u00f3 el 9-1-1.<\/span><\/p>\n<p><span class=\"text1noticias\">Estamos convencidos de que estas leyes y sus reglamentos van a posibilitar, por fin, los cambios largamente esperados por nuestra gente.<\/span><\/p>\n<p><span class=\"text1noticias\">As\u00ed, por ejemplo, la ley de Reforma de la Polic\u00eda nos permitir\u00e1 tener una polic\u00eda renovada; m\u00e1s formada, m\u00e1s disciplinada y m\u00e1s cercana a la ciudadan\u00eda a la que debe servir.<\/span><\/p>\n<p><span class=\"text1noticias\">Y como parte de esa transformaci\u00f3n, firmar\u00e9 muy pronto el reglamento que dispone la forma en que gradualmente se ir\u00e1n reasignando esos miles de polic\u00edas que quedar\u00e1n a disposici\u00f3n de la instituci\u00f3n, para que se integren y fortalezcan las labores<\/span><\/p>\n<\/p>\n<p><span class=\"text1noticias\">esenciales de la Polic\u00eda: el patrullaje preventivo y las investigaciones criminales.<\/span><\/p>\n<p><span class=\"text1noticias\">El patrullaje preventivo priorizar\u00e1 su enfoque en una polic\u00eda comunitaria o de proximidad. Y la dejaremos instalada de forma permanente en las zonas que ya hemos identificado a trav\u00e9s del sistema de informaci\u00f3n georreferenciado como de mayor incidencia de los delitos y los cr\u00edmenes.<\/span><\/p>\n<p><span class=\"text1noticias\">Quiero que sepan que la relaci\u00f3n entre la cantidad de polic\u00edas y los habitantes aumentar\u00e1 considerablemente en esos territorios priorizados. Tendremos as\u00ed, mayor presencia, m\u00e1s cercan\u00eda y m\u00e1s capacidad disuasiva.<\/span><\/p>\n<p><span class=\"text1noticias\">Conjuntamente, en materia de investigaci\u00f3n criminal, como lo dispone la nueva Ley Org\u00e1nica de la Polic\u00eda, habr\u00e1 una efectiva diferenciaci\u00f3n entre la prevenci\u00f3n y la investigaci\u00f3n, y pondremos \u00e9nfasis en hacer efectiva la direcci\u00f3n funcional de las investigaciones bajo la direcci\u00f3n del Ministerio P\u00fablico, como disponen la Constituci\u00f3n y las leyes.<\/span><\/p>\n<\/p>\n<p><strong><span class=\"text1noticias\">Se\u00f1oras y se\u00f1ores,<\/span><\/strong><\/p>\n<\/p>\n<p><span class=\"text1noticias\">Por supuesto, vamos a complementar este marco legal con mejor entrenamiento, equipamiento y dignificaci\u00f3n salarial para nuestros agentes.<\/span><\/p>\n<p><span class=\"text1noticias\">Pero, adem\u00e1s, vamos a hacer una fuerte apuesta por el uso de la tecnolog\u00eda para hacer m\u00e1s eficiente tanto la labor policial, como la denuncia de delitos.<\/span><\/p>\n<p><span class=\"text1noticias\">Completaremos la digitalizaci\u00f3n de los archivos de la Polic\u00eda Nacional y pondremos en funcionamiento el dep\u00f3sito nacional de informaci\u00f3n de seguridad p\u00fablica.<\/span><\/p>\n<p><span class=\"text1noticias\">Implementaremos un sistema autom\u00e1tico de identificaci\u00f3n dactilar, com\u00fan a todas las dependencias de seguridad, para tener m\u00e1s certeza en la identificaci\u00f3n de personas en conflicto con la ley.<\/span><\/p>\n<p><span class=\"text1noticias\">Asimismo, implementaremos el Bot\u00f3n Antip\u00e1nico del que ya les habl\u00e9 y que ha probado tener existo en otros pa\u00edses a la hora de evitar casos de violencia contra las mujeres.<\/span><\/p>\n<p><span class=\"text1noticias\">Expandiremos el 9-1-1 a las regiones Norte, Este y Sur del pa\u00eds. Y con \u00e9l extendemos no solo la tranquilidad a la poblaci\u00f3n, sino tambi\u00e9n una nueva concepci\u00f3n del servicio p\u00fablico.<\/span><\/p>\n<\/p>\n<p><span class=\"text1noticias\">Mejoraremos la red de video vigilancia y las capacidades a las unidades t\u00e1cticas y de investigaci\u00f3n, incorporando drones y adoptando capacidades de visi\u00f3n nocturna, as\u00ed como de comunicaci\u00f3n encriptada.<\/span><\/p>\n<p><span class=\"text1noticias\">Y, por supuesto, implementaremos la Ley de Armas, de forma que personas con antecedentes o casos pendientes con la ley no tengan acceso a licencias y porte de armas.<\/span><\/p>\n<p><span class=\"text1noticias\">Sin embargo, lo que hagamos a nivel institucional para combatir el crimen y la violencia no puede ser aislado, hace falta un compromiso de todos los actores.<\/span><\/p>\n<p><span class=\"text1noticias\">Dicho de otra forma, la seguridad ciudadana no le concierne \u00fanicamente a la polic\u00eda.<\/span><\/p>\n<p><span class=\"text1noticias\">Por eso, quiero anunciarles que estamos apostando por un abordaje integral y buscando f\u00f3rmulas para que, a trav\u00e9s de una acci\u00f3n coordinada de los servicios sociales, el sector privado y la ciudadan\u00eda,<\/span><\/p>\n<\/p>\n<p><span class=\"text1noticias\">reduzcamos los patrones que permiten perpetuar la exclusi\u00f3n y potenciemos aquellos que generan inclusi\u00f3n.<\/span><\/p>\n<p><span class=\"text1noticias\">Nuestro deseo es que el desarrollo de la pol\u00edticas de seguridad sea el resultado de una gran concertaci\u00f3n; que tenga como base las estad\u00edsticas, la inteligencia y la participaci\u00f3n conjunta y activa de todos los sectores de nuestra sociedad.<\/span><\/p>\n<p><span class=\"text1noticias\">Aprovecho tambi\u00e9n esta oportunidad para hacer un llamado de atenci\u00f3n a la opini\u00f3n p\u00fablica, al Poder Judicial y a este Congreso Nacional para que nos abramos a un di\u00e1logo sincero sobre nuestro modelo de proceso penal y evaluemos como se est\u00e1 aplicando en la pr\u00e1ctica.<\/span><\/p>\n<p><span class=\"text1noticias\">Yo comparto la frustraci\u00f3n que siente la gente cuando ven que un crimen ha sido cometido por un individuo que ya hab\u00eda sido detenido m\u00faltiples veces.<\/span><\/p>\n<p><span class=\"text1noticias\">Esto no es aceptable. Y debemos trabajar juntos para eliminar esas rendijas en el sistema y que los criminales tengan claro que su destino es la c\u00e1rcel.<\/span><\/p>\n<\/p>\n<p><span class=\"text1noticias\">En definitiva, ahora que contamos con los cimientos que necesit\u00e1bamos, vamos a acelerar la implementaci\u00f3n de nuestro Plan de Seguridad, para llevar tranquilidad a las familias dominicanas.<\/span><\/p>\n<p><span class=\"text1noticias\">Vamos a conquistar, d\u00eda a d\u00eda, la seguridad en nuestras ciudades, en nuestros barrios y en el interior de los hogares dominicanos.<\/span><\/p>\n<\/p>\n<p><strong><span class=\"text1noticias\">Amigos y amigas,<\/span><\/strong><\/p>\n<p><span class=\"text1noticias\">Adem\u00e1s de estas \u00e1reas clave en las que estamos decididos a hacer m\u00e1s y mejor, hay otra en la que nos hemos propuesto marcar un antes y un despu\u00e9s. Me refiero al manejo del agua.<\/span><\/p>\n<p><span class=\"text1noticias\">Necesitamos un cambio sustancial en el uso de este recurso, que es vital para nuestra salud y tambi\u00e9n para el combate contra la pobreza. Porque d\u00e9jenme decirles que el cambio que se da en la vida de una familia que tiene acceso al agua potable es radical.<\/span><\/p>\n<p><span class=\"text1noticias\">Por eso, este va a ser, lo dije durante la campa\u00f1a pero hoy lo digo ya oficialmente, el cuatrienio del agua.<\/span><\/p>\n<\/p>\n<p><span class=\"text1noticias\">Tenemos un plazo de 4 a\u00f1os para poner en orden el sector, en torno a una estrategia que descansa en 4 pilares.<\/span><\/p>\n<p><span class=\"text1noticias\">Vamos a empezar por organizar y fortalecer nuestras instituciones, diferenciando bien los roles de cada una y mejorando las capacidades t\u00e9cnicas del personal.<\/span><\/p>\n<p><span class=\"text1noticias\">Con ello las instituciones que construyen obras o proveen servicios de agua dejar\u00e1n de tener funciones normativas y reguladoras, concentr\u00e1ndose en sus funciones productivas y comerciales.<\/span><\/p>\n<p><span class=\"text1noticias\">Facilitaremos la participaci\u00f3n comunitaria a trav\u00e9s de los consejos de cuenca como mecanismos de administraci\u00f3n y de soluci\u00f3n de conflictos.<\/span><\/p>\n<p><span class=\"text1noticias\">En segundo lugar, vamos a ampliar la cobertura del suministro en un 83% para el a\u00f1o 2020, incluyendo un 88% en la zona urbana y un 70% en la rural.<\/span><\/p>\n<p><span class=\"text1noticias\">Incluiremos tambi\u00e9n infraestructura y tecnolog\u00edas para una mayor eficiencia del uso de este recurso en actividades agr\u00edcolas y tur\u00edsticas. Para ello disminuiremos las brechas de cobertura,<\/span><\/p>\n<\/p>\n<p><span class=\"text1noticias\">minimizaremos las p\u00e9rdidas y extenderemos y ampliaremos el di\u00e1metro de las redes.<\/span><\/p>\n<p><span class=\"text1noticias\">Garantizaremos adem\u00e1s un 100% de cloraci\u00f3n de las aguas que se transportan por tuber\u00edas.<\/span><\/p>\n<p><span class=\"text1noticias\">El tercer pilar ser\u00e1 una Estrategia Nacional de Saneamiento. Si quieren tener una idea de lo importante que es este apartado, consideren solo el dato de que m\u00e1s de la mitad de las consultas m\u00e9dicas se derivan de problemas relativos al agua y al saneamiento.<\/span><\/p>\n<p><span class=\"text1noticias\">Vamos, por tanto, a preservar la salubridad en el suministro, con mejor manejo de las aguas residuales, garantizando el acceso al alcantarillado y acabando con el vertido incontrolado de basura en las calles.<\/span><\/p>\n<p><span class=\"text1noticias\">Y por \u00faltimo, continuaremos los proyectos de gesti\u00f3n integral de las cuencas de los r\u00edos, siguiendo la experiencia del proyecto Cultivando Agua Buena, que est\u00e1 siendo muy positiva y extendi\u00e9ndola a las cuencas de los r\u00edos Ozama e Isabela.<\/span><\/p>\n<\/p>\n<p><span class=\"text1noticias\">Esto incluye tambi\u00e9n la reforestaci\u00f3n: tenemos que comenzar con tiempo a proteger las cuencas de los r\u00edos, si queremos tener en el futuro agua para nuestro consumo y nuestro desarrollo.<\/span><\/p>\n<p><span class=\"text1noticias\">Se\u00f1oras y se\u00f1ores,<\/span><\/p>\n<p><span class=\"text1noticias\">Durante los cuatro \u00faltimos a\u00f1os nos pusimos como meta orientar las infraestructuras a las necesidades primordiales de la gente.<\/span><\/p>\n<p><span class=\"text1noticias\">Esto ha significado que el Ministerio de Obras P\u00fablicas y Comunicaciones haya intervenido miles de kil\u00f3metros en trabajos de construcci\u00f3n y reconstrucci\u00f3n de v\u00edas en todo el pa\u00eds.<\/span><\/p>\n<p><span class=\"text1noticias\">Esto incluye m\u00e1s de 3,200 kil\u00f3metros de carreteras, 3,400 kil\u00f3metros de reconstrucci\u00f3n de calles y 2,275 kil\u00f3metros de caminos vecinales y carreteras rurales.<\/span><\/p>\n<p><span class=\"text1noticias\">Y en el pr\u00f3ximo cuatrienio, entre otros proyectos, est\u00e1 prevista la conclusi\u00f3n de 10 importantes obras:<\/span><\/p>\n<\/p>\n<p><span class=\"text1noticias\">La circunvalaci\u00f3n de Ban\u00ed, la circunvalaci\u00f3n sur de San Juan, la circunvalaci\u00f3n de Azua, la circunvalaci\u00f3n de Cabarete, la prolongaci\u00f3n de la circunvalaci\u00f3n norte de Santiago, la carretera Navarrete ? Puerto Plata, el tercer tramo de la Circunvalaci\u00f3n Juan Bosch en Santo Domingo, el paso a desnivel de la Avenida Isabel Aguiar, en Santo Domingo Oeste, la carretera Hato Mayor- El Puerto- Bayaguana y la Circunvalaci\u00f3n de San Francisco de Macor\u00eds.<\/span><\/p>\n<p><span class=\"text1noticias\">Paralelamente, seguiremos trabajando con brigadas en todo el pa\u00eds para seguir mejorando los caminos vecinales y asegurar que nuestras comunidades tienen v\u00edas dignas para el transporte de personas y mercanc\u00edas.<\/span><\/p>\n<p><span class=\"text1noticias\">Amigos y amigas,<\/span><\/p>\n<p><span class=\"text1noticias\">No les quepa duda, vamos a seguir modernizando nuestro pa\u00eds y uni\u00e9ndolo de norte a sur y de este a oeste. Para que ning\u00fan dominicano quede fuera del tren del progreso.<\/span><\/p>\n<p><span class=\"text1noticias\">Y para lograrlo, otro \u00e1mbito en el que estamos decididos a dar pasos de gigante es el transporte.<\/span><\/p>\n<\/p>\n<p><span class=\"text1noticias\">Y lo hacemos porque, como les dije al principio, nuestra prioridad son las grandes mayor\u00edas y sus necesidades diarias.<\/span><\/p>\n<p><span class=\"text1noticias\">Sabemos que, para las familias que cada mes tienen que destinar entre un 20% y un 25% de sus ingresos para poder ir al trabajo o llevar a sus hijos a la escuela, la mejora del transporte es una urgente necesidad.<\/span><\/p>\n<p><span class=\"text1noticias\">Por eso reduciremos el gasto que representa el transporte en cada familia dominicana hasta un 30%. Esto lo lograremos integrando la tarifa del transporte p\u00fablico, en un sistema de pago \u00fanico, que permita regular los costos dentro de un Sistema Integrado de Transporte P\u00fablico, que comenzaremos a implementar en el gran Santo Domingo para luego continuar con las dem\u00e1s ciudades del pa\u00eds.<\/span><\/p>\n<p><span class=\"text1noticias\">A partir de los corredores troncales, se desarrollar\u00e1 el Sistema Urbano de Buses Alimentadores, integrando a los operadores privados en un nuevo modelo de negocio, que garantice las inversiones y promueva un servicio de calidad para los usuarios.<\/span><\/p>\n<p><span class=\"text1noticias\">El Gobierno promover\u00e1 la formaci\u00f3n de empresas de transporte, a trav\u00e9s de una capacitaci\u00f3n y<\/span><\/p>\n<\/p>\n<p><span class=\"text1noticias\">formalizaci\u00f3n del sector, convirtiendo los actuales operadores independientes en empresas organizadas que garanticen el servicio y la calidad de vida para los choferes.<\/span><\/p>\n<p><span class=\"text1noticias\">Los choferes pasar\u00edan as\u00ed de trabajar 16 horas al d\u00eda a un horario de trabajo organizado, que les permita compartir con su familia y tener su sustento de vida garantizado a trav\u00e9s de un trabajo digno y los beneficios que brinda la seguridad social.<\/span><\/p>\n<p><span class=\"text1noticias\">Al mismo tiempo lanzaremos el Plan Nacional de Seguridad Vial para la prevenci\u00f3n de accidentes de tr\u00e1nsito, mediante la creaci\u00f3n del Consejo Nacional de Seguridad Vial, que coordine a todos los organismos involucrados en resolver esta gran asignatura pendiente.<\/span><\/p>\n<p><span class=\"text1noticias\">Todas estas medidas van a estar coordinadas, a nivel institucional por el nuevo Instituto del Transporte, que centralizar\u00e1 las competencias de las antiguas instituciones, posibilitando as\u00ed el principio de una aut\u00e9ntica pol\u00edtica de transporte p\u00fablico en el pa\u00eds.<\/span><\/p>\n<p><span class=\"text1noticias\">Es por esto, que como medida transitoria y de inmediato, estaremos emitiendo en las pr\u00f3ximas<\/span><\/p>\n<\/p>\n<p><span class=\"text1noticias\">semanas un decreto para la creaci\u00f3n de la autoridad \u00fanica de transporte.<\/span><\/p>\n<p><span class=\"text1noticias\">En espera de la aprobaci\u00f3n de la nueva ley de transporte, vialidad y seguridad vial, este decreto contribuir\u00e1 a mejorar la coordinaci\u00f3n interinstitucional, integrando las competencias en un \u00fanico \u00f3rgano regulador.<\/span><\/p>\n<p><span class=\"text1noticias\">De esta manera, la autoridad \u00fanica comenzar\u00e1 a trabajar con las instituciones y los operadores privados. Y veremos as\u00ed el principio del fin del problema del transporte en el pa\u00eds.<\/span><\/p>\n<p><span class=\"text1noticias\">Se\u00f1oras y se\u00f1ores,<\/span><\/p>\n<p><span class=\"text1noticias\">En materia energ\u00e9tica tambi\u00e9n firmar\u00e9 otro decreto puente encaminado a la transformaci\u00f3n y modernizaci\u00f3n del sector.<\/span><\/p>\n<p><span class=\"text1noticias\">Este decreto establece que tanto la Comisi\u00f3n Nacional de Energ\u00eda como la Direcci\u00f3n de Miner\u00eda pasar\u00e1n a ser viceministerios del Ministerio de Energ\u00eda y Minas, lo que permitir\u00e1 mejorar la coordinaci\u00f3n entre las diferentes \u00e1reas.<\/span><\/p>\n<\/p>\n<p><span class=\"text1noticias\">Este es el primer paso para el cambio institucional, que se completar\u00eda con la desaparici\u00f3n de la CDEEE en el a\u00f1o 2018, tal como establece la Ley.<\/span><\/p>\n<p><span class=\"text1noticias\">El Ministerio de Energ\u00eda y Minas ser\u00e1 as\u00ed el \u00f3rgano que trazar\u00e1 las pol\u00edticas y estrategias del sector el\u00e9ctrico y el responsable de la tutela de todas las empresas de propiedad estatal o mixta del sector. Y las empresas del sector el\u00e9ctrico p\u00fablico pasar\u00e1n a ser coordinadas por un Holding o corporaci\u00f3n a cargo de la actividad empresarial p\u00fablica.<\/span><\/p>\n<p><span class=\"text1noticias\">Siempre en el marco del Pacto El\u00e9ctrico, aplicaremos un calendario de reducci\u00f3n de p\u00e9rdidas que permita pasar del 31% actual a un 15%, as\u00ed como una estrategia de mejora de la eficiencia de las empresas distribuidoras.<\/span><\/p>\n<p><span class=\"text1noticias\">Esto permitir\u00e1 que cuando entre la planta de Punta Catalina se aproveche mejor la inyecci\u00f3n de 720 MV que entrar\u00e1n al Sistema \u00danico Interconectado.<\/span><\/p>\n<p><span class=\"text1noticias\">Al mismo tiempo incrementaremos la instalaci\u00f3n de medidores prepago para los sectores de menores ingresos y aquellos favorecidos con el subsidio de Bono Luz.<\/span><\/p>\n<\/p>\n<p><span class=\"text1noticias\">Mantendremos los 412,000 clientes favorecidos con el bono luz y el Ministerio de Hacienda se comprometer\u00e1 a transferir directamente a las distribuidoras el monto mensual total correspondiente al Bono.<\/span><\/p>\n<p><span class=\"text1noticias\">Finalmente el gobierno llevar\u00e1 a la mesa del dialogo con los diversos sectores de la sociedad que participan en la discusi\u00f3n del Pacto El\u00e9ctrico su punto de vista a cerca de la tarifa t\u00e9cnica y el desmonte gradual del subsidio cruzado.<\/span><\/p>\n<p><span class=\"text1noticias\">Se\u00f1oras y se\u00f1ores, Si hablamos de apuestas novedosas, hay una iniciativa que sin duda ser\u00e1 clave para la modernizaci\u00f3n de nuestro pa\u00eds. Me refiero al programa que hemos llamado Rep\u00fablica Digital.<\/span><\/p>\n<p><span class=\"text1noticias\">Desde el momento en que anunci\u00e9 esta nueva propuesta, nuestros equipos t\u00e9cnicos se han puesto a trabajar para dise\u00f1ar la hoja de ruta que nos permitir\u00e1 dar este salto cualitativo y crear oportunidades de empleo y desarrollo, especialmente para las nuevas generaciones.<\/span><\/p>\n<\/p>\n<p><span class=\"text1noticias\">Hay una cita conocida en el mundo de las tecnolog\u00edas, que dice: el futuro ya est\u00e1 aqu\u00ed, pero est\u00e1 desigualmente repartido. Con Rep\u00fablica Digital, aseguraremos que el futuro llegue por igual a cada dominicano y cada dominicana.<\/span><\/p>\n<p><span class=\"text1noticias\">Coordinando a nuestras instituciones, en los pr\u00f3ximos a\u00f1os nos proponemos lograr el acceso a internet de Banda Ancha en todo el pa\u00eds, logrando adem\u00e1s una reducci\u00f3n significativa en e<\/p>\n<h6> 2016-08-16 13:58:47 <\/h6>\n<p><!--\n<link rel=\"stylesheet\" href=\"css\/bootstrap.min.css\">\n\n\n<ul class=\"pagination\">\n\t    \n\t\n\n<li >\n\t<a href='?page_no=12227'>Previous<\/a>\n\t<\/li>\n\n\n       \n    \n\n<li><a href='?page_no=1'>1<\/a><\/li>\n\n\n\n<li><a href='?page_no=2'>2<\/a><\/li>\n\n\n\n<li><a>...<\/a><\/li>\n\n\n\n<li><a href='?page_no=12226'>12226<\/a><\/li>\n\n\n\n<li><a href='?page_no=12227'>12227<\/a><\/li>\n\n\n\n<li class='active'><a>12228<\/a><\/li>\n\n\n\n<li><a href='?page_no=12229'>12229<\/a><\/li>\n\n\n\n<li><a href='?page_no=12230'>12230<\/a><\/li>\n\n\n\n<li><a>...<\/a><\/li>\n\n\n\n<li><a href='?page_no=56169'>56169<\/a><\/li>\n\n\n\n<li><a href='?page_no=56170'>56170<\/a><\/li>\n\n    \n\t\n\n<li >\n\t<a href='?page_no=12229'>Next<\/a>\n\t<\/li>\n\n\n    \n\n<li><a href='?page_no=56170'>Last &rsaquo;&rsaquo;<\/a><\/li>\n\n<\/ul>\n\n\n--><br \/>\n<\/span><\/p>\n<p><\/body><\/p>\n","protected":false},"excerpt":{"rendered":"<p>Honorable Se\u00f1or Reinaldo Pared P\u00e9rez, Presidente de la Asamblea Nacional; Excelent\u00edsimo Se\u00f1or Rafael Correa, Presidente de la Rep\u00fablica de Ecuador; Excelent\u00edsimo Se\u00f1or Juan Carlos Valera Rodr\u00edguez, Presidente de la Rep\u00fablica de Panam\u00e1; Excelent\u00edsimo Se\u00f1or Jimmy Morales Cabrera, Presidente de la Rep\u00fablica de Guatemala; Excelent\u00edsimo Se\u00f1or Juan Orlando Hern\u00e1ndez, Presidente de la Rep\u00fablica de Honduras; Excelent\u00edsimo [&hellip;]<\/p>\n","protected":false},"author":3,"featured_media":0,"comment_status":"open","ping_status":"open","sticky":false,"template":"","format":"standard","meta":{"footnotes":""},"categories":[20],"tags":[],"class_list":["post-217736","post","type-post","status-publish","format-standard","hentry","category-dominicana-hoy"],"_links":{"self":[{"href":"https:\/\/diariodominicano.com\/index.php?rest_route=\/wp\/v2\/posts\/217736","targetHints":{"allow":["GET"]}}],"collection":[{"href":"https:\/\/diariodominicano.com\/index.php?rest_route=\/wp\/v2\/posts"}],"about":[{"href":"https:\/\/diariodominicano.com\/index.php?rest_route=\/wp\/v2\/types\/post"}],"author":[{"embeddable":true,"href":"https:\/\/diariodominicano.com\/index.php?rest_route=\/wp\/v2\/users\/3"}],"replies":[{"embeddable":true,"href":"https:\/\/diariodominicano.com\/index.php?rest_route=%2Fwp%2Fv2%2Fcomments&post=217736"}],"version-history":[{"count":0,"href":"https:\/\/diariodominicano.com\/index.php?rest_route=\/wp\/v2\/posts\/217736\/revisions"}],"wp:attachment":[{"href":"https:\/\/diariodominicano.com\/index.php?rest_route=%2Fwp%2Fv2%2Fmedia&parent=217736"}],"wp:term":[{"taxonomy":"category","embeddable":true,"href":"https:\/\/diariodominicano.com\/index.php?rest_route=%2Fwp%2Fv2%2Fcategories&post=217736"},{"taxonomy":"post_tag","embeddable":true,"href":"https:\/\/diariodominicano.com\/index.php?rest_route=%2Fwp%2Fv2%2Ftags&post=217736"}],"curies":[{"name":"wp","href":"https:\/\/api.w.org\/{rel}","templated":true}]}}