{"id":217735,"date":"2016-08-16T14:38:06","date_gmt":"2016-08-16T14:38:06","guid":{"rendered":"http:\/\/diariodominicano.ddns.net\/?p=217735"},"modified":"2016-08-16T14:38:06","modified_gmt":"2016-08-16T14:38:06","slug":"danilo-medina-fomentara-la-transparencia-y-lucha-contra-la-corrupcion","status":"publish","type":"post","link":"https:\/\/diariodominicano.com\/?p=217735","title":{"rendered":"Danilo Medina fomentar\u00e1 la transparencia y lucha contra la corrupci\u00f3n"},"content":{"rendered":"<p><body><\/p>\n<p><img decoding=\"async\" src=\"img3\/Cp_ZAbtUMAELOeQ.jpg\" \/><br \/><img decoding=\"async\" src=\"img3\/Cp_h7zXUAAAkc_B.jpg\" \/>  <\/p>\n<p><strong><span class=\"text1noticias\">Al pronunciar su discurso de juramentaci\u00f3n para el periodo 2016-2020, el presidente Danilo Medina dijo que est\u00e1 del lado de la gente honrada y que no variar\u00e1 su actitud y voluntad de hacer las cosas bien.<\/span><\/strong><\/p>\n<\/p>\n<p><strong><span class=\"text1noticias\">SANTO DOMINGO, RD, (DICOM) 16 de Agosto de 2016.-<\/span><\/strong><span class=\"text1noticias\"> El presidente Danilo Medina anunci\u00f3 este martes que en su nueva gesti\u00f3n de gobierno llevar\u00e1 a cabo un vigoroso programa de fomento de la transparencia, la institucionalidad y de lucha contra la corrupci\u00f3n.<\/span><\/p>\n<\/p>\n<p><span class=\"text1noticias\">Precis\u00f3 que para eso, mantendr\u00e1 un di\u00e1logo permanente con la sociedad dominicana. Igualmente, dijo que junto a los Poderes Judicial y Legislativo promover\u00e1 el relanzamiento de un proceso de reformas para alcanzar un sistema judicial m\u00e1s efectivo.<\/span><\/p>\n<\/p>\n<p><span class=\"text1noticias\">Al pronunciar su discurso de juramentaci\u00f3n para el periodo 2016-2020, el gobernante dominicano manifest\u00f3 que est\u00e1 del lado de la gente honrada y que no variar\u00e1 su actitud y voluntad de hacer las cosas bien.<\/span><\/p>\n<\/p>\n<p><span class=\"text1noticias\">Asimismo anunci\u00f3 que junto a los partidos representados en el Congreso Nacional est\u00e1 impulsando la Ley de Partidos Pol\u00edticos e implementar\u00e1 la Ley de Extinci\u00f3n de Dominio, para que el Estado decomise y recupere de manera \u00e1gil los bienes adquiridos por actos de corrupci\u00f3n y otros il\u00edcitos.<\/span><\/p>\n<\/p>\n<p><span class=\"text1noticias\">Danilo Medina inform\u00f3 que incrementar\u00e1 la capacidad operativa de la Contralor\u00eda General de la Rep\u00fablica, para que se asuma plenamente en todas las instituciones del Estado, incluyendo a los ayuntamientos.<\/span><\/p>\n<\/p>\n<p><span class=\"text1noticias\">Compromiso con la ley; m\u00e1s fuerte y firme que nunca<\/span><\/p>\n<\/p>\n<p><span class=\"text1noticias\">\u00abPueden estar seguros, en este nuevo periodo de gobierno, mi compromiso con el cumplimiento de la ley y con las buenas pr\u00e1cticas es m\u00e1s fuerte y m\u00e1s firme que nunca. Estoy totalmente decidido a cerrar las puertas a los abusos y las arbitrariedades\u00bb, afirm\u00f3.<\/span><\/p>\n<\/p>\n<p><span class=\"text1noticias\">Mostr\u00f3 su disposici\u00f3n a empe\u00f1ar todos los esfuerzos que sean necesarios para asegurar que cada peso de los fondos p\u00fablicos se invierta de forma eficiente donde se tiene que invertir: en las necesidades del pueblo dominicano.<\/span><\/p>\n<\/p>\n<p><span class=\"text1noticias\">Ley Electoral<\/span><\/p>\n<\/p>\n<p><span class=\"text1noticias\">\u00abEn estos mismos momentos estamos impulsando, junto al resto de partidos representados en el Congreso, la ley de partidos pol\u00edticos y la ley electoral. Para establecer unas reglas que sean de obligado cumplimiento para todos y con ello salga ganando la democracia\u00bb, proclam\u00f3 Danilo Medina.<\/span><\/p>\n<\/p>\n<p><span class=\"text1noticias\">Expres\u00f3 que en su primera gesti\u00f3n gubernamental se mantuvo luchando por extender la transparencia y el imperio de la ley en las instituciones p\u00fablicas.<\/span><\/p>\n<\/p>\n<p><span class=\"text1noticias\">Estado eficiente sin privilegios y exclusiones.<\/span><\/p>\n<\/p>\n<p><span class=\"text1noticias\">\u00abY quiero aprovechar esta ocasi\u00f3n, esta fecha sagrada del 16 de agosto, para renovar este compromiso con una Patria en la que reinen la honestidad y la transparencia\u00bb, puntualiz\u00f3.<\/span><\/p>\n<\/p>\n<p><span class=\"text1noticias\">El gobernante se declar\u00f3 creyente en un pa\u00eds con igualdad de oportunidades para todos y en un Estado eficiente que no tolere privilegios y exclusiones.<\/span><\/p>\n<\/p>\n<p><span class=\"text1noticias\">Eficiencia en el gasto p\u00fablico y mejor\u00eda salarial de trabajadores<\/span><\/p>\n<\/p>\n<p><span class=\"text1noticias\">El jefe de Estado dominicano reconoci\u00f3 que son muchos los retos que los dominicanos deben enfrentar todav\u00eda para alcanzar las metas que se establecieron como pa\u00eds en la Estrategia Nacional de Desarrollo.<\/span><\/p>\n<\/p>\n<p><span class=\"text1noticias\">Dijo que entre esos retos est\u00e1 llegar a acuerdos que permitan la mejor\u00eda salarial de los trabajadores, y proclam\u00f3 que el Gobierno est\u00e1 decidido a mejorar la eficiencia en el gasto p\u00fablico y a seguir garantizando la racionalidad.<\/span><\/p>\n<\/p>\n<p><span class=\"text1noticias\">\u00abSin embargo, es necesario que se conozca la realidad presupuestaria que vivimos\u00bb, subray\u00f3, y se\u00f1al\u00f3 a seguidas, que salvo excepciones, como el Ministerio de Educaci\u00f3n, la mayor\u00eda de las instituciones contin\u00faan con las mismas partidas que recib\u00edan hace m\u00e1s de cinco a\u00f1os.<\/span><\/p>\n<\/p>\n<p><span class=\"text1noticias\">Indic\u00f3 que: \u00abel desarrollo que deseamos debe ser financiado, \u00aby debemos lograr que se financie con justicia social, con equidad y con transparencia. Estoy convencido de ello, por eso vamos a redoblar los esfuerzos para garantizar que todas las instituciones alcancen las metas de transparencia que nos hemos propuesto\u00bb.<\/span><\/p>\n<\/p>\n<p><span class=\"text1noticias\">Monitoreo a instituciones<\/span><\/p>\n<\/p>\n<p><span class=\"text1noticias\">El presidente de la Rep\u00fablica destac\u00f3 que para garantizar una mayor transparencia, instruy\u00f3 al Ministerio de la Presidencia para que ponga en marcha un mecanismo de medici\u00f3n y monitoreo que d\u00e9 seguimiento riguroso a las instituciones p\u00fablicas, con \u00e9nfasis en el efectivo desarrollo de sus planes y proyectos.<\/span><\/p>\n<\/p>\n<p><span class=\"text1noticias\">Anunci\u00f3 que extender\u00e1 por ley el sistema de veedur\u00edas en todas las dependencias del Estado y promover\u00e1 los sorteos como mecanismo de adjudicaci\u00f3n de obras poco complejas y en todos los sectores en que sea posible, \u00aby haremos de uso obligatorio el Portal Transaccional de Compras y Contrataciones para toda las instituciones p\u00fablicas\u00bb.<\/span><\/p>\n<\/p>\n<p><span class=\"text1noticias\">Danilo Medina agreg\u00f3 que los procesos en las oficinas que otorgan licencias y permisos, ser\u00e1n simplificados para que sean expeditos, de bajo costo y m\u00e1s transparentes.<\/span><\/p>\n<\/p>\n<h6> 2016-08-16 14:38:06 <\/h6>\n<p><!--\n<link rel=\"stylesheet\" href=\"css\/bootstrap.min.css\">\n\n\n<ul class=\"pagination\">\n\t    \n\t\n\n<li >\n\t<a href='?page_no=12226'>Previous<\/a>\n\t<\/li>\n\n\n       \n    \n\n<li><a href='?page_no=1'>1<\/a><\/li>\n\n\n\n<li><a href='?page_no=2'>2<\/a><\/li>\n\n\n\n<li><a>...<\/a><\/li>\n\n\n\n<li><a href='?page_no=12225'>12225<\/a><\/li>\n\n\n\n<li><a href='?page_no=12226'>12226<\/a><\/li>\n\n\n\n<li class='active'><a>12227<\/a><\/li>\n\n\n\n<li><a href='?page_no=12228'>12228<\/a><\/li>\n\n\n\n<li><a href='?page_no=12229'>12229<\/a><\/li>\n\n\n\n<li><a>...<\/a><\/li>\n\n\n\n<li><a href='?page_no=56169'>56169<\/a><\/li>\n\n\n\n<li><a href='?page_no=56170'>56170<\/a><\/li>\n\n    \n\t\n\n<li >\n\t<a href='?page_no=12228'>Next<\/a>\n\t<\/li>\n\n\n    \n\n<li><a href='?page_no=56170'>Last &rsaquo;&rsaquo;<\/a><\/li>\n\n<\/ul>\n\n\n--><br \/>\n<\/body><\/p>\n","protected":false},"excerpt":{"rendered":"<p>Al pronunciar su discurso de juramentaci\u00f3n para el periodo 2016-2020, el presidente Danilo Medina dijo que est\u00e1 del lado de la gente honrada y que no variar\u00e1 su actitud y voluntad de hacer las cosas bien. SANTO DOMINGO, RD, (DICOM) 16 de Agosto de 2016.- El presidente Danilo Medina anunci\u00f3 este martes que en su [&hellip;]<\/p>\n","protected":false},"author":3,"featured_media":0,"comment_status":"open","ping_status":"open","sticky":false,"template":"","format":"standard","meta":{"footnotes":""},"categories":[20],"tags":[],"class_list":["post-217735","post","type-post","status-publish","format-standard","hentry","category-dominicana-hoy"],"_links":{"self":[{"href":"https:\/\/diariodominicano.com\/index.php?rest_route=\/wp\/v2\/posts\/217735","targetHints":{"allow":["GET"]}}],"collection":[{"href":"https:\/\/diariodominicano.com\/index.php?rest_route=\/wp\/v2\/posts"}],"about":[{"href":"https:\/\/diariodominicano.com\/index.php?rest_route=\/wp\/v2\/types\/post"}],"author":[{"embeddable":true,"href":"https:\/\/diariodominicano.com\/index.php?rest_route=\/wp\/v2\/users\/3"}],"replies":[{"embeddable":true,"href":"https:\/\/diariodominicano.com\/index.php?rest_route=%2Fwp%2Fv2%2Fcomments&post=217735"}],"version-history":[{"count":0,"href":"https:\/\/diariodominicano.com\/index.php?rest_route=\/wp\/v2\/posts\/217735\/revisions"}],"wp:attachment":[{"href":"https:\/\/diariodominicano.com\/index.php?rest_route=%2Fwp%2Fv2%2Fmedia&parent=217735"}],"wp:term":[{"taxonomy":"category","embeddable":true,"href":"https:\/\/diariodominicano.com\/index.php?rest_route=%2Fwp%2Fv2%2Fcategories&post=217735"},{"taxonomy":"post_tag","embeddable":true,"href":"https:\/\/diariodominicano.com\/index.php?rest_route=%2Fwp%2Fv2%2Ftags&post=217735"}],"curies":[{"name":"wp","href":"https:\/\/api.w.org\/{rel}","templated":true}]}}