{"id":217734,"date":"2016-08-16T14:38:21","date_gmt":"2016-08-16T14:38:21","guid":{"rendered":"http:\/\/diariodominicano.ddns.net\/?p=217734"},"modified":"2016-08-16T14:38:21","modified_gmt":"2016-08-16T14:38:21","slug":"mandatario-juramenta-nuevos-funcionarios","status":"publish","type":"post","link":"https:\/\/diariodominicano.com\/?p=217734","title":{"rendered":"Mandatario juramenta nuevos funcionarios"},"content":{"rendered":"<p><body><\/p>\n<p><img decoding=\"async\" src=\"img3\/miguel vargas.jgg.jpg\" \/>  <\/p>\n<p><strong> <\/strong><\/p>\n<p><strong> <\/strong><\/p>\n<p><strong><span class=\"text1noticias\">SANTO DOMINGO, RD, 16 de agosto.- <\/span><\/strong><span class=\"text1noticias\">El presidente Danilo Medina realiz\u00f3 este martes varias designaciones y ratific\u00f3 a otros en su gabinete, al iniciar  un nuevo per\u00edodo de gobierno.<\/span><\/p>\n<\/p>\n<p><span class=\"text1noticias\">Entre las designaciones se encuentran el ingeniero  Miguel Vargas Maldonado. Canciller de la Rep\u00fablica, Jean A. Rodr\u00edguez, Procurador General de la Rep\u00fablica; Flavio Dar\u00edo Espinal, consultor Jur\u00eddico del Poder Ejecutivo, Danilo D\u00edaz, ministro de Deportes; Jos\u00e9 Ram\u00f3n Peralta, ministro Administrativo de la Presidencia; Ram\u00f3n Ventura Camejo, ministro de  Administraci\u00f3n P\u00fablica, y Robianny Balc\u00e1cer, ministra de la Juventud.<\/span><\/p>\n<\/p>\n<p><span class=\"text1noticias\">Tambi\u00e9n fueron designados Pedro Verg\u00e9s, ministro de Cultura; Francisco Dom\u00ednguez Brito, ministro Medio Ambiente; Jeannet Camilo, ministra de la Mujer; \u00c1ngel Est\u00e9vez, ministro de  Agricultura; Antonio Isa Conde, ministro de Energ\u00eda y Minas; Altagracia Guzm\u00e1n Marcelino, ministra Salud P\u00fablica; Francisco Javier Garc\u00eda, ratificado ministro de Turismo.<\/span><\/p>\n<\/p>\n<p><span class=\"text1noticias\">Asimismo, Jos\u00e9 Ram\u00f3n Fadul, ministro de Trabajo; Gonzalo Castillo, ratificado  ministro de Obras P\u00fablicas; Andr\u00e9s Navarro, ministro de Educaci\u00f3n; Alejandrina Germ\u00e1n, ministra de Educaci\u00f3n Superior; Tem\u00edstocles Mont\u00e1s, ministro Industria y Comercio; Isidoro Santana,  ministro de Econom\u00eda;  Donald Guerrero, ministro de Hacienda, y Carlos Amarante Baret, ministro de Interior y Polic\u00eda.<\/span><\/p>\n<\/p>\n<p><span class=\"text1noticias\">Asimismo, el mayor general Rub\u00e9n Dar\u00edo Paulinio, fue ascendido al rango de teniente general y designado Ministro de Defensa, y Gustavo Montalvo fue ratificado ministro de la Presidencia.<\/span><\/p>\n<\/p>\n<p><span class=\"text1noticias\">Jos\u00e9 del Castillo Savi\u00f1\u00f3n, fue designado nuevo presidente del Instituto Dominicano de las Telecomunicaciones (INDOTEL).<\/span><\/p>\n<\/p>\n<p><span class=\"text1noticias\">Luis Henry Molina, director del CEIRD; Roberto Rodr\u00edguez Marchena confirmado  director DICOM; Enrique Ram\u00edrez, director de Aduanas; Rub\u00e9n Bichara, vicepresidente de la CDEEE; Sim\u00f3n Lizardo, administrador general del Banco de Reservas.<\/span><\/p>\n<\/p>\n<p><span class=\"text1noticias\">Sigfrido Pared P\u00e9rez qued\u00f3 ratificado director del DNI.<\/span><\/p>\n<\/p>\n<p><span class=\"text1noticias\">Los funcionarios fueron juramentados por el presidente Medina en el Sal\u00f3n d Embajadores del Palacio Nacional.<\/span><\/p>\n<\/p>\n<h6> 2016-08-16 14:38:21 <\/h6>\n<p><!--\n<link rel=\"stylesheet\" href=\"css\/bootstrap.min.css\">\n\n\n<ul class=\"pagination\">\n\t    \n\t\n\n<li >\n\t<a href='?page_no=12225'>Previous<\/a>\n\t<\/li>\n\n\n       \n    \n\n<li><a href='?page_no=1'>1<\/a><\/li>\n\n\n\n<li><a href='?page_no=2'>2<\/a><\/li>\n\n\n\n<li><a>...<\/a><\/li>\n\n\n\n<li><a href='?page_no=12224'>12224<\/a><\/li>\n\n\n\n<li><a href='?page_no=12225'>12225<\/a><\/li>\n\n\n\n<li class='active'><a>12226<\/a><\/li>\n\n\n\n<li><a href='?page_no=12227'>12227<\/a><\/li>\n\n\n\n<li><a href='?page_no=12228'>12228<\/a><\/li>\n\n\n\n<li><a>...<\/a><\/li>\n\n\n\n<li><a href='?page_no=56169'>56169<\/a><\/li>\n\n\n\n<li><a href='?page_no=56170'>56170<\/a><\/li>\n\n    \n\t\n\n<li >\n\t<a href='?page_no=12227'>Next<\/a>\n\t<\/li>\n\n\n    \n\n<li><a href='?page_no=56170'>Last &rsaquo;&rsaquo;<\/a><\/li>\n\n<\/ul>\n\n\n--><br \/>\n<\/body><\/p>\n","protected":false},"excerpt":{"rendered":"<p>SANTO DOMINGO, RD, 16 de agosto.- El presidente Danilo Medina realiz\u00f3 este martes varias designaciones y ratific\u00f3 a otros en su gabinete, al iniciar un nuevo per\u00edodo de gobierno. Entre las designaciones se encuentran el ingeniero Miguel Vargas Maldonado. Canciller de la Rep\u00fablica, Jean A. Rodr\u00edguez, Procurador General de la Rep\u00fablica; Flavio Dar\u00edo Espinal, consultor [&hellip;]<\/p>\n","protected":false},"author":3,"featured_media":0,"comment_status":"open","ping_status":"open","sticky":false,"template":"","format":"standard","meta":{"footnotes":""},"categories":[20],"tags":[],"class_list":["post-217734","post","type-post","status-publish","format-standard","hentry","category-dominicana-hoy"],"_links":{"self":[{"href":"https:\/\/diariodominicano.com\/index.php?rest_route=\/wp\/v2\/posts\/217734","targetHints":{"allow":["GET"]}}],"collection":[{"href":"https:\/\/diariodominicano.com\/index.php?rest_route=\/wp\/v2\/posts"}],"about":[{"href":"https:\/\/diariodominicano.com\/index.php?rest_route=\/wp\/v2\/types\/post"}],"author":[{"embeddable":true,"href":"https:\/\/diariodominicano.com\/index.php?rest_route=\/wp\/v2\/users\/3"}],"replies":[{"embeddable":true,"href":"https:\/\/diariodominicano.com\/index.php?rest_route=%2Fwp%2Fv2%2Fcomments&post=217734"}],"version-history":[{"count":0,"href":"https:\/\/diariodominicano.com\/index.php?rest_route=\/wp\/v2\/posts\/217734\/revisions"}],"wp:attachment":[{"href":"https:\/\/diariodominicano.com\/index.php?rest_route=%2Fwp%2Fv2%2Fmedia&parent=217734"}],"wp:term":[{"taxonomy":"category","embeddable":true,"href":"https:\/\/diariodominicano.com\/index.php?rest_route=%2Fwp%2Fv2%2Fcategories&post=217734"},{"taxonomy":"post_tag","embeddable":true,"href":"https:\/\/diariodominicano.com\/index.php?rest_route=%2Fwp%2Fv2%2Ftags&post=217734"}],"curies":[{"name":"wp","href":"https:\/\/api.w.org\/{rel}","templated":true}]}}