{"id":217733,"date":"2016-08-17T09:24:06","date_gmt":"2016-08-17T09:24:06","guid":{"rendered":"http:\/\/diariodominicano.ddns.net\/?p=217733"},"modified":"2016-08-17T09:24:06","modified_gmt":"2016-08-17T09:24:06","slug":"presidente-y-vicepresidenta-asisten-a-te-deum-en-la-catedral","status":"publish","type":"post","link":"https:\/\/diariodominicano.com\/?p=217733","title":{"rendered":"Presidente y vicepresidenta asisten a Te Deum en la Catedral"},"content":{"rendered":"<p><body><\/p>\n<p><img decoding=\"async\" src=\"img3\/Presiedeum17-8.jpg\" \/><br \/><img decoding=\"async\" src=\"img3\/catedralpresi17-8.jpg\" \/><br \/><img decoding=\"async\" src=\"http:\/\/10.0.0.82:8080\/img3\/ca%C3%83%C2%B1onazospresi17-8.jpg\" \/>  <\/p>\n<p><span class=\"text1noticias\">Santo Domingo, R. D., 17 de agosto.- El presidente Danilo Medina S\u00e1nchez, la Primera Dama, C\u00e1ndida Montilla de Medina y la vicepresidenta Margarita Cede\u00f1o de Fern\u00e1ndez, asistieron este martes al Te Deum con motivo del 153 aniversario de la Restauraci\u00f3n.<\/span><\/p>\n<p><span class=\"text1noticias\"> <\/span><\/p>\n<p><span class=\"text1noticias\">El oficio religioso, celebrado en la Catedral Primada de Am\u00e9rica inici\u00f3 con la llegada del jefe de Estado y sus acompa\u00f1antes, as\u00ed como de delegaciones especiales invitadas a las actividades oficiales de la juramentaci\u00f3n del gobernante dominicano.<\/span><\/p>\n<p><span class=\"text1noticias\"> <\/span><\/p>\n<p><span class=\"text1noticias\">Rinden honores<\/span><\/p>\n<p><span class=\"text1noticias\"> <\/span><\/p>\n<p><span class=\"text1noticias\">Durante la actividad, Danilo Medina tambi\u00e9n estuvo acompa\u00f1ado de sus hijas Sibely, Vanessa y Ana Paula.<\/span><\/p>\n<p><span class=\"text1noticias\"> <\/span><\/p>\n<p><span class=\"text1noticias\">A su llegada a la Catedral, tanto el presidente como la vicepresidenta recibieron los honores militares correspondientes a su investidura, por un batall\u00f3n del Primer Regimiento de la Guardia Presidencial.<\/span><\/p>\n<p><span class=\"text1noticias\"> <\/span><\/p>\n<p><span class=\"text1noticias\">El Te Deum fue oficiado por el reverendo padre Nelson Rafael Clark V\u00e1squez, delegado por el cardenal Nicol\u00e1s de Jes\u00fas Cardenal L\u00f3pez Rodr\u00edguez.<\/span><\/p>\n<p><span class=\"text1noticias\"> <\/span><\/p>\n<p><span class=\"text1noticias\">Estuvieron presentes los ministros de la Presidencia, Gustavo Montalvo; Administrativo de la Presidencia, Jos\u00e9 Ram\u00f3n Peralta, de Defensa, Rub\u00e9n Diario Paulino, de Relaciones Exteriores, Miguel Vargas Maldonado y los asistentes especiales del Presidente, Carlos Pared P\u00e9rez y Robert de la Cruz.<\/span><\/p>\n<p><span class=\"text1noticias\"> <\/span><\/p>\n<p><span class=\"text1noticias\">Adem\u00e1sasistieron, diplom\u00e1ticos, representantes de delegaciones internacionales que vinieron a la toma de posesi\u00f3n del presidente Danilo Medina para el periodo 2016-2020, entre  otras personalidades.<\/span><\/p>\n<p><span class=\"text1noticias\"> <\/span><\/p>\n<p><span class=\"text1noticias\">Luego del Te Deum, Danilo Medina, Candida Montilla de Medina y Margarita Cede\u00f1o de Fern\u00e1ndez se trasladaron al Altar de la Patria, para depositar una ofrenda floral, en homenaje a los h\u00e9roes de la Restau<\/span>raci\u00f3n.<\/p>\n<h6> 2016-08-17 09:24:06 <\/h6>\n<p><!--\n<link rel=\"stylesheet\" href=\"css\/bootstrap.min.css\">\n\n\n<ul class=\"pagination\">\n\t    \n\t\n\n<li >\n\t<a href='?page_no=12224'>Previous<\/a>\n\t<\/li>\n\n\n       \n    \n\n<li><a href='?page_no=1'>1<\/a><\/li>\n\n\n\n<li><a href='?page_no=2'>2<\/a><\/li>\n\n\n\n<li><a>...<\/a><\/li>\n\n\n\n<li><a href='?page_no=12223'>12223<\/a><\/li>\n\n\n\n<li><a href='?page_no=12224'>12224<\/a><\/li>\n\n\n\n<li class='active'><a>12225<\/a><\/li>\n\n\n\n<li><a href='?page_no=12226'>12226<\/a><\/li>\n\n\n\n<li><a href='?page_no=12227'>12227<\/a><\/li>\n\n\n\n<li><a>...<\/a><\/li>\n\n\n\n<li><a href='?page_no=56169'>56169<\/a><\/li>\n\n\n\n<li><a href='?page_no=56170'>56170<\/a><\/li>\n\n    \n\t\n\n<li >\n\t<a href='?page_no=12226'>Next<\/a>\n\t<\/li>\n\n\n    \n\n<li><a href='?page_no=56170'>Last &rsaquo;&rsaquo;<\/a><\/li>\n\n<\/ul>\n\n\n--><br \/>\n<\/body><\/p>\n","protected":false},"excerpt":{"rendered":"<p>Santo Domingo, R. D., 17 de agosto.- El presidente Danilo Medina S\u00e1nchez, la Primera Dama, C\u00e1ndida Montilla de Medina y la vicepresidenta Margarita Cede\u00f1o de Fern\u00e1ndez, asistieron este martes al Te Deum con motivo del 153 aniversario de la Restauraci\u00f3n. El oficio religioso, celebrado en la Catedral Primada de Am\u00e9rica inici\u00f3 con la llegada del [&hellip;]<\/p>\n","protected":false},"author":3,"featured_media":0,"comment_status":"open","ping_status":"open","sticky":false,"template":"","format":"standard","meta":{"footnotes":""},"categories":[20],"tags":[],"class_list":["post-217733","post","type-post","status-publish","format-standard","hentry","category-dominicana-hoy"],"_links":{"self":[{"href":"https:\/\/diariodominicano.com\/index.php?rest_route=\/wp\/v2\/posts\/217733","targetHints":{"allow":["GET"]}}],"collection":[{"href":"https:\/\/diariodominicano.com\/index.php?rest_route=\/wp\/v2\/posts"}],"about":[{"href":"https:\/\/diariodominicano.com\/index.php?rest_route=\/wp\/v2\/types\/post"}],"author":[{"embeddable":true,"href":"https:\/\/diariodominicano.com\/index.php?rest_route=\/wp\/v2\/users\/3"}],"replies":[{"embeddable":true,"href":"https:\/\/diariodominicano.com\/index.php?rest_route=%2Fwp%2Fv2%2Fcomments&post=217733"}],"version-history":[{"count":0,"href":"https:\/\/diariodominicano.com\/index.php?rest_route=\/wp\/v2\/posts\/217733\/revisions"}],"wp:attachment":[{"href":"https:\/\/diariodominicano.com\/index.php?rest_route=%2Fwp%2Fv2%2Fmedia&parent=217733"}],"wp:term":[{"taxonomy":"category","embeddable":true,"href":"https:\/\/diariodominicano.com\/index.php?rest_route=%2Fwp%2Fv2%2Fcategories&post=217733"},{"taxonomy":"post_tag","embeddable":true,"href":"https:\/\/diariodominicano.com\/index.php?rest_route=%2Fwp%2Fv2%2Ftags&post=217733"}],"curies":[{"name":"wp","href":"https:\/\/api.w.org\/{rel}","templated":true}]}}