{"id":217732,"date":"2016-08-17T10:47:58","date_gmt":"2016-08-17T10:47:58","guid":{"rendered":"http:\/\/diariodominicano.ddns.net\/?p=217732"},"modified":"2016-08-17T10:47:58","modified_gmt":"2016-08-17T10:47:58","slug":"juramentan-a-radhames-castro-nuevo-alcalde-de-boca-chica","status":"publish","type":"post","link":"https:\/\/diariodominicano.com\/?p=217732","title":{"rendered":"Juramentan a Radhames Castro  nuevo alcalde de Boca Chica"},"content":{"rendered":"<p><body><\/p>\n<p><img decoding=\"async\" src=\"img3\/boca chica 17-8.jpg\" \/>  <\/p>\n<p><strong><span class=\"text1noticias\">Boca Chica, R. D., 17 de agosto.- <\/span><\/strong><span class=\"text1noticias\">El ex diputado y l\u00edder pol\u00edtico Lic. Radhames Castro, fue juramentado nuevo alcalde del municipio de Boca Chica, para el periodo 2016-2020, junto al nuevo jefe municipal, la vice-alcaldesa  Carolina Dennis, y los regidores que fueron electos en el pasado proceso electoral.<\/span><\/p>\n<p><span class=\"text1noticias\"> <\/span><\/p>\n<p><span class=\"text1noticias\">Al hacer uso de su elocuci\u00f3n el nuevo alcalde Radhames Castro, proclam\u00f3 una serie de medidas y proyectos de trabajos, que pondr\u00e1 en ejecuci\u00f3n en favor del desarrollo de los mun\u00edcipes y la comunidad.<\/span><\/p>\n<p><span class=\"text1noticias\"> <\/span><\/p>\n<p><span class=\"text1noticias\">El alcalde preciso que va a la alcald\u00eda para apoyar y ayudar a su pueblo, del que dice tiene grandes necesidades, pero que es una mina de desarrollo, tanto cultural, como econ\u00f3mico, por lo que hay que sacar el pueblo hacia un gran desarrollo.<\/span><\/p>\n<p><span class=\"text1noticias\"> <\/span><\/p>\n<p><span class=\"text1noticias\">Indico que va a dirigir los destinos del pueblo de Boca Chica, junto a un gran grupo de amigos y colaboradores que le acompa\u00f1aran en su gesti\u00f3n.<\/span><\/p>\n<p><span class=\"text1noticias\"> <\/span><\/p>\n<p><span class=\"text1noticias\">Declaro que al asumir el gobierno municipal, una de sus grandes preocupaciones es la recogida de basura, pero que esta situaci\u00f3n requiere de un gran proceso de higienizaci\u00f3n del pueblo.<\/span><\/p>\n<p><span class=\"text1noticias\"> <\/span><\/p>\n<p><span class=\"text1noticias\">\u00abLo primero que voy a realizar es declarar el municipio de urgencia en cuanto a esta problem\u00e1tica de limpieza, y ver\u00e1n que en 4 a 5 meses Boca Chica, estar\u00e1 entre los Municipios m\u00e1s Limpios del pa\u00eds\u00bb, manifest\u00f3 el alcalde Castro.<\/span><\/p>\n<p><span class=\"text1noticias\"> <\/span><\/p>\n<p><span class=\"text1noticias\">Otra problem\u00e1tica a la que el alcalde enfrentara es la explotaci\u00f3n sexual de \u00a8ni\u00f1os y ni\u00f1as\u00a8 que se origina principalmente en el \u00e1rea tur\u00edstica,<\/span><\/p>\n<p><span class=\"text1noticias\"> <\/span><\/p>\n<p><span class=\"text1noticias\">Castro mostr\u00f3 sentirse muy preocupado, por lo que har\u00e1 todos los esfuerzos posibles para eliminar esa pr\u00e1ctica, para lo que usar\u00e1 la polic\u00eda municipal que tendr\u00e1 a su cargo vigilar para que ese tipo de abusos de que son objetos esos ni\u00f1os por parte de adultos, para que no ocurra m\u00e1s en Boca Chica.<\/span><\/p>\n<p><span class=\"text1noticias\"> <\/span><\/p>\n<p><span class=\"text1noticias\">Entre los funcionario que acompa\u00f1ar\u00e1n al alcalde Radhames Castro, est\u00e1n Ra\u00fal V\u00e1lete (Director Administrativo), Rey Sully (Sec. General) , Daisy Mateo ( Tesorera) , V\u00edctor Renato castro ( Consultor Jur\u00eddico) ,Wilfredo Cuevas ( Director de Planeamiento Urbano) Carolina Dennis ( Directora de Ornato) Mar\u00eda de le\u00f3n ( Directora de asuntos Sociales) Juan Castro ( Director del Cuerpo de Bomberos), Carmelo Naut, encargado de compra, Ariosty Luzon, Director de Relaciones Publicas, Wellinton Minyety, Director de prensa, as\u00ed como Ram\u00f3n Emilio Rodr\u00edguez, Voz Oficial del Ayuntamie<\/span>nto.<\/p>\n<\/p>\n<h6> 2016-08-17 10:47:58 <\/h6>\n<p><!--\n<link rel=\"stylesheet\" href=\"css\/bootstrap.min.css\">\n\n\n<ul class=\"pagination\">\n\t    \n\t\n\n<li >\n\t<a href='?page_no=12223'>Previous<\/a>\n\t<\/li>\n\n\n       \n    \n\n<li><a href='?page_no=1'>1<\/a><\/li>\n\n\n\n<li><a href='?page_no=2'>2<\/a><\/li>\n\n\n\n<li><a>...<\/a><\/li>\n\n\n\n<li><a href='?page_no=12222'>12222<\/a><\/li>\n\n\n\n<li><a href='?page_no=12223'>12223<\/a><\/li>\n\n\n\n<li class='active'><a>12224<\/a><\/li>\n\n\n\n<li><a href='?page_no=12225'>12225<\/a><\/li>\n\n\n\n<li><a href='?page_no=12226'>12226<\/a><\/li>\n\n\n\n<li><a>...<\/a><\/li>\n\n\n\n<li><a href='?page_no=56169'>56169<\/a><\/li>\n\n\n\n<li><a href='?page_no=56170'>56170<\/a><\/li>\n\n    \n\t\n\n<li >\n\t<a href='?page_no=12225'>Next<\/a>\n\t<\/li>\n\n\n    \n\n<li><a href='?page_no=56170'>Last &rsaquo;&rsaquo;<\/a><\/li>\n\n<\/ul>\n\n\n--><br \/>\n<\/body><\/p>\n","protected":false},"excerpt":{"rendered":"<p>Boca Chica, R. D., 17 de agosto.- El ex diputado y l\u00edder pol\u00edtico Lic. Radhames Castro, fue juramentado nuevo alcalde del municipio de Boca Chica, para el periodo 2016-2020, junto al nuevo jefe municipal, la vice-alcaldesa Carolina Dennis, y los regidores que fueron electos en el pasado proceso electoral. Al hacer uso de su elocuci\u00f3n [&hellip;]<\/p>\n","protected":false},"author":3,"featured_media":0,"comment_status":"open","ping_status":"open","sticky":false,"template":"","format":"standard","meta":{"footnotes":""},"categories":[20],"tags":[],"class_list":["post-217732","post","type-post","status-publish","format-standard","hentry","category-dominicana-hoy"],"_links":{"self":[{"href":"https:\/\/diariodominicano.com\/index.php?rest_route=\/wp\/v2\/posts\/217732","targetHints":{"allow":["GET"]}}],"collection":[{"href":"https:\/\/diariodominicano.com\/index.php?rest_route=\/wp\/v2\/posts"}],"about":[{"href":"https:\/\/diariodominicano.com\/index.php?rest_route=\/wp\/v2\/types\/post"}],"author":[{"embeddable":true,"href":"https:\/\/diariodominicano.com\/index.php?rest_route=\/wp\/v2\/users\/3"}],"replies":[{"embeddable":true,"href":"https:\/\/diariodominicano.com\/index.php?rest_route=%2Fwp%2Fv2%2Fcomments&post=217732"}],"version-history":[{"count":0,"href":"https:\/\/diariodominicano.com\/index.php?rest_route=\/wp\/v2\/posts\/217732\/revisions"}],"wp:attachment":[{"href":"https:\/\/diariodominicano.com\/index.php?rest_route=%2Fwp%2Fv2%2Fmedia&parent=217732"}],"wp:term":[{"taxonomy":"category","embeddable":true,"href":"https:\/\/diariodominicano.com\/index.php?rest_route=%2Fwp%2Fv2%2Fcategories&post=217732"},{"taxonomy":"post_tag","embeddable":true,"href":"https:\/\/diariodominicano.com\/index.php?rest_route=%2Fwp%2Fv2%2Ftags&post=217732"}],"curies":[{"name":"wp","href":"https:\/\/api.w.org\/{rel}","templated":true}]}}