{"id":217731,"date":"2016-08-17T12:53:21","date_gmt":"2016-08-17T12:53:21","guid":{"rendered":"http:\/\/diariodominicano.ddns.net\/?p=217731"},"modified":"2016-08-17T12:53:21","modified_gmt":"2016-08-17T12:53:21","slug":"relaciones-rd-y-ee-uu-estan-muy-fuertes-y-firmes-dice-thomas-e-perez","status":"publish","type":"post","link":"https:\/\/diariodominicano.com\/?p=217731","title":{"rendered":"Relaciones RD y EE.UU est\u00e1n muy fuertes y firmes, dice Thomas E. P\u00e9rez"},"content":{"rendered":"<p><body><\/p>\n<p><img decoding=\"async\" src=\"img3\/DaniloEEUU17-8.jpg\" \/>  <\/p>\n<p>Santo Domingo, R. D., 17 de agosto.- Las relaciones entre Rep\u00fablica Dominicana y Estados Unidos est\u00e1n muy fuertes y firmes, declar\u00f3 el secretario de Trabajo de Estados Unidos, Thomas E. P\u00e9rez, luego de visitar al presidente Danilo Medina en su despacho del Palacio Nacional.<\/p>\n<\/p>\n<p>Para m\u00ed fue un gran honor estar en la juramentaci\u00f3n de Danilo Medina<\/p>\n<\/p>\n<p>\u00abPara m\u00ed fue un gran honor el haber participado de la juramentaci\u00f3n del presidente Danilo Medina y hoy tuvimos una reuni\u00f3n muy productiva  con el Presidente y nuestra relaci\u00f3n bilateral est\u00e1n fuertes\u00bb, manifest\u00f3 P\u00e9rez, uno de los funcionarios de alto nivel del presidente de Estados Unidos, Barack Obama, de origen dominicano.<\/p>\n<\/p>\n<p>Al hablar con los periodistas que cubren la fuente palaciega luego de permanecer reunido con Danilo Medina por m\u00e1s de una hora, en compa\u00f1\u00eda de la secretaria de Estado auxiliar interina, Mari Carmen Aponte y el embajador de Estados Unidos en el pa\u00eds, James W. Brewster, destac\u00f3 que hablaron de mejorar la calidad de vida de los dominicanos.<\/p>\n<\/p>\n<p>Hablamos de lo que podemos hacer juntos<\/p>\n<\/p>\n<p>\u00abHablamos de lo que podemos hacer juntos para mejorar la vida de los dominicanos, los americanos y el mundo\u00bb, puntualiz\u00f3, evidentemente emocionado, al resaltar su origen dominicano.<\/p>\n<\/p>\n<p>Es un gran honor para un hijo de dominicanos<\/p>\n<\/p>\n<p>\u00abEs un gran honor personal que un hijo de dominicanos, que el presidente Medina haya pasado una hora con nosotros, discutiendo desaf\u00edos muy importantes y celebrando nuestra relaci\u00f3n que era tan fuerte ayer, es m\u00e1s fuerte hoy y va a ser m\u00e1s fuerte ma\u00f1ana y los a\u00f1os que vienen\u00bb, apostill\u00f3.<\/p>\n<\/p>\n<p>Hablamos sobre desaf\u00edos en la regi\u00f3n<\/p>\n<\/p>\n<p>Dijo que tambi\u00e9n habl\u00f3 con el Presidente sobre c\u00f3mo mejorar las condiciones de trabajo de los dominicanos y de trabajar juntos para continuar con el progreso en la econom\u00eda.<\/p>\n<\/p>\n<p>\u00abHablamos sobre desaf\u00edos en la regi\u00f3n y desaf\u00edos en el mundo. La Rep\u00fablica Dominicana es un l\u00edder no solo aqu\u00ed, en la regi\u00f3n sino en el mundo y es muy importante para nosotros escuchar, aprender las opiniones del Presidente\u00bb.<\/p>\n<\/p>\n<p>Cuando le preguntaron sobre la colaboraci\u00f3n y planes de empleos para los dominicanos que viven en Estados Unidos, respondi\u00f3:<\/p>\n<\/p>\n<p>\u00abHemos trabajado con la Rep\u00fablica Dominicana en estas causas y vamos a continuar esta colaboraci\u00f3n con el Departamento de Trabajo del Departamento de Estado, porque queremos aumentar los salarios aqu\u00ed y vamos a mejorar la vida va los dominicanos que est\u00e1n viviendo aqu\u00ed y est\u00e1n viviendo all\u00e1\u00bb, dijo Thomas E. P\u00e9rez.<\/p>\n<\/p>\n<p>P\u00e9rez es nieto de Pedro Brache, exembajador dominicano en Washington y luchador antitrujillista. Es sobrino de Hughes Brache, destacado empresario,  fundador de la panificadora Pep\u00edn. \u00danico hispano en el Gabinete de Obama.<\/p>\n<h6> 2016-08-17 12:53:21 <\/h6>\n<p><!--\n<link rel=\"stylesheet\" href=\"css\/bootstrap.min.css\">\n\n\n<ul class=\"pagination\">\n\t    \n\t\n\n<li >\n\t<a href='?page_no=12222'>Previous<\/a>\n\t<\/li>\n\n\n       \n    \n\n<li><a href='?page_no=1'>1<\/a><\/li>\n\n\n\n<li><a href='?page_no=2'>2<\/a><\/li>\n\n\n\n<li><a>...<\/a><\/li>\n\n\n\n<li><a href='?page_no=12221'>12221<\/a><\/li>\n\n\n\n<li><a href='?page_no=12222'>12222<\/a><\/li>\n\n\n\n<li class='active'><a>12223<\/a><\/li>\n\n\n\n<li><a href='?page_no=12224'>12224<\/a><\/li>\n\n\n\n<li><a href='?page_no=12225'>12225<\/a><\/li>\n\n\n\n<li><a>...<\/a><\/li>\n\n\n\n<li><a href='?page_no=56169'>56169<\/a><\/li>\n\n\n\n<li><a href='?page_no=56170'>56170<\/a><\/li>\n\n    \n\t\n\n<li >\n\t<a href='?page_no=12224'>Next<\/a>\n\t<\/li>\n\n\n    \n\n<li><a href='?page_no=56170'>Last &rsaquo;&rsaquo;<\/a><\/li>\n\n<\/ul>\n\n\n--><br \/>\n<\/body><\/p>\n","protected":false},"excerpt":{"rendered":"<p>Santo Domingo, R. D., 17 de agosto.- Las relaciones entre Rep\u00fablica Dominicana y Estados Unidos est\u00e1n muy fuertes y firmes, declar\u00f3 el secretario de Trabajo de Estados Unidos, Thomas E. P\u00e9rez, luego de visitar al presidente Danilo Medina en su despacho del Palacio Nacional. Para m\u00ed fue un gran honor estar en la juramentaci\u00f3n de [&hellip;]<\/p>\n","protected":false},"author":3,"featured_media":0,"comment_status":"open","ping_status":"open","sticky":false,"template":"","format":"standard","meta":{"footnotes":""},"categories":[20],"tags":[],"class_list":["post-217731","post","type-post","status-publish","format-standard","hentry","category-dominicana-hoy"],"_links":{"self":[{"href":"https:\/\/diariodominicano.com\/index.php?rest_route=\/wp\/v2\/posts\/217731","targetHints":{"allow":["GET"]}}],"collection":[{"href":"https:\/\/diariodominicano.com\/index.php?rest_route=\/wp\/v2\/posts"}],"about":[{"href":"https:\/\/diariodominicano.com\/index.php?rest_route=\/wp\/v2\/types\/post"}],"author":[{"embeddable":true,"href":"https:\/\/diariodominicano.com\/index.php?rest_route=\/wp\/v2\/users\/3"}],"replies":[{"embeddable":true,"href":"https:\/\/diariodominicano.com\/index.php?rest_route=%2Fwp%2Fv2%2Fcomments&post=217731"}],"version-history":[{"count":0,"href":"https:\/\/diariodominicano.com\/index.php?rest_route=\/wp\/v2\/posts\/217731\/revisions"}],"wp:attachment":[{"href":"https:\/\/diariodominicano.com\/index.php?rest_route=%2Fwp%2Fv2%2Fmedia&parent=217731"}],"wp:term":[{"taxonomy":"category","embeddable":true,"href":"https:\/\/diariodominicano.com\/index.php?rest_route=%2Fwp%2Fv2%2Fcategories&post=217731"},{"taxonomy":"post_tag","embeddable":true,"href":"https:\/\/diariodominicano.com\/index.php?rest_route=%2Fwp%2Fv2%2Ftags&post=217731"}],"curies":[{"name":"wp","href":"https:\/\/api.w.org\/{rel}","templated":true}]}}