{"id":217730,"date":"2016-08-17T15:04:00","date_gmt":"2016-08-17T15:04:00","guid":{"rendered":"http:\/\/diariodominicano.ddns.net\/?p=217730"},"modified":"2016-08-17T15:04:00","modified_gmt":"2016-08-17T15:04:00","slug":"jose-antonio-rodriguez-se-despide-del-personal-de-cultura","status":"publish","type":"post","link":"https:\/\/diariodominicano.com\/?p=217730","title":{"rendered":"Jos\u00e9 Antonio Rodr\u00edguez se despide del personal de Cultura"},"content":{"rendered":"<p><body><\/p>\n<p><img decoding=\"async\" src=\"img3\/joseantonio.jpg\" \/><br \/><img decoding=\"async\" src=\"img3\/joseantonio2.jpg\" \/>  <\/p>\n<p><strong>Santo Domingo, RD, 17 de agosto.- <\/strong>El cantautor Jos\u00e9 Antonio Rodr\u00edguez se despidi\u00f3, este mi\u00e9rcoles, del personal del Ministerio de Cultura, del cual fue su titular hasta el pasado 16 de agosto, cuando el presidente Danilo Medina design\u00f3 en el cargo al escritor Pedro Verg\u00e9s.<\/p>\n<\/p>\n<p>El pasado lunes 15 de agosto, Rodr\u00edguez se hab\u00eda despedido de los viceministros, directores generales y otros funcionarios del Ministerio de Cultura, en reuni\u00f3n celebrada en la Sala Ram\u00f3n Oviedo.<\/p>\n<\/p>\n<p>Este mi\u00e9rcoles, Rodr\u00edguez convoc\u00f3 a todo el personal en el lobby de la sede, ante quienes, al igual que en el primer encuentro, agradeci\u00f3 el apoyo que le brindaron durante su gesti\u00f3n, iniciada en agosto del 2012.<\/p>\n<\/p>\n<p>Exhort\u00f3 al personal dar al nuevo ministro Verg\u00e9s el mismo apoyo que recibi\u00f3 en los cuatro a\u00f1os que estuvo al frente del Ministerio de Cultura.<\/p>\n<\/p>\n<p>Rodr\u00edguez destac\u00f3 el amplio programa cultural desarrollado en estos cuatro a\u00f1os, lo que hizo por las instrucciones y con el apoyo del presidente Medina.<\/p>\n<\/p>\n<p>Pero dijo que esa tarea no era posible llevarla a cabo sin el apoyo de los empleados del ministerio de Cultura, en quienes reconoci\u00f3 laboriosidad y entrega.<\/p>\n<\/p>\n<p>El pasado 16 de agosto, el presidente Medina design\u00f3 al frente del Ministerio de Cultura al intelectual Pedro Verg\u00e9s, quien asumir\u00e1 el cargo este jueves, luego de su regreso desde Washington, EEUU, donde fung\u00eda como representante permanente de la Organizaci\u00f3n de Estados Americanos (OEA).<\/p>\n<h6> 2016-08-17 15:04:00 <\/h6>\n<p><!--\n<link rel=\"stylesheet\" href=\"css\/bootstrap.min.css\">\n\n\n<ul class=\"pagination\">\n\t    \n\t\n\n<li >\n\t<a href='?page_no=12221'>Previous<\/a>\n\t<\/li>\n\n\n       \n    \n\n<li><a href='?page_no=1'>1<\/a><\/li>\n\n\n\n<li><a href='?page_no=2'>2<\/a><\/li>\n\n\n\n<li><a>...<\/a><\/li>\n\n\n\n<li><a href='?page_no=12220'>12220<\/a><\/li>\n\n\n\n<li><a href='?page_no=12221'>12221<\/a><\/li>\n\n\n\n<li class='active'><a>12222<\/a><\/li>\n\n\n\n<li><a href='?page_no=12223'>12223<\/a><\/li>\n\n\n\n<li><a href='?page_no=12224'>12224<\/a><\/li>\n\n\n\n<li><a>...<\/a><\/li>\n\n\n\n<li><a href='?page_no=56169'>56169<\/a><\/li>\n\n\n\n<li><a href='?page_no=56170'>56170<\/a><\/li>\n\n    \n\t\n\n<li >\n\t<a href='?page_no=12223'>Next<\/a>\n\t<\/li>\n\n\n    \n\n<li><a href='?page_no=56170'>Last &rsaquo;&rsaquo;<\/a><\/li>\n\n<\/ul>\n\n\n--><br \/>\n<\/body><\/p>\n","protected":false},"excerpt":{"rendered":"<p>Santo Domingo, RD, 17 de agosto.- El cantautor Jos\u00e9 Antonio Rodr\u00edguez se despidi\u00f3, este mi\u00e9rcoles, del personal del Ministerio de Cultura, del cual fue su titular hasta el pasado 16 de agosto, cuando el presidente Danilo Medina design\u00f3 en el cargo al escritor Pedro Verg\u00e9s. El pasado lunes 15 de agosto, Rodr\u00edguez se hab\u00eda despedido [&hellip;]<\/p>\n","protected":false},"author":3,"featured_media":0,"comment_status":"open","ping_status":"open","sticky":false,"template":"","format":"standard","meta":{"footnotes":""},"categories":[20],"tags":[],"class_list":["post-217730","post","type-post","status-publish","format-standard","hentry","category-dominicana-hoy"],"_links":{"self":[{"href":"https:\/\/diariodominicano.com\/index.php?rest_route=\/wp\/v2\/posts\/217730","targetHints":{"allow":["GET"]}}],"collection":[{"href":"https:\/\/diariodominicano.com\/index.php?rest_route=\/wp\/v2\/posts"}],"about":[{"href":"https:\/\/diariodominicano.com\/index.php?rest_route=\/wp\/v2\/types\/post"}],"author":[{"embeddable":true,"href":"https:\/\/diariodominicano.com\/index.php?rest_route=\/wp\/v2\/users\/3"}],"replies":[{"embeddable":true,"href":"https:\/\/diariodominicano.com\/index.php?rest_route=%2Fwp%2Fv2%2Fcomments&post=217730"}],"version-history":[{"count":0,"href":"https:\/\/diariodominicano.com\/index.php?rest_route=\/wp\/v2\/posts\/217730\/revisions"}],"wp:attachment":[{"href":"https:\/\/diariodominicano.com\/index.php?rest_route=%2Fwp%2Fv2%2Fmedia&parent=217730"}],"wp:term":[{"taxonomy":"category","embeddable":true,"href":"https:\/\/diariodominicano.com\/index.php?rest_route=%2Fwp%2Fv2%2Fcategories&post=217730"},{"taxonomy":"post_tag","embeddable":true,"href":"https:\/\/diariodominicano.com\/index.php?rest_route=%2Fwp%2Fv2%2Ftags&post=217730"}],"curies":[{"name":"wp","href":"https:\/\/api.w.org\/{rel}","templated":true}]}}