{"id":217729,"date":"2016-08-17T15:27:01","date_gmt":"2016-08-17T15:27:01","guid":{"rendered":"http:\/\/diariodominicano.ddns.net\/?p=217729"},"modified":"2016-08-17T15:27:01","modified_gmt":"2016-08-17T15:27:01","slug":"vargas-maldonado-asume-cancilleria-de-la-republica","status":"publish","type":"post","link":"https:\/\/diariodominicano.com\/?p=217729","title":{"rendered":"Vargas Maldonado asume Canciller\u00eda de la Rep\u00fablica"},"content":{"rendered":"<p><body><\/p>\n<p><img decoding=\"async\" src=\"img3\/vargasdos.jpg\" \/><br \/><img decoding=\"async\" src=\"img3\/vargas asume.jpg\" \/>  <\/p>\n<\/p>\n<p><strong> <\/strong><\/p>\n<p><strong> <\/strong><\/p>\n<p><strong>Santo Domingo, RD, 17 de agosto .-<\/strong> El nuevo ministro de Relaciones Exteriores, ingeniero Miguel Vargas Maldonado,  tom\u00f3 hoy posesi\u00f3n de sus funciones, comprometi\u00e9ndose a continuar impulsando la pol\u00edtica exterior de la Rep\u00fablica Dominicana, bajo los lineamientos del presidente Danilo Medina y el inter\u00e9s nacional.<\/p>\n<\/p>\n<p>Vargas Maldonado fue juramentado por el Ministro Administrativo de la Presidencia, Jos\u00e9 Ram\u00f3n Peralta, quien dijo no tener dudas de que ante este nuevo reto, el canciller continuar\u00e1 fortaleciendo y elevando a otro nivel las relaciones de la Rep\u00fablica Dominicana con el resto del mundo.<\/p>\n<\/p>\n<p>\u00abVamos a asumir esta importante cartera con mucha humildad. Sabemos la responsabilidad que el se\u00f1or Presidente ha depositado en mi persona y quiero agradecer esa confianza. Aqu\u00ed vamos a implementar la pol\u00edtica exterior que trace el Presidente. Aqu\u00ed vamos a establecer un mecanismo que pueda contribuir al fortalecimiento, a la ampliaci\u00f3n de las relaciones internacionales de nuestro pa\u00eds\u00bb, precis\u00f3.<\/p>\n<\/p>\n<p>Vargas Maldonado asegur\u00f3 que dar\u00e1 continuidad a la activa agenda internacional del gobierno del presidente Danilo Medina, a fin de seguir apuntalando la imagen internacional del pa\u00eds y cumplir con todos los compromisos adquiridos.<\/p>\n<\/p>\n<p>De igual manera, se comprometi\u00f3 a ampliar la participaci\u00f3n del pa\u00eds, a trav\u00e9s del Ministerio de Relaciones Exteriores, ante la comunidad internacional, para consolidar las relaciones existentes y contar con posiciones ventajosas para el pa\u00eds en las \u00e1reas pol\u00edtica, econ\u00f3mica y comercial.<\/p>\n<\/p>\n<p>\u00abDaremos seguimiento al trabajo ya iniciado por el arquitecto Andr\u00e9s Navarro. Consolidaremos lo que existe en la actualidad. Vamos a trabajar m\u00e1s y mejor como lo ha establecido el presidente Medina\u00bb, refiri\u00f3.<\/p>\n<\/p>\n<p>Reconoci\u00f3 la labor realizada por el canciller saliente \u00abla cual constituye un beneficio para la trayectoria de la canciller\u00eda y del pa\u00eds\u00bb.<\/p>\n<\/p>\n<p>As\u00edmismo, mencion\u00f3 la optimizaci\u00f3n de los recursos humanos para mejorar la labor institucional.<\/p>\n<\/p>\n<p>Atracci\u00f3n de inversiones<\/p>\n<\/p>\n<p>El nuevo ministro de Relaciones Exteriores asegur\u00f3 que trabajar\u00e1 para atraer grandes inversiones que contribuyan al desarrollo nacional.<\/p>\n<\/p>\n<p>Resalt\u00f3 la importancia de atraer inversionistas que puedan contribuir con la pol\u00edtica de desarrollo que ha establecido el presidente Medina \u00abpensando en la gente y para la gente\u00bb.<\/p>\n<\/p>\n<p>Experiencia en el \u00e1mbito internacional<\/p>\n<\/p>\n<p>Durante el acto de toma de posesi\u00f3n realizado en el Sal\u00f3n Verde de la Canciller\u00eda, el ingeniero Vargas Maldonado explic\u00f3 que tiene a\u00f1os vinculado a las relaciones internacionales, ya que ha ocupado posiciones directivas en asociaciones pol\u00edticas regionales y globales, tales como la Internacional Socialista y la Conferencia Permanente de Partidos Pol\u00edticos de Am\u00e9rica Latina y el Caribe (COPPAL).<\/p>\n<\/p>\n<p>\u00abTenemos un gran tiempo ya inmerso en las relaciones internacionales. Desde muchos a\u00f1os venimos participando en las relaciones internacionales. Pudimos primero acompa\u00f1ar al doctor Jos\u00e9 Francisco Pe\u00f1a G\u00f3mez en m\u00faltiples naciones. Y desde hace muchos a\u00f1os hemos participado en instituciones y organismos internacionales, que son parte de las relaciones internacionales\u00bb, sostuvo.<\/p>\n<\/p>\n<p>En la COPPAL el ingeniero Miguel Vargas Maldonado ocup\u00f3 el cargo de presidente y en la Internacional Socialista, es vicepresidente mundial y presidente para Am\u00e9rica Latina.<\/p>\n<\/p>\n<p>\u00abTodas estas relaciones y experiencia las vamos a poner al servicio de la Canciller\u00eda, del presidente de la Rep\u00fablica, pero sobre todo del pa\u00eds. Aqu\u00ed hemos venido a representar a la naci\u00f3n dominicana\u00bb, indic\u00f3.<\/p>\n<\/p>\n<h6> 2016-08-17 15:27:01 <\/h6>\n<p><!--\n<link rel=\"stylesheet\" href=\"css\/bootstrap.min.css\">\n\n\n<ul class=\"pagination\">\n\t    \n\t\n\n<li >\n\t<a href='?page_no=12220'>Previous<\/a>\n\t<\/li>\n\n\n       \n    \n\n<li><a href='?page_no=1'>1<\/a><\/li>\n\n\n\n<li><a href='?page_no=2'>2<\/a><\/li>\n\n\n\n<li><a>...<\/a><\/li>\n\n\n\n<li><a href='?page_no=12219'>12219<\/a><\/li>\n\n\n\n<li><a href='?page_no=12220'>12220<\/a><\/li>\n\n\n\n<li class='active'><a>12221<\/a><\/li>\n\n\n\n<li><a href='?page_no=12222'>12222<\/a><\/li>\n\n\n\n<li><a href='?page_no=12223'>12223<\/a><\/li>\n\n\n\n<li><a>...<\/a><\/li>\n\n\n\n<li><a href='?page_no=56169'>56169<\/a><\/li>\n\n\n\n<li><a href='?page_no=56170'>56170<\/a><\/li>\n\n    \n\t\n\n<li >\n\t<a href='?page_no=12222'>Next<\/a>\n\t<\/li>\n\n\n    \n\n<li><a href='?page_no=56170'>Last &rsaquo;&rsaquo;<\/a><\/li>\n\n<\/ul>\n\n\n--><br \/>\n<\/body><\/p>\n","protected":false},"excerpt":{"rendered":"<p>Santo Domingo, RD, 17 de agosto .- El nuevo ministro de Relaciones Exteriores, ingeniero Miguel Vargas Maldonado, tom\u00f3 hoy posesi\u00f3n de sus funciones, comprometi\u00e9ndose a continuar impulsando la pol\u00edtica exterior de la Rep\u00fablica Dominicana, bajo los lineamientos del presidente Danilo Medina y el inter\u00e9s nacional. Vargas Maldonado fue juramentado por el Ministro Administrativo de la [&hellip;]<\/p>\n","protected":false},"author":3,"featured_media":0,"comment_status":"open","ping_status":"open","sticky":false,"template":"","format":"standard","meta":{"footnotes":""},"categories":[20],"tags":[],"class_list":["post-217729","post","type-post","status-publish","format-standard","hentry","category-dominicana-hoy"],"_links":{"self":[{"href":"https:\/\/diariodominicano.com\/index.php?rest_route=\/wp\/v2\/posts\/217729","targetHints":{"allow":["GET"]}}],"collection":[{"href":"https:\/\/diariodominicano.com\/index.php?rest_route=\/wp\/v2\/posts"}],"about":[{"href":"https:\/\/diariodominicano.com\/index.php?rest_route=\/wp\/v2\/types\/post"}],"author":[{"embeddable":true,"href":"https:\/\/diariodominicano.com\/index.php?rest_route=\/wp\/v2\/users\/3"}],"replies":[{"embeddable":true,"href":"https:\/\/diariodominicano.com\/index.php?rest_route=%2Fwp%2Fv2%2Fcomments&post=217729"}],"version-history":[{"count":0,"href":"https:\/\/diariodominicano.com\/index.php?rest_route=\/wp\/v2\/posts\/217729\/revisions"}],"wp:attachment":[{"href":"https:\/\/diariodominicano.com\/index.php?rest_route=%2Fwp%2Fv2%2Fmedia&parent=217729"}],"wp:term":[{"taxonomy":"category","embeddable":true,"href":"https:\/\/diariodominicano.com\/index.php?rest_route=%2Fwp%2Fv2%2Fcategories&post=217729"},{"taxonomy":"post_tag","embeddable":true,"href":"https:\/\/diariodominicano.com\/index.php?rest_route=%2Fwp%2Fv2%2Ftags&post=217729"}],"curies":[{"name":"wp","href":"https:\/\/api.w.org\/{rel}","templated":true}]}}