{"id":217728,"date":"2016-08-17T15:48:06","date_gmt":"2016-08-17T15:48:06","guid":{"rendered":"http:\/\/diariodominicano.ddns.net\/?p=217728"},"modified":"2016-08-17T15:48:06","modified_gmt":"2016-08-17T15:48:06","slug":"concejal-dominicano-alto-manhattan-acoge-llamado-de-su-comunidad","status":"publish","type":"post","link":"https:\/\/diariodominicano.com\/?p=217728","title":{"rendered":"Concejal dominicano alto Manhattan acoge llamado de su comunidad"},"content":{"rendered":"<p><body><\/p>\n<p><img decoding=\"async\" src=\"img3\/consejl.jpg\" \/>  <\/p>\n<\/p>\n<p>Por Ram\u00f3n Mercedes<\/p>\n<\/p>\n<p>Nueva York, 17 de agosto.- El concejal dominicano por el distrito 10, Ydanis Rodr\u00edguez, que cubre los vecindarios de Washington Heights e Inwood en el alto Manhattan, acogi\u00f3 el llamado de la mayor\u00eda de los residentes de su comunidad para que votara en contra del plan de construir Sherman Plaza, y as\u00ed lo hizo.<\/p>\n<\/p>\n<p>Rodr\u00edguez anunci\u00f3 la noche del lunes, ante cientos de residentes del \u00e1rea, que no apoyar\u00eda el plan, y este martes se venc\u00eda el plazo para tomar una decisi\u00f3n ante el Concejo Municipal, y los concejales del Subcomit\u00e9 de Zonificaci\u00f3n y Franquicias secundaron y apoyaron la recomendaci\u00f3n de su colega Rodr\u00edguez.<\/p>\n<\/p>\n<p>El concejal habl\u00f3 abiertamente sobre sus preocupaciones acerca de rechazar la oferta de vivienda asequible de los desarrolladores, citando la falta de vivienda en la zona, pero debido a que las protestas de los habitantes del \u00e1rea creci\u00f3 y se preocup\u00f3 por el desplazamiento y el impacto de la gentrificaci\u00f3n, opt\u00f3 por oponerse a la oferta de cambio de zonificaci\u00f3n, sostuvo.<\/p>\n<\/p>\n<p>\u00abNo hemos sido capaces de llegar a un punto en el que creo que es en el mejor inter\u00e9s de la comunidad para mover la rezonificaci\u00f3n hacia adelante\u00bb, dijo Rodr\u00edguez en una conferencia de prensa frente al sitio de Sherman Plaza, el lunes por la noche.<\/p>\n<p>\u00abPor tanto, os digo que, a partir de este momento, no voy apoyo  la rezonificaci\u00f3n de Sherman Plaza porque as\u00ed lo quiere la mayor\u00eda de la comunidad.\u00bb<\/p>\n<\/p>\n<p>Los desarrolladores de Washington Square Socios y Acadia, quienes estar\u00edan a cargo de construir la gigantesca plaza, expresaron estar decepcionados con la decisi\u00f3n pero dieron las gracias a la Junta Comunal 12, a la presidenta del condado de Manhattan, Gale Brewer, a la Comisi\u00f3n de Planificaci\u00f3n Municipal y al alcalde Bill de Blasio, por trabajar con ellos en los \u00faltimos dos a\u00f1os y apoyar el proyecto.<\/p>\n<\/p>\n<p>Los desarrolladores no dijeron si planean seguir adelante con el proyecto con unidades a precio de mercado bajo los l\u00edmites de altura existentes, como es su derecho, o regresar al punto de partida para discutir a fondo un nuevo plan.<\/p>\n<\/p>\n<p>En los \u00faltimos meses, las organizaciones Uptown for Bernie, North Manhattan Neighbors for Peace and Justice, Inwood Preservation, Uptown Community Democrats, Inwood Advocates, Coalition for Tenants Rights, Faith in New York, Moving forward Unidos, Ben Davis Club CPUSA, Riverside-Edgocombe Neighborhood Association, y Met. Council on Housing, entre otras, ven\u00edan desarrollando protesta en contra de la construcci\u00f3n.<\/p>\n<\/p>\n<p>\u00abLa ciudad est\u00e1 considerando propuestas para edificar inmensas torres de apartamentos para personas de altos ingresos en Broadway y al Este de la D\u00e9cima avenida (en la cabecera del puente de la 207)\u00bb, expresaban las entidades.<\/p>\n<\/p>\n<p>A\u00f1adieron que \u00abesto causar\u00e1 gentrificaci\u00f3n (proceso mediante el cual la poblaci\u00f3n original de un sector o barrio, generalmente c\u00e9ntrico y popular, es progresivamente desplazada por otra de un nivel adquisitivo mayor), las rentas subir\u00e1n y habr\u00e1 desplazamiento, destruyendo el \u00faltimo barrio econ\u00f3mico para la clase obrera en Manhattan.<\/p>\n<p> Ocultar el mensaje original<\/p>\n<\/p>\n<p>El concejal Rodr\u00edguez abogaba por un plan de rezonificaci\u00f3n por separado en Inwood, y que s\u00f3lo apoyar\u00eda la aplicaci\u00f3n si se asigna el 50% de unidades asequibles a residentes de Washington Heights e Inwood que ganen $37.000 por a\u00f1o para una familia de cuatro, pero la comunidad se opuso y nosotros nos debemos a la comunidad, por eso no aprob\u00e9 el proyecto, sostuvo.<\/p>\n<h6> 2016-08-17 15:48:06 <\/h6>\n<p><!--\n<link rel=\"stylesheet\" href=\"css\/bootstrap.min.css\">\n\n\n<ul class=\"pagination\">\n\t    \n\t\n\n<li >\n\t<a href='?page_no=12219'>Previous<\/a>\n\t<\/li>\n\n\n       \n    \n\n<li><a href='?page_no=1'>1<\/a><\/li>\n\n\n\n<li><a href='?page_no=2'>2<\/a><\/li>\n\n\n\n<li><a>...<\/a><\/li>\n\n\n\n<li><a href='?page_no=12218'>12218<\/a><\/li>\n\n\n\n<li><a href='?page_no=12219'>12219<\/a><\/li>\n\n\n\n<li class='active'><a>12220<\/a><\/li>\n\n\n\n<li><a href='?page_no=12221'>12221<\/a><\/li>\n\n\n\n<li><a href='?page_no=12222'>12222<\/a><\/li>\n\n\n\n<li><a>...<\/a><\/li>\n\n\n\n<li><a href='?page_no=56169'>56169<\/a><\/li>\n\n\n\n<li><a href='?page_no=56170'>56170<\/a><\/li>\n\n    \n\t\n\n<li >\n\t<a href='?page_no=12221'>Next<\/a>\n\t<\/li>\n\n\n    \n\n<li><a href='?page_no=56170'>Last &rsaquo;&rsaquo;<\/a><\/li>\n\n<\/ul>\n\n\n--><br \/>\n<\/body><\/p>\n","protected":false},"excerpt":{"rendered":"<p>Por Ram\u00f3n Mercedes Nueva York, 17 de agosto.- El concejal dominicano por el distrito 10, Ydanis Rodr\u00edguez, que cubre los vecindarios de Washington Heights e Inwood en el alto Manhattan, acogi\u00f3 el llamado de la mayor\u00eda de los residentes de su comunidad para que votara en contra del plan de construir Sherman Plaza, y as\u00ed [&hellip;]<\/p>\n","protected":false},"author":3,"featured_media":0,"comment_status":"open","ping_status":"open","sticky":false,"template":"","format":"standard","meta":{"footnotes":""},"categories":[20],"tags":[],"class_list":["post-217728","post","type-post","status-publish","format-standard","hentry","category-dominicana-hoy"],"_links":{"self":[{"href":"https:\/\/diariodominicano.com\/index.php?rest_route=\/wp\/v2\/posts\/217728","targetHints":{"allow":["GET"]}}],"collection":[{"href":"https:\/\/diariodominicano.com\/index.php?rest_route=\/wp\/v2\/posts"}],"about":[{"href":"https:\/\/diariodominicano.com\/index.php?rest_route=\/wp\/v2\/types\/post"}],"author":[{"embeddable":true,"href":"https:\/\/diariodominicano.com\/index.php?rest_route=\/wp\/v2\/users\/3"}],"replies":[{"embeddable":true,"href":"https:\/\/diariodominicano.com\/index.php?rest_route=%2Fwp%2Fv2%2Fcomments&post=217728"}],"version-history":[{"count":0,"href":"https:\/\/diariodominicano.com\/index.php?rest_route=\/wp\/v2\/posts\/217728\/revisions"}],"wp:attachment":[{"href":"https:\/\/diariodominicano.com\/index.php?rest_route=%2Fwp%2Fv2%2Fmedia&parent=217728"}],"wp:term":[{"taxonomy":"category","embeddable":true,"href":"https:\/\/diariodominicano.com\/index.php?rest_route=%2Fwp%2Fv2%2Fcategories&post=217728"},{"taxonomy":"post_tag","embeddable":true,"href":"https:\/\/diariodominicano.com\/index.php?rest_route=%2Fwp%2Fv2%2Ftags&post=217728"}],"curies":[{"name":"wp","href":"https:\/\/api.w.org\/{rel}","templated":true}]}}