{"id":217725,"date":"2016-08-17T16:09:58","date_gmt":"2016-08-17T16:09:58","guid":{"rendered":"http:\/\/diariodominicano.ddns.net\/?p=217725"},"modified":"2016-08-17T16:09:58","modified_gmt":"2016-08-17T16:09:58","slug":"ministra-de-la-mujer-pide-union-de-todos-los-sectores-para-erradicar-los-feminicidios","status":"publish","type":"post","link":"https:\/\/diariodominicano.com\/?p=217725","title":{"rendered":"&#13;Ministra de la Mujer pide uni\u00f3n de todos los sectores  para erradicar los feminicidios&#13;"},"content":{"rendered":"<p><body><\/p>\n<p><img decoding=\"async\" src=\"img3\/Janetcamilo.jpg\" \/>  <\/p>\n<p><span class=\"text1noticias\">Santo Domingo, RD, 17 de agosto.- La reci\u00e9n designada  ministra de la Mujer, Janet Camilo, inform\u00f3 que trabajar\u00e1 al frente de esa instituci\u00f3n para erradicar los feminicidios y la violencia.<\/span><\/p>\n<\/p>\n<p><span class=\"text1noticias\">Indic\u00f3 que es necesario que todos los sectores de la Rep\u00fablica Dominicana se unan para evitar que las mujeres sigan muriendo a mano de su pareja o expareja.<\/span><\/p>\n<\/p>\n<p><span class=\"text1noticias\">Agreg\u00f3 que la mujer dominicana puede estar segura de que su agenda en esa instituci\u00f3n es de ellas.<\/span><\/p>\n<\/p>\n<p><span class=\"text1noticias\">Camilo adem\u00e1s sostuvo que implementar\u00e1 programas que contribuir\u00e1n a disminuir los embarazos en adolescentes.<\/span><\/p>\n<\/p>\n<p><span class=\"text1noticias\">La funcionaria manifest\u00f3 que implantar\u00e1 acciones para que haya igualdad en el aspecto laboral entre hombre y mujeres.<\/span><\/p>\n<\/p>\n<p><span class=\"text1noticias\">Janet Camilo agradeci\u00f3  al presidente Danilo Medina por su nombramiento y dijo que estar\u00e1 dispuesta a trabajar por los mejores intereses de la mujer dominicana.<\/span><\/p>\n<\/p>\n<p><span class=\"text1noticias\">Subray\u00f3 que su misi\u00f3n en el Ministerio de la  Mujer estar\u00e1 dirigida desde la perspectiva del Partido Revolucionario Dominicano -PRD-, mancomunado con el gobierno.<\/span><\/p>\n<h6> 2016-08-17 16:09:58 <\/h6>\n<p><!--\n<link rel=\"stylesheet\" href=\"css\/bootstrap.min.css\">\n\n\n<ul class=\"pagination\">\n\t    \n\t\n\n<li >\n\t<a href='?page_no=12217'>Previous<\/a>\n\t<\/li>\n\n\n       \n    \n\n<li><a href='?page_no=1'>1<\/a><\/li>\n\n\n\n<li><a href='?page_no=2'>2<\/a><\/li>\n\n\n\n<li><a>...<\/a><\/li>\n\n\n\n<li><a href='?page_no=12216'>12216<\/a><\/li>\n\n\n\n<li><a href='?page_no=12217'>12217<\/a><\/li>\n\n\n\n<li class='active'><a>12218<\/a><\/li>\n\n\n\n<li><a href='?page_no=12219'>12219<\/a><\/li>\n\n\n\n<li><a href='?page_no=12220'>12220<\/a><\/li>\n\n\n\n<li><a>...<\/a><\/li>\n\n\n\n<li><a href='?page_no=56169'>56169<\/a><\/li>\n\n\n\n<li><a href='?page_no=56170'>56170<\/a><\/li>\n\n    \n\t\n\n<li >\n\t<a href='?page_no=12219'>Next<\/a>\n\t<\/li>\n\n\n    \n\n<li><a href='?page_no=56170'>Last &rsaquo;&rsaquo;<\/a><\/li>\n\n<\/ul>\n\n\n--><br \/>\n<\/body><\/p>\n","protected":false},"excerpt":{"rendered":"<p>Santo Domingo, RD, 17 de agosto.- La reci\u00e9n designada ministra de la Mujer, Janet Camilo, inform\u00f3 que trabajar\u00e1 al frente de esa instituci\u00f3n para erradicar los feminicidios y la violencia. Indic\u00f3 que es necesario que todos los sectores de la Rep\u00fablica Dominicana se unan para evitar que las mujeres sigan muriendo a mano de su [&hellip;]<\/p>\n","protected":false},"author":3,"featured_media":0,"comment_status":"open","ping_status":"open","sticky":false,"template":"","format":"standard","meta":{"footnotes":""},"categories":[20],"tags":[],"class_list":["post-217725","post","type-post","status-publish","format-standard","hentry","category-dominicana-hoy"],"_links":{"self":[{"href":"https:\/\/diariodominicano.com\/index.php?rest_route=\/wp\/v2\/posts\/217725","targetHints":{"allow":["GET"]}}],"collection":[{"href":"https:\/\/diariodominicano.com\/index.php?rest_route=\/wp\/v2\/posts"}],"about":[{"href":"https:\/\/diariodominicano.com\/index.php?rest_route=\/wp\/v2\/types\/post"}],"author":[{"embeddable":true,"href":"https:\/\/diariodominicano.com\/index.php?rest_route=\/wp\/v2\/users\/3"}],"replies":[{"embeddable":true,"href":"https:\/\/diariodominicano.com\/index.php?rest_route=%2Fwp%2Fv2%2Fcomments&post=217725"}],"version-history":[{"count":0,"href":"https:\/\/diariodominicano.com\/index.php?rest_route=\/wp\/v2\/posts\/217725\/revisions"}],"wp:attachment":[{"href":"https:\/\/diariodominicano.com\/index.php?rest_route=%2Fwp%2Fv2%2Fmedia&parent=217725"}],"wp:term":[{"taxonomy":"category","embeddable":true,"href":"https:\/\/diariodominicano.com\/index.php?rest_route=%2Fwp%2Fv2%2Fcategories&post=217725"},{"taxonomy":"post_tag","embeddable":true,"href":"https:\/\/diariodominicano.com\/index.php?rest_route=%2Fwp%2Fv2%2Ftags&post=217725"}],"curies":[{"name":"wp","href":"https:\/\/api.w.org\/{rel}","templated":true}]}}