{"id":217724,"date":"2016-08-17T17:06:59","date_gmt":"2016-08-17T17:06:59","guid":{"rendered":"http:\/\/diariodominicano.ddns.net\/?p=217724"},"modified":"2016-08-17T17:06:59","modified_gmt":"2016-08-17T17:06:59","slug":"andres-navarro-asegura-que-gestion-en-minerd-se-desarrollara-con-trabajo-en-equipo","status":"publish","type":"post","link":"https:\/\/diariodominicano.com\/?p=217724","title":{"rendered":"Andr\u00e9s Navarro asegura que gesti\u00f3n en MINERD se desarrollar\u00e1 con trabajo en equipo"},"content":{"rendered":"<p><body><\/p>\n<p><img decoding=\"async\" src=\"img3\/navarro.jpg\" \/>  <\/p>\n<p><strong> <\/strong><\/p>\n<p><strong> <\/strong><\/p>\n<p><strong>Santo Domingo, RD, 16 de agosto.-  <\/strong> El nuevo ministro del Ministerio de Educaci\u00f3n (MINERD), Andr\u00e9s Navarro, afirm\u00f3 hoy que su gesti\u00f3n se desarrollar\u00e1 con un esp\u00edritu de trabajo en equipo, integraci\u00f3n, di\u00e1logo, y apegado estrictamente a los alineamientos trazados por el presidente Danilo Medina, en pos de crear una nueva Rep\u00fablica Dominicana.<\/p>\n<\/p>\n<p>Al ser posesionado por el ministro Administrativo de la Presidencia, Jos\u00e9 Ram\u00f3n Peralta en la sede de la instituci\u00f3n educativa, Navarro destac\u00f3 que asumir\u00e1 sus funciones con una inquebrantable voluntad de continuar profundizando las metas alcanzadas por el saliente ministro Carlos Amarante Baret, \u00abcon el concurso de todos los sectores que inciden en el proceso educativo, atendiendo, sobretodo, las \u00e1reas fundamentales delineadas por el jefe del Estado, como la capacitaci\u00f3n docente, la Tanda Extendida, y el exitoso programa de alfabetizaci\u00f3n\u00bb.<\/p>\n<\/p>\n<p>Tras ser posesionado en el MIERD, Navarro declar\u00f3 que las tareas confiadas por el presidente Medina se cumplir\u00e1n con disciplina, lealtad, dedicaci\u00f3n y pasi\u00f3n, \u00abacompa\u00f1ados de los sectores vinculados a la educaci\u00f3n, pues tenemos una agenda y objetivos comunes, por lo que estamos confiados en que lograremos las metas que ha perfilado el jefe del Estado\u00bb.<\/p>\n<\/p>\n<p>El funcionario record\u00f3 que el presidente Medina traz\u00f3 en su discurso de toma de posesi\u00f3n de su segundo mandato, \u00ablas l\u00edneas fundamentales en materia educativa que se cumplieron durante la gesti\u00f3n de Amarante Baret, \u00abpero que ahora nos corresponder\u00e1 a nosotros darle continuidad a ese valioso proyecto de naci\u00f3n puesto al servicio de la sociedad dominicana\u00bb.<\/p>\n<\/p>\n<p>El funcionario reconoci\u00f3 la labor desplegada por el saliente incumbente Amarante Baret, \u00abpor lo que quiero decirle, compa\u00f1ero Carlos, que para m\u00ed usted es un ejemplo, uno de los miembros del Comit\u00e9 Pol\u00edtico del PLD que m\u00e1s admiro por su reconocida disciplina de trabajo e inquebrantable lealtad\u00bb.<\/p>\n<\/p>\n<p>Destac\u00f3 que Amaranta Baret condujo el Ministerio de Educaci\u00f3n conforme a las prioridades que trazadas en materia educativa, \u00abque como todo el pueblo dominicano sabe, es la columna vertebral de la gesti\u00f3n del presidente Medina\u00bb.<\/p>\n<\/p>\n<p>En tanto que el ministro Peralta expres\u00f3 que el ministro Navarro tiene el reto de seguir mejorando lo que se ha estado haciendo y de trabajar con la eficiencia que se necesita para adelantar los niveles de calidad que demanda el pa\u00eds, \u00aby asumir lo que dec\u00eda el Presidente Medina en su discurso, de trabajar m\u00e1s y mejor, trabajar con la mayor transparencia posible, que es otra de las l\u00edneas para este cuatrienio\u00bb.<\/p>\n<\/p>\n<p>Peralta refiri\u00f3 que los funcionarios del Gobierno deben seguir trabajando en este cuatrienio con transparencia y honestidad; nunca apartarse del nuevo slogan del Gobierno: \u00abTrabajar con la gente y para la gente\u00bb y, en ese caso, trabajar para la educaci\u00f3n y con la educaci\u00f3n y con los estudiantes\u00bb.<\/p>\n<\/p>\n<p>Asimismo, resalt\u00f3 el arduo trabajo realizado por el ministro saliente Amarante Baret, a quien le toc\u00f3 la primera etapa de la Revoluci\u00f3n Educativa, un eje fundamental del Gobierno, y que la sociedad ha venido demandando desde hace tiempo.<\/p>\n<\/p>\n<p>Mientras que Amarante Baret consider\u00f3 atinada la decisi\u00f3n del presidente Medina de designar al arquitecto Navarro como titular de Educaci\u00f3n, al tiempo que destac\u00f3 el avance logrado por el gobierno en materia educativa en los \u00faltimos cuatro a\u00f1os el cual seguir\u00e1 mejorando.<\/p>\n<\/p>\n<p>\u00abYo s\u00e9 que en manos del compa\u00f1ero Andr\u00e9s Navarro todos estos proyectos seguir\u00e1n avanzando, por su capacidad, y porque el l\u00edder de esta revoluci\u00f3n est\u00e1 empe\u00f1ado en que la educaci\u00f3n dominicana de una vez y por toda sea de calidad, a eso es que apuesta nuestro Presidente, porque ese es el anhelo de todos los actores de la comunidad educativa, y de la educaci\u00f3n dominicana \u00ab, puntualiz\u00f3 Amarante Baret. <\/p>\n<h6> 2016-08-17 17:06:59 <\/h6>\n<p><!--\n<link rel=\"stylesheet\" href=\"css\/bootstrap.min.css\">\n\n\n<ul class=\"pagination\">\n\t    \n\t\n\n<li >\n\t<a href='?page_no=12216'>Previous<\/a>\n\t<\/li>\n\n\n       \n    \n\n<li><a href='?page_no=1'>1<\/a><\/li>\n\n\n\n<li><a href='?page_no=2'>2<\/a><\/li>\n\n\n\n<li><a>...<\/a><\/li>\n\n\n\n<li><a href='?page_no=12215'>12215<\/a><\/li>\n\n\n\n<li><a href='?page_no=12216'>12216<\/a><\/li>\n\n\n\n<li class='active'><a>12217<\/a><\/li>\n\n\n\n<li><a href='?page_no=12218'>12218<\/a><\/li>\n\n\n\n<li><a href='?page_no=12219'>12219<\/a><\/li>\n\n\n\n<li><a>...<\/a><\/li>\n\n\n\n<li><a href='?page_no=56169'>56169<\/a><\/li>\n\n\n\n<li><a href='?page_no=56170'>56170<\/a><\/li>\n\n    \n\t\n\n<li >\n\t<a href='?page_no=12218'>Next<\/a>\n\t<\/li>\n\n\n    \n\n<li><a href='?page_no=56170'>Last &rsaquo;&rsaquo;<\/a><\/li>\n\n<\/ul>\n\n\n--><br \/>\n<\/body><\/p>\n","protected":false},"excerpt":{"rendered":"<p>Santo Domingo, RD, 16 de agosto.- El nuevo ministro del Ministerio de Educaci\u00f3n (MINERD), Andr\u00e9s Navarro, afirm\u00f3 hoy que su gesti\u00f3n se desarrollar\u00e1 con un esp\u00edritu de trabajo en equipo, integraci\u00f3n, di\u00e1logo, y apegado estrictamente a los alineamientos trazados por el presidente Danilo Medina, en pos de crear una nueva Rep\u00fablica Dominicana. Al ser posesionado [&hellip;]<\/p>\n","protected":false},"author":3,"featured_media":0,"comment_status":"open","ping_status":"open","sticky":false,"template":"","format":"standard","meta":{"footnotes":""},"categories":[20],"tags":[],"class_list":["post-217724","post","type-post","status-publish","format-standard","hentry","category-dominicana-hoy"],"_links":{"self":[{"href":"https:\/\/diariodominicano.com\/index.php?rest_route=\/wp\/v2\/posts\/217724","targetHints":{"allow":["GET"]}}],"collection":[{"href":"https:\/\/diariodominicano.com\/index.php?rest_route=\/wp\/v2\/posts"}],"about":[{"href":"https:\/\/diariodominicano.com\/index.php?rest_route=\/wp\/v2\/types\/post"}],"author":[{"embeddable":true,"href":"https:\/\/diariodominicano.com\/index.php?rest_route=\/wp\/v2\/users\/3"}],"replies":[{"embeddable":true,"href":"https:\/\/diariodominicano.com\/index.php?rest_route=%2Fwp%2Fv2%2Fcomments&post=217724"}],"version-history":[{"count":0,"href":"https:\/\/diariodominicano.com\/index.php?rest_route=\/wp\/v2\/posts\/217724\/revisions"}],"wp:attachment":[{"href":"https:\/\/diariodominicano.com\/index.php?rest_route=%2Fwp%2Fv2%2Fmedia&parent=217724"}],"wp:term":[{"taxonomy":"category","embeddable":true,"href":"https:\/\/diariodominicano.com\/index.php?rest_route=%2Fwp%2Fv2%2Fcategories&post=217724"},{"taxonomy":"post_tag","embeddable":true,"href":"https:\/\/diariodominicano.com\/index.php?rest_route=%2Fwp%2Fv2%2Ftags&post=217724"}],"curies":[{"name":"wp","href":"https:\/\/api.w.org\/{rel}","templated":true}]}}