{"id":217723,"date":"2016-08-17T19:30:17","date_gmt":"2016-08-17T19:30:17","guid":{"rendered":"http:\/\/diariodominicano.ddns.net\/?p=217723"},"modified":"2016-08-17T19:30:17","modified_gmt":"2016-08-17T19:30:17","slug":"peralta-presidente-medina-sera-exigente-con-un-gobierno-eficaz-cercano-en-el-servicio-a-la-gente-y-transparente","status":"publish","type":"post","link":"https:\/\/diariodominicano.com\/?p=217723","title":{"rendered":"Peralta: \u00abPresidente Medina ser\u00e1 exigente con un Gobierno eficaz, cercano en el servicio a la gente y transparente\u00bb"},"content":{"rendered":"<p><body><\/p>\n<p><img decoding=\"async\" src=\"img3\/IMG_6719 (1).JPG\" \/><br \/><img decoding=\"async\" src=\"img3\/IMG_6667.JPG\" \/><br \/><img decoding=\"async\" src=\"img3\/IMG_6682.JPG\" \/>  <\/p>\n<p><strong><span class=\"text1noticias\">El ministro administrativo de la Presidencia hizo el se\u00f1alamiento en los actos de toma de posesi\u00f3n de varios de los ministros designados el martes<\/span><\/strong><\/p>\n<\/p>\n<p><strong><span class=\"text1noticias\">SANTO DOMINGO, RD, 17 de Agosto de 2016.-<\/span><\/strong><span class=\"text1noticias\">  El ministro Administrativo de la Presidencia, Jos\u00e9 Ram\u00f3n Peralta, exhort\u00f3 este mi\u00e9rcoles a los funcionarios  del nuevo gobierno a cumplir con las metas de transparencia, eficacia y cercan\u00eda en el servicio a la gente que han sido establecidas por el Presidente Danilo Medina para el cuatrienio 2016-2010.<\/span><\/p>\n<\/p>\n<p><span class=\"text1noticias\">Durante los actos de toma de posesi\u00f3n realizados en diferentes instituciones p\u00fablicas,  les recomend\u00f3 a los ministros con nuevas funciones  \u00abtrabajar m\u00e1s y mejor\u00bb en beneficio de la poblaci\u00f3n.<\/span><\/p>\n<\/p>\n<p><span class=\"text1noticias\">Sostuvo que hay que seguir las l\u00edneas de acci\u00f3n establecida por el presidente Medina en su discurso del 16 de agosto donde el mandatario establece como nuevo lema de su gobierno \u00abtrabajar con la gente y para la gente\u00bb. Dijo que el mandatario ser\u00e1 exigente respecto a la materializaci\u00f3n de una gesti\u00f3n eficaz, cercana en el servicio a la gente y transparente\u00bb.<\/span><\/p>\n<\/p>\n<p><span class=\"text1noticias\">Por instrucciones del Presidente Medina se labora un reglamento, agreg\u00f3, que servir\u00e1 de gu\u00eda para establecer los niveles de transparencia en  cada una de las instituciones del Estado.<\/span><\/p>\n<\/p>\n<p><span class=\"text1noticias\">\u00abLa idea consiste en seguir mejorando lo que se ha estado haciendo, trabajar con la eficacia que se necesita para nosotros aumentar los niveles de calidad que quiere y demanda el pa\u00eds\u00bb, expres\u00f3. Reiter\u00f3 que una de las l\u00edneas indicadas por el mandatario es que se trabaje con la mayor transparencia posible.<\/span><\/p>\n<\/p>\n<p><span class=\"text1noticias\">Refiri\u00f3 que aunque en su alocuci\u00f3n del martes pasado, el Jefe del Estado expres\u00f3 claramente que el pa\u00eds ha avanzado mucho en t\u00e9rmino institucional en lo que tiene que ver con la transparencia, \u00abhay que continuar profundizando las iniciativas en ese sentido\u00bb.<\/span><\/p>\n<\/p>\n<p><strong><span class=\"text1noticias\">En los pr\u00f3ximos d\u00edas se dar\u00e1 a conocer un reglamento sobre la transparencia, precis\u00f3, para que en este cuatrienio sigamos teniendo un gobierno transparente y honesto.<\/span><\/strong><\/p>\n<\/p>\n<p><span class=\"text1noticias\">El periplo realizado por Peralta se inici\u00f3 en el Ministerio de Hacienda donde fue posesionado  Donald Guerrero; prosigui\u00f3 a Industria y Comercio, donde dej\u00f3 instalado en sus nuevas funciones a Tem\u00edstocles Montas; y continu\u00f3 en Deportes, donde fue designado Danilo D\u00edaz.<\/span><\/p>\n<\/p>\n<p><span class=\"text1noticias\">Posteriormente pas\u00f3 al Ministerio de Relaciones Exteriores, donde dej\u00f3 posesionado a Miguel Vargas Maldonado; luego se traslad\u00f3 a Educaci\u00f3n donde dej\u00f3 en funciones al ministro Andr\u00e9s Navarro; de all\u00ed pas\u00f3 al Ministerio de Educaci\u00f3n Superior, para dejar instalada a Alejandrina Germ\u00e1n; y luego al Misterio de la Mujer donde posesion\u00f3 a Janet Camilo.<\/span><\/p>\n<\/p>\n<h6> 2016-08-17 19:30:17 <\/h6>\n<p><!--\n<link rel=\"stylesheet\" href=\"css\/bootstrap.min.css\">\n\n\n<ul class=\"pagination\">\n\t    \n\t\n\n<li >\n\t<a href='?page_no=12215'>Previous<\/a>\n\t<\/li>\n\n\n       \n    \n\n<li><a href='?page_no=1'>1<\/a><\/li>\n\n\n\n<li><a href='?page_no=2'>2<\/a><\/li>\n\n\n\n<li><a>...<\/a><\/li>\n\n\n\n<li><a href='?page_no=12214'>12214<\/a><\/li>\n\n\n\n<li><a href='?page_no=12215'>12215<\/a><\/li>\n\n\n\n<li class='active'><a>12216<\/a><\/li>\n\n\n\n<li><a href='?page_no=12217'>12217<\/a><\/li>\n\n\n\n<li><a href='?page_no=12218'>12218<\/a><\/li>\n\n\n\n<li><a>...<\/a><\/li>\n\n\n\n<li><a href='?page_no=56169'>56169<\/a><\/li>\n\n\n\n<li><a href='?page_no=56170'>56170<\/a><\/li>\n\n    \n\t\n\n<li >\n\t<a href='?page_no=12217'>Next<\/a>\n\t<\/li>\n\n\n    \n\n<li><a href='?page_no=56170'>Last &rsaquo;&rsaquo;<\/a><\/li>\n\n<\/ul>\n\n\n--><br \/>\n<\/body><\/p>\n","protected":false},"excerpt":{"rendered":"<p>El ministro administrativo de la Presidencia hizo el se\u00f1alamiento en los actos de toma de posesi\u00f3n de varios de los ministros designados el martes SANTO DOMINGO, RD, 17 de Agosto de 2016.- El ministro Administrativo de la Presidencia, Jos\u00e9 Ram\u00f3n Peralta, exhort\u00f3 este mi\u00e9rcoles a los funcionarios del nuevo gobierno a cumplir con las metas [&hellip;]<\/p>\n","protected":false},"author":3,"featured_media":0,"comment_status":"open","ping_status":"open","sticky":false,"template":"","format":"standard","meta":{"footnotes":""},"categories":[20],"tags":[],"class_list":["post-217723","post","type-post","status-publish","format-standard","hentry","category-dominicana-hoy"],"_links":{"self":[{"href":"https:\/\/diariodominicano.com\/index.php?rest_route=\/wp\/v2\/posts\/217723","targetHints":{"allow":["GET"]}}],"collection":[{"href":"https:\/\/diariodominicano.com\/index.php?rest_route=\/wp\/v2\/posts"}],"about":[{"href":"https:\/\/diariodominicano.com\/index.php?rest_route=\/wp\/v2\/types\/post"}],"author":[{"embeddable":true,"href":"https:\/\/diariodominicano.com\/index.php?rest_route=\/wp\/v2\/users\/3"}],"replies":[{"embeddable":true,"href":"https:\/\/diariodominicano.com\/index.php?rest_route=%2Fwp%2Fv2%2Fcomments&post=217723"}],"version-history":[{"count":0,"href":"https:\/\/diariodominicano.com\/index.php?rest_route=\/wp\/v2\/posts\/217723\/revisions"}],"wp:attachment":[{"href":"https:\/\/diariodominicano.com\/index.php?rest_route=%2Fwp%2Fv2%2Fmedia&parent=217723"}],"wp:term":[{"taxonomy":"category","embeddable":true,"href":"https:\/\/diariodominicano.com\/index.php?rest_route=%2Fwp%2Fv2%2Fcategories&post=217723"},{"taxonomy":"post_tag","embeddable":true,"href":"https:\/\/diariodominicano.com\/index.php?rest_route=%2Fwp%2Fv2%2Ftags&post=217723"}],"curies":[{"name":"wp","href":"https:\/\/api.w.org\/{rel}","templated":true}]}}