{"id":217721,"date":"2016-08-18T09:37:51","date_gmt":"2016-08-18T09:37:51","guid":{"rendered":"http:\/\/diariodominicano.ddns.net\/?p=217721"},"modified":"2016-08-18T09:37:51","modified_gmt":"2016-08-18T09:37:51","slug":"nuevo-presidente-indotel-anuncia-transformara-esa-entidad","status":"publish","type":"post","link":"https:\/\/diariodominicano.com\/?p=217721","title":{"rendered":"Nuevo presidente Indotel anuncia transformar\u00e1 esa entidad"},"content":{"rendered":"<p><body><\/p>\n<p><img decoding=\"async\" src=\"http:\/\/10.0.0.82:8080\/img3\/savi%C3%83%C2%B1on%2018-8.jpg\" \/>  <\/p>\n<p><span class=\"text1noticias\">Santo Domingo, R. D., 18 de agosto.- El nuevo presidente del Consejo Directivo del Instituto Dominicano de las Telecomunicaciones (Indotel), licenciado Jos\u00e9 Del Castillo Savi\u00f1\u00f3n, anunci\u00f3 hoy que realizar\u00e1 transformaciones dirigidas a fortalecer el \u00f3rgano regulador, aunque adelant\u00f3, asimismo, que ser\u00e1n \u00abcambios positivos para el pa\u00eds\u00bb y para el desarrollo de las telecomunicaciones que defini\u00f3 como \u00abuno de los objetivos principales del presidente Danilo Medina en este cuatrienio.<\/span><\/p>\n<p><span class=\"text1noticias\"> <\/span><\/p>\n<p><span class=\"text1noticias\">\u00abVenimos en un momento de cambio, pero un cambio que va a fortalecer la instituci\u00f3n en la cual nos toca ahora desarrollar nuestra labor y un cambio positivo para el pa\u00eds, en b\u00fasqueda de una de las libertades m\u00e1s esenciales que tiene el ser humano que es la libertad del conocimiento\u00bb, expres\u00f3.<\/span><\/p>\n<p><span class=\"text1noticias\"> <\/span><\/p>\n<p><span class=\"text1noticias\">Traz\u00f3 tambi\u00e9n las metas de esas transformaciones, \u00abel acceso al conocimiento digital y el uso de las herramientas de las tecnolog\u00edas de las telecomunicaciones\u00bb, lo cual seg\u00fan precis\u00f3, \u00abes una nueva manera de lograr ese prop\u00f3sito\u00bb de digitalizar el pa\u00eds.<\/span><\/p>\n<p><span class=\"text1noticias\"> <\/span><\/p>\n<p><span class=\"text1noticias\">Hizo el se\u00f1alamiento al ser posesionado como nuevo presidente del Indotel por parte del nuevo ministro de Educaci\u00f3n, arquitecto Andr\u00e9s Navarro, durante una  ceremonia celebrada en el sal\u00f3n de reuniones del Consejo Directivo.<\/span><\/p>\n<p><span class=\"text1noticias\"> <\/span><\/p>\n<p><span class=\"text1noticias\">Del Castillo Savi\u00f1\u00f3n agradeci\u00f3 \u00abprimero a Dios que me ha dado la oportunidad de servir a este pa\u00eds en este momento en la presidencia del Instituto Dominicano de las Telecomunicaciones\u00bb.<\/span><\/p>\n<p><span class=\"text1noticias\"> <\/span><\/p>\n<p><span class=\"text1noticias\"> Asimismo, agradeci\u00f3 al presidente Danilo Medina por \u00abla confianza que ha tenido en m\u00ed, primero en los pasados cuatro a\u00f1os donde conduje el Ministerio de Industria y Comercio de acuerdo a sus objetivos, haciendo especial \u00e9nfasis en el fomento de la micro y medianas empresas, y regulando otras \u00e1reas de la industria, ahora vamos a hacer lo mismo desde el Indotel en lo que  tiene que ver con el fomento de las telecomunicaciones\u00bb.<\/span><\/p>\n<p><span class=\"text1noticias\"> <\/span><\/p>\n<p><span class=\"text1noticias\">Consider\u00f3 el desarrollo de las telecomunicaciones uno de los objetivos de este cuatrienio, que seg\u00fan apunt\u00f3, se pudo apreciar en el discurso de toma de posesi\u00f3n del Presidente Medina y como adem\u00e1s, se anticipa en el programa de gobierno.<\/span><\/p>\n<p><span class=\"text1noticias\"> <\/span><\/p>\n<p><span class=\"text1noticias\">Manifest\u00f3 que tambi\u00e9n es prioridad del actual mandato \u00abel acceso universal a la red de comunicaciones, a la web y el uso generalizado de los documentos digitales y virtuales en beneficio de los planes de desarrollo del gobierno dominicano que estim\u00f3, \u00abson pilares que van a estar presentes y que van a marcar si se quiere lo que pudi\u00e9semos llamar una revoluci\u00f3n digital que es lo que se pretende con el proyecto Rep\u00fablica Dominicana Digital\u00bb.<\/span><\/p>\n<p><span class=\"text1noticias\"> <\/span><\/p>\n<p><span class=\"text1noticias\">Tras reiterar su agradecimiento al presidente Medina por su designaci\u00f3n al frente del Indotel, Del Castillo Savi\u00f1\u00f3n pidi\u00f3 al personal de la instituci\u00f3n su \u00abcolaboraci\u00f3n, apoyo en el logro de este prop\u00f3sito de impulsar el desarrollo de las telecomunicaciones en su rol de regulador del espectro radioel\u00e9ctrico en la Rep\u00fablica Dominicana\u00bb.<\/span><\/p>\n<p><span class=\"text1noticias\"> <\/span><\/p>\n<p><span class=\"text1noticias\">Andr\u00e9s Navarro<\/span><\/p>\n<p><span class=\"text1noticias\">Al  posesionar al licenciado Del Castillo como presidente del Indotel, el nuevo ministro de Educaci\u00f3n, arquitecto Andr\u00e9s Navarro, resalt\u00f3 que con esta designaci\u00f3n el presidente Medina \u00abcomenz\u00f3 a tomar las decisiones de transformaci\u00f3n en el tren gubernamental\u00bb.<\/span><\/p>\n<p><span class=\"text1noticias\"> <\/span><\/p>\n<p><span class=\"text1noticias\">Se\u00f1alo que el mandatario consider\u00f3 importante que Del Castillo  est\u00e9 al frente del Indotel, en raz\u00f3n de \u00abla extraordinaria labor que desempe\u00f1\u00f3 en el fomento de la industria y el comercio en la Rep\u00fablica Dominicana en el periodo que le correspondi\u00f3 dirigir esa instituci\u00f3n\u00bb.<\/span><\/p>\n<p><span class=\"text1noticias\"> <\/span><\/p>\n<p><span class=\"text1noticias\">Entiende que el mandatario consider\u00f3 necesario que Del Castillo viniera a asumir estas funciones, conforme a los objetivos que el jefe del Estado tiene para con el sector de las telecomunicaciones, <\/span><\/p>\n<p><span class=\"text1noticias\"> <\/span><\/p>\n<p><span class=\"text1noticias\">\u00abEn nombre del presidente de la Rep\u00fablica, le comunico a todo el pa\u00eds que estamos altamente confiado en que el Indotel va a continuar con su proceso de desarrollo institucional y desarrollo de las telecomunicaciones, bajo el mando de Jos\u00e9 Del Castillo\u00bb, enfatiz\u00f3 Navarro luego de lo cual hizo formal entrega de la conducci\u00f3n del Indotel a su nuevo incumbente, al cual <\/span>felicit\u00f3.<\/p>\n<\/p>\n<h6> 2016-08-18 09:37:51 <\/h6>\n<p><!--\n<link rel=\"stylesheet\" href=\"css\/bootstrap.min.css\">\n\n\n<ul class=\"pagination\">\n\t    \n\t\n\n<li >\n\t<a href='?page_no=12213'>Previous<\/a>\n\t<\/li>\n\n\n       \n    \n\n<li><a href='?page_no=1'>1<\/a><\/li>\n\n\n\n<li><a href='?page_no=2'>2<\/a><\/li>\n\n\n\n<li><a>...<\/a><\/li>\n\n\n\n<li><a href='?page_no=12212'>12212<\/a><\/li>\n\n\n\n<li><a href='?page_no=12213'>12213<\/a><\/li>\n\n\n\n<li class='active'><a>12214<\/a><\/li>\n\n\n\n<li><a href='?page_no=12215'>12215<\/a><\/li>\n\n\n\n<li><a href='?page_no=12216'>12216<\/a><\/li>\n\n\n\n<li><a>...<\/a><\/li>\n\n\n\n<li><a href='?page_no=56169'>56169<\/a><\/li>\n\n\n\n<li><a href='?page_no=56170'>56170<\/a><\/li>\n\n    \n\t\n\n<li >\n\t<a href='?page_no=12215'>Next<\/a>\n\t<\/li>\n\n\n    \n\n<li><a href='?page_no=56170'>Last &rsaquo;&rsaquo;<\/a><\/li>\n\n<\/ul>\n\n\n--><br \/>\n<\/body><\/p>\n","protected":false},"excerpt":{"rendered":"<p>Santo Domingo, R. D., 18 de agosto.- El nuevo presidente del Consejo Directivo del Instituto Dominicano de las Telecomunicaciones (Indotel), licenciado Jos\u00e9 Del Castillo Savi\u00f1\u00f3n, anunci\u00f3 hoy que realizar\u00e1 transformaciones dirigidas a fortalecer el \u00f3rgano regulador, aunque adelant\u00f3, asimismo, que ser\u00e1n \u00abcambios positivos para el pa\u00eds\u00bb y para el desarrollo de las telecomunicaciones que defini\u00f3 [&hellip;]<\/p>\n","protected":false},"author":3,"featured_media":0,"comment_status":"open","ping_status":"open","sticky":false,"template":"","format":"standard","meta":{"footnotes":""},"categories":[20],"tags":[],"class_list":["post-217721","post","type-post","status-publish","format-standard","hentry","category-dominicana-hoy"],"_links":{"self":[{"href":"https:\/\/diariodominicano.com\/index.php?rest_route=\/wp\/v2\/posts\/217721","targetHints":{"allow":["GET"]}}],"collection":[{"href":"https:\/\/diariodominicano.com\/index.php?rest_route=\/wp\/v2\/posts"}],"about":[{"href":"https:\/\/diariodominicano.com\/index.php?rest_route=\/wp\/v2\/types\/post"}],"author":[{"embeddable":true,"href":"https:\/\/diariodominicano.com\/index.php?rest_route=\/wp\/v2\/users\/3"}],"replies":[{"embeddable":true,"href":"https:\/\/diariodominicano.com\/index.php?rest_route=%2Fwp%2Fv2%2Fcomments&post=217721"}],"version-history":[{"count":0,"href":"https:\/\/diariodominicano.com\/index.php?rest_route=\/wp\/v2\/posts\/217721\/revisions"}],"wp:attachment":[{"href":"https:\/\/diariodominicano.com\/index.php?rest_route=%2Fwp%2Fv2%2Fmedia&parent=217721"}],"wp:term":[{"taxonomy":"category","embeddable":true,"href":"https:\/\/diariodominicano.com\/index.php?rest_route=%2Fwp%2Fv2%2Fcategories&post=217721"},{"taxonomy":"post_tag","embeddable":true,"href":"https:\/\/diariodominicano.com\/index.php?rest_route=%2Fwp%2Fv2%2Ftags&post=217721"}],"curies":[{"name":"wp","href":"https:\/\/api.w.org\/{rel}","templated":true}]}}