{"id":217720,"date":"2016-08-18T09:54:18","date_gmt":"2016-08-18T09:54:18","guid":{"rendered":"http:\/\/diariodominicano.ddns.net\/?p=217720"},"modified":"2016-08-18T09:54:18","modified_gmt":"2016-08-18T09:54:18","slug":"map-asesorara-la-digecoom-en-diseno-estructurar-cargos","status":"publish","type":"post","link":"https:\/\/diariodominicano.com\/?p=217720","title":{"rendered":"MAP asesorar\u00e1 la DIGECOOM en dise\u00f1o estructurar cargos&#13;"},"content":{"rendered":"<p><body><\/p>\n<p><img decoding=\"async\" src=\"img3\/digecom 18-8.jpg\" \/>  <\/p>\n<p><span class=\"text1noticias\">Santo Domingo, R. D., 18 de agosto.- El Ministerio de Administraci\u00f3n P\u00fablica (MAP) prestar\u00e1 asesor\u00eda en el dise\u00f1o de la estructura de cargos para el adecuado funcionamiento de la Direcci\u00f3n General de Cooperaci\u00f3n Multilateral (DIGECOOM), como parte de un acuerdo interinstitucional firmado por los titulares de ambas entidades, licenciado Ram\u00f3n Ventura Camejo y el ingeniero Antonio Vargas Hern\u00e1ndez.<\/span><\/p>\n<p><span class=\"text1noticias\"> <\/span><\/p>\n<p><span class=\"text1noticias\">El convenio tiene como objetivo general el desarrollo de un marco de colaboraci\u00f3n en las reformas de la estructura org\u00e1nica de la DIGECOOM, instituci\u00f3n que tiene a su cargo el seguimiento y evaluaci\u00f3n de los programas, proyectos, obras e iniciativas, elaborados y ejecutados a trav\u00e9s de la cooperaci\u00f3n t\u00e9cnica y financiados con recurso no reembolsables, provenientes de fuentes multilaterales, y que adem\u00e1s tiene relaciones con las agencias de cooperaci\u00f3n multilateral.<\/span><\/p>\n<p><span class=\"text1noticias\">  <\/span><\/p>\n<p><span class=\"text1noticias\">\u00abEste acuerdo  es de gran importancia por la entidad con la que lo estamos suscribiendo que siempre crea las facilidades para poder tener acceso a la cooperaci\u00f3n t\u00e9cnica y recursos internacionales, dentro de un marco de transparencia, pero tambi\u00e9n de competencia, y eso ha permitido que las cosas fluyan en el momento oportuno y en el tiempo necesario, con unos procesos \u00e1giles, y sabemos que detr\u00e1s de eso hay un liderazgo que hay que destacar\u00bb, afirm\u00f3 el ministro Ventura Camejo.<\/span><\/p>\n<p><span class=\"text1noticias\">  <\/span><\/p>\n<p><span class=\"text1noticias\">Seg\u00fan el acuerdo, el MAP, entidad rectora de la administraci\u00f3n p\u00fablica en el pa\u00eds,  tambi\u00e9n colaborar\u00e1 con la DIGECOOM en el proceso de aprobaci\u00f3n e implementaci\u00f3n del modelo de organizaci\u00f3n de estructuras organizadas aprobadas mediante la Resoluci\u00f3n 14-2013 dictado por el Ministerio, y las dos instituciones crear\u00e1n y promover\u00e1n de manera conjunta las condiciones de coordinaci\u00f3n a los fines de establecer sinergias que viabilicen los trabajos a realizarse.<\/span><\/p>\n<p><span class=\"text1noticias\">  <\/span><\/p>\n<p><span class=\"text1noticias\">Como parte del convenio se deben definir las \u00e1reas a ser intervenidas, y se desarrollar\u00e1n planes de trabajo y cooperaci\u00f3n mutua, previo acuerdo entre las partes.<\/span><\/p>\n<p><span class=\"text1noticias\"> <\/span><\/p>\n<p><span class=\"text1noticias\">En este sentido, el MAP y la DIGECOOM se comprometen a suscribir acuerdos espec\u00edficos para ejecuci\u00f3n conjunta de los compromisos asumidos cada vez que sea necesario, seg\u00fan una informaci\u00f3n dada a conocer por el periodista Lu\u00eds C\u00e9spedes Pe\u00f1a.<\/span><\/p>\n<p><span class=\"text1noticias\"> <\/span><\/p>\n<p><span class=\"text1noticias\"> Al acuerdo, que tendr\u00e1 una duraci\u00f3n de dos a\u00f1os, le dar\u00e1n seguimiento sendas comisiones que ser\u00e1n constituidas por las dos entidades firmantes, que velar\u00e1n por la consecuci\u00f3n de las iniciativas y los objetivos enmarcados en el convenio.<\/span><\/p>\n<p><span class=\"text1noticias\"> <\/span><\/p>\n<\/p>\n<h6> 2016-08-18 09:54:18 <\/h6>\n<p><!--\n<link rel=\"stylesheet\" href=\"css\/bootstrap.min.css\">\n\n\n<ul class=\"pagination\">\n\t    \n\t\n\n<li >\n\t<a href='?page_no=12212'>Previous<\/a>\n\t<\/li>\n\n\n       \n    \n\n<li><a href='?page_no=1'>1<\/a><\/li>\n\n\n\n<li><a href='?page_no=2'>2<\/a><\/li>\n\n\n\n<li><a>...<\/a><\/li>\n\n\n\n<li><a href='?page_no=12211'>12211<\/a><\/li>\n\n\n\n<li><a href='?page_no=12212'>12212<\/a><\/li>\n\n\n\n<li class='active'><a>12213<\/a><\/li>\n\n\n\n<li><a href='?page_no=12214'>12214<\/a><\/li>\n\n\n\n<li><a href='?page_no=12215'>12215<\/a><\/li>\n\n\n\n<li><a>...<\/a><\/li>\n\n\n\n<li><a href='?page_no=56169'>56169<\/a><\/li>\n\n\n\n<li><a href='?page_no=56170'>56170<\/a><\/li>\n\n    \n\t\n\n<li >\n\t<a href='?page_no=12214'>Next<\/a>\n\t<\/li>\n\n\n    \n\n<li><a href='?page_no=56170'>Last &rsaquo;&rsaquo;<\/a><\/li>\n\n<\/ul>\n\n\n--><br \/>\n<\/body><\/p>\n","protected":false},"excerpt":{"rendered":"<p>Santo Domingo, R. D., 18 de agosto.- El Ministerio de Administraci\u00f3n P\u00fablica (MAP) prestar\u00e1 asesor\u00eda en el dise\u00f1o de la estructura de cargos para el adecuado funcionamiento de la Direcci\u00f3n General de Cooperaci\u00f3n Multilateral (DIGECOOM), como parte de un acuerdo interinstitucional firmado por los titulares de ambas entidades, licenciado Ram\u00f3n Ventura Camejo y el ingeniero [&hellip;]<\/p>\n","protected":false},"author":3,"featured_media":0,"comment_status":"open","ping_status":"open","sticky":false,"template":"","format":"standard","meta":{"footnotes":""},"categories":[20],"tags":[],"class_list":["post-217720","post","type-post","status-publish","format-standard","hentry","category-dominicana-hoy"],"_links":{"self":[{"href":"https:\/\/diariodominicano.com\/index.php?rest_route=\/wp\/v2\/posts\/217720","targetHints":{"allow":["GET"]}}],"collection":[{"href":"https:\/\/diariodominicano.com\/index.php?rest_route=\/wp\/v2\/posts"}],"about":[{"href":"https:\/\/diariodominicano.com\/index.php?rest_route=\/wp\/v2\/types\/post"}],"author":[{"embeddable":true,"href":"https:\/\/diariodominicano.com\/index.php?rest_route=\/wp\/v2\/users\/3"}],"replies":[{"embeddable":true,"href":"https:\/\/diariodominicano.com\/index.php?rest_route=%2Fwp%2Fv2%2Fcomments&post=217720"}],"version-history":[{"count":0,"href":"https:\/\/diariodominicano.com\/index.php?rest_route=\/wp\/v2\/posts\/217720\/revisions"}],"wp:attachment":[{"href":"https:\/\/diariodominicano.com\/index.php?rest_route=%2Fwp%2Fv2%2Fmedia&parent=217720"}],"wp:term":[{"taxonomy":"category","embeddable":true,"href":"https:\/\/diariodominicano.com\/index.php?rest_route=%2Fwp%2Fv2%2Fcategories&post=217720"},{"taxonomy":"post_tag","embeddable":true,"href":"https:\/\/diariodominicano.com\/index.php?rest_route=%2Fwp%2Fv2%2Ftags&post=217720"}],"curies":[{"name":"wp","href":"https:\/\/api.w.org\/{rel}","templated":true}]}}