{"id":217718,"date":"2016-08-18T11:29:07","date_gmt":"2016-08-18T11:29:07","guid":{"rendered":"http:\/\/diariodominicano.ddns.net\/?p=217718"},"modified":"2016-08-18T11:29:07","modified_gmt":"2016-08-18T11:29:07","slug":"vicepresidente-de-taiwan-visita-a-vicemandataria-en-palacio-nacional","status":"publish","type":"post","link":"https:\/\/diariodominicano.com\/?p=217718","title":{"rendered":"Vicepresidente de Taiw\u00e1n visita a Vicemandataria en Palacio Nacional"},"content":{"rendered":"<p><body><\/p>\n<p><img decoding=\"async\" src=\"img3\/taiwan 18-8.jpg\" \/>  <\/p>\n<p><strong><span class=\"text1noticias\">Santo Domingo, R. D., 18 de agosto.- <\/span><\/strong><span class=\"text1noticias\">La vicepresidenta de la Rep\u00fablica, doctora  Margarita Cede\u00f1o, recibi\u00f3 en su despacho del Palacio Nacional a su hom\u00f3logo de la Rep\u00fablica China de Taiw\u00e1n, Chien-Jen Chen, donde trataron temas relacionados con el empoderamiento de la mujer y el desarrollo tecnol\u00f3gico en zonas rurales.<\/span><\/p>\n<p><span class=\"text1noticias\"> <\/span><\/p>\n<p><span class=\"text1noticias\">Ambos vicepresidentes hablaron de ampliar las capacitaciones en diferentes carreras t\u00e9cnicas que se imparten en los 41 Centros de Capacitaci\u00f3n y Producci\u00f3n Progresado (CCPP) a cargo del programa Progresando con Solidaridad (Prosoli), que dirige la doctora Margarita Cede\u00f1o, los cuales han formado a 374,450 personas en todo el pa\u00eds.<\/span><\/p>\n<p><span class=\"text1noticias\"> <\/span><\/p>\n<p><span class=\"text1noticias\">El vicepresidente de Taiw\u00e1n se encuentra el en pa\u00eds en ocasi\u00f3n de la toma de posesi\u00f3n este martes para un nuevo per\u00edodo gubernamental del presidente Danilo Medina y la vicepresidenta Margarita Cede\u00f1o.<\/span><\/p>\n<p><span class=\"text1noticias\"> <\/span><\/p>\n<p><span class=\"text1noticias\">La Vicemandataria calific\u00f3 a esos centros como sin\u00f3nimo de amor que garantizan los derechos de las personas, mediante de su amplio programa formativo que permite a los m\u00e1s vulnerables insertarse en el mercado laboral o iniciar un emprendimiento a trav\u00e9s de lo aprendido.<\/span><\/p>\n<p><span class=\"text1noticias\"> <\/span><\/p>\n<p><span class=\"text1noticias\">Para el logro de estos objetivos  el gobierno de China-Taiw\u00e1n ha brindado apoyo financiero para la construcci\u00f3n de CCPP dirigidos a alcanzar el bienestar de las comunidades empobrecidas.<\/span><\/p>\n<p><span class=\"text1noticias\"> <\/span><\/p>\n<p><span class=\"text1noticias\">De su lado, el Vicemandatario taiwan\u00e9s consider\u00f3 importante incrementar los beneficios que reciben las familias dominicanas a trav\u00e9s de los CCPP, en especial las m\u00e1s vulnerables, por lo que se comprometi\u00f3 a fortalecer los lazos de colaboraci\u00f3n entre ambas naciones.<\/span><\/p>\n<p><span class=\"text1noticias\"> <\/span><\/p>\n<p><span class=\"text1noticias\">La Vicepresidenta present\u00f3 adem\u00e1s el proyecto Ciudad Mujer, el cual reunir\u00e1 en un solo lugar todos los servicios que requieren las f\u00e9minas para el desarrollo integral.<\/span><\/p>\n<p><span class=\"text1noticias\"> <\/span><\/p>\n<p><span class=\"text1noticias\">Explic\u00f3 a la delegaci\u00f3n de Taiw\u00e1n lo relativo a la marca Manos Dominicanas, donde mujeres emprendedoras capacitadas por Prosoli enfrentan la pobreza con la fabricaci\u00f3n y comercializaci\u00f3n de artesan\u00edas, tales como mu\u00f1ecas, pinturas, lencer\u00eda y bisuter\u00eda.<\/span><\/p>\n<p><span class=\"text1noticias\"> <\/span><\/p>\n<p><span class=\"text1noticias\">Tecnolog\u00eda<\/span><\/p>\n<p><span class=\"text1noticias\"> <\/span><\/p>\n<p><span class=\"text1noticias\">La vicepresidenta Margarita Cede\u00f1o y el vicepresidente Chien-Jen Chen coincidieron en que el acceso a la tecnolog\u00eda es un derecho de las personas, por lo que acordaron realizar las gestiones entre ambas naciones que permitan fortalecer el programa Nativos Digitales de los Centros Tecnol\u00f3gicos Comunitarios (CTC), para el cual se pretende dotar de tabletas electr\u00f3nicas a los ni\u00f1os y ni\u00f1as participantes.<\/span><\/p>\n<p><span class=\"text1noticias\"> <\/span><\/p>\n<p><span class=\"text1noticias\">Chien-Je salud\u00f3 el aprendizaje digital que se ofrece a trav\u00e9s de los CTC en esas comunidades apartadas del pa\u00eds, e inform\u00f3 que su naci\u00f3n valora esa iniciativa de alfabetizar digitalmente a las personas m\u00e1s carenciadas.<\/span><\/p>\n<p><span class=\"text1noticias\"> <\/span><\/p>\n<p><span class=\"text1noticias\">En la reuni\u00f3n participaron adem\u00e1s, el embajador en el pa\u00eds de China-Taiw\u00e1n, Valentino Ji Zen Tang; y la embajadora dominicana en ese pa\u00eds, Rafaela Alburquerque.<\/span><\/p>\n<p><span class=\"text1noticias\"> <\/span><\/p>\n<p><span class=\"text1noticias\"> <\/span><\/p>\n<h6> 2016-08-18 11:29:07 <\/h6>\n<p><!--\n<link rel=\"stylesheet\" href=\"css\/bootstrap.min.css\">\n\n\n<ul class=\"pagination\">\n\t    \n\t\n\n<li >\n\t<a href='?page_no=12210'>Previous<\/a>\n\t<\/li>\n\n\n       \n    \n\n<li><a href='?page_no=1'>1<\/a><\/li>\n\n\n\n<li><a href='?page_no=2'>2<\/a><\/li>\n\n\n\n<li><a>...<\/a><\/li>\n\n\n\n<li><a href='?page_no=12209'>12209<\/a><\/li>\n\n\n\n<li><a href='?page_no=12210'>12210<\/a><\/li>\n\n\n\n<li class='active'><a>12211<\/a><\/li>\n\n\n\n<li><a href='?page_no=12212'>12212<\/a><\/li>\n\n\n\n<li><a href='?page_no=12213'>12213<\/a><\/li>\n\n\n\n<li><a>...<\/a><\/li>\n\n\n\n<li><a href='?page_no=56169'>56169<\/a><\/li>\n\n\n\n<li><a href='?page_no=56170'>56170<\/a><\/li>\n\n    \n\t\n\n<li >\n\t<a href='?page_no=12212'>Next<\/a>\n\t<\/li>\n\n\n    \n\n<li><a href='?page_no=56170'>Last &rsaquo;&rsaquo;<\/a><\/li>\n\n<\/ul>\n\n\n--><br \/>\n<\/body><\/p>\n","protected":false},"excerpt":{"rendered":"<p>Santo Domingo, R. D., 18 de agosto.- La vicepresidenta de la Rep\u00fablica, doctora Margarita Cede\u00f1o, recibi\u00f3 en su despacho del Palacio Nacional a su hom\u00f3logo de la Rep\u00fablica China de Taiw\u00e1n, Chien-Jen Chen, donde trataron temas relacionados con el empoderamiento de la mujer y el desarrollo tecnol\u00f3gico en zonas rurales. Ambos vicepresidentes hablaron de ampliar [&hellip;]<\/p>\n","protected":false},"author":3,"featured_media":0,"comment_status":"open","ping_status":"open","sticky":false,"template":"","format":"standard","meta":{"footnotes":""},"categories":[20],"tags":[],"class_list":["post-217718","post","type-post","status-publish","format-standard","hentry","category-dominicana-hoy"],"_links":{"self":[{"href":"https:\/\/diariodominicano.com\/index.php?rest_route=\/wp\/v2\/posts\/217718","targetHints":{"allow":["GET"]}}],"collection":[{"href":"https:\/\/diariodominicano.com\/index.php?rest_route=\/wp\/v2\/posts"}],"about":[{"href":"https:\/\/diariodominicano.com\/index.php?rest_route=\/wp\/v2\/types\/post"}],"author":[{"embeddable":true,"href":"https:\/\/diariodominicano.com\/index.php?rest_route=\/wp\/v2\/users\/3"}],"replies":[{"embeddable":true,"href":"https:\/\/diariodominicano.com\/index.php?rest_route=%2Fwp%2Fv2%2Fcomments&post=217718"}],"version-history":[{"count":0,"href":"https:\/\/diariodominicano.com\/index.php?rest_route=\/wp\/v2\/posts\/217718\/revisions"}],"wp:attachment":[{"href":"https:\/\/diariodominicano.com\/index.php?rest_route=%2Fwp%2Fv2%2Fmedia&parent=217718"}],"wp:term":[{"taxonomy":"category","embeddable":true,"href":"https:\/\/diariodominicano.com\/index.php?rest_route=%2Fwp%2Fv2%2Fcategories&post=217718"},{"taxonomy":"post_tag","embeddable":true,"href":"https:\/\/diariodominicano.com\/index.php?rest_route=%2Fwp%2Fv2%2Ftags&post=217718"}],"curies":[{"name":"wp","href":"https:\/\/api.w.org\/{rel}","templated":true}]}}