{"id":217717,"date":"2016-08-18T11:57:59","date_gmt":"2016-08-18T11:57:59","guid":{"rendered":"http:\/\/diariodominicano.ddns.net\/?p=217717"},"modified":"2016-08-18T11:57:59","modified_gmt":"2016-08-18T11:57:59","slug":"fortaleceran-sistema-nacional-para-prevencion-y-respuesta-ante-desastres","status":"publish","type":"post","link":"https:\/\/diariodominicano.com\/?p=217717","title":{"rendered":"Fortalecer\u00e1n Sistema Nacional para Prevenci\u00f3n y Respuesta ante Desastres"},"content":{"rendered":"<p><body><\/p>\n<p><img decoding=\"async\" src=\"img3\/acuerdo 18-8.jpg\" \/>  <\/p>\n<p><span class=\"text1noticias\">Santo Domingo, R. D., 18 de agosto.- La Comisi\u00f3n Nacional de Emergencias a trav\u00e9s del Fondo Nacional de Prevenci\u00f3n, Mitigaci\u00f3n y Respuesta ante Desastres (FN-PMR) y la Oficina Nacional de Meteorolog\u00eda (ONAMET), firmaron este jueves un acuerdo para la ejecuci\u00f3n del proyecto \u00abFortalecimiento de las Capacidades ante la Vulnerabilidad Educativa, frente a las Amenazas de los Fen\u00f3menos Meteorol\u00f3gicos Extremos y de Tsunami, que Impactan la Rep\u00fablica Dominicana, y Ampliaci\u00f3n de la Plataforma de  Comunicaci\u00f3n de Datos Meteorol\u00f3gicos de las Regiones Sur y Sureste del Pa\u00eds.\u00bb  <\/span><\/p>\n<p><span class=\"text1noticias\"> <\/span><\/p>\n<p><span class=\"text1noticias\">El proyecto busca mejorar la comunicaci\u00f3n meteorol\u00f3gica con la que cuenta el pa\u00eds, a trav\u00e9s de la ampliaci\u00f3n y mejora en la transmisi\u00f3n y recepci\u00f3n de datos e informaciones que son servidas desde las estaciones meteorol\u00f3gicas a la sede central y viceversa, acciones que fortalecer\u00e1n  el Sistema Nacional para la Prevenci\u00f3n, Mitigaci\u00f3n y Respuesta ante Desastres.<\/span><\/p>\n<p><span class=\"text1noticias\"> <\/span><\/p>\n<p><span class=\"text1noticias\">El acuerdo fue rubricado entre el presidente de la Comisi\u00f3n Nacional de Emergencias (CNE), Mayor General Rafael De Luna Pichirilo, ERD y la Ingeniera Gloria Ceballos, directora de la ONAMET. <\/span><\/p>\n<p><span class=\"text1noticias\"> <\/span><\/p>\n<p><span class=\"text1noticias\">Posterior a la firma, De Luna Pichirilo expres\u00f3 que \u00abla firma de este acuerdo es un paso importante para el fortalecimiento del Sistema Nacional de Prevenci\u00f3n, Mitigaci\u00f3n y Respuesta ante Desastres de la Rep\u00fablica Dominicana, ya que mejorar\u00e1 la comunicaci\u00f3n entre todos los sectores que tienen que ver con los eventos meteorol\u00f3gicos\u00bb. <\/span><\/p>\n<p><span class=\"text1noticias\"> <\/span><\/p>\n<p><span class=\"text1noticias\">De su lado, la directora de Onamet, Gloria Ceballos, manifest\u00f3 que siempre ha sido prop\u00f3sito de la instituci\u00f3n que representa que \u00abla poblaci\u00f3n est\u00e9 debidamente orientada con relaci\u00f3n a los fen\u00f3menos tropicales que con regularidad afectan el territorio nacional\u00bb. <\/span><\/p>\n<p><span class=\"text1noticias\"> <\/span><\/p>\n<p><span class=\"text1noticias\">El proyecto financiado por la  Agencia Espa\u00f1ola de Cooperaci\u00f3n Internacional para el Desarrollo (AECID), a trav\u00e9s del (FN-PMR), tendr\u00e1  una duraci\u00f3n de 12 meses y ser\u00e1n invertidos unos siete (7) millones de pesos, los cuales se entregar\u00e1n en cuatro partidas de acuerdo al cumplimiento de lo establecido para cada trimestre, seg\u00fan expres\u00f3 el responsable del proyecto por parte de la AECID, Jorge Serrador C\u00e9spedes. <\/span><\/p>\n<p><span class=\"text1noticias\"> <\/span><\/p>\n<p><span class=\"text1noticias\">El convenio proyecta trabajar en la capacitaci\u00f3n de miembros de Comit\u00e9s de PMR y l\u00edderes comunitarios en Gesti\u00f3n de Riesgos, adem\u00e1s, el equipamiento de comunicaci\u00f3n radial y la capacitaci\u00f3n de t\u00e9cnicos meteorol\u00f3gicos en el uso de radios de comunicaci\u00f3n, entre otros aspectos<\/span>.<\/p>\n<\/p>\n<\/p>\n<h6> 2016-08-18 11:57:59 <\/h6>\n<p><!--\n<link rel=\"stylesheet\" href=\"css\/bootstrap.min.css\">\n\n\n<ul class=\"pagination\">\n\t    \n\t\n\n<li >\n\t<a href='?page_no=12209'>Previous<\/a>\n\t<\/li>\n\n\n       \n    \n\n<li><a href='?page_no=1'>1<\/a><\/li>\n\n\n\n<li><a href='?page_no=2'>2<\/a><\/li>\n\n\n\n<li><a>...<\/a><\/li>\n\n\n\n<li><a href='?page_no=12208'>12208<\/a><\/li>\n\n\n\n<li><a href='?page_no=12209'>12209<\/a><\/li>\n\n\n\n<li class='active'><a>12210<\/a><\/li>\n\n\n\n<li><a href='?page_no=12211'>12211<\/a><\/li>\n\n\n\n<li><a href='?page_no=12212'>12212<\/a><\/li>\n\n\n\n<li><a>...<\/a><\/li>\n\n\n\n<li><a href='?page_no=56169'>56169<\/a><\/li>\n\n\n\n<li><a href='?page_no=56170'>56170<\/a><\/li>\n\n    \n\t\n\n<li >\n\t<a href='?page_no=12211'>Next<\/a>\n\t<\/li>\n\n\n    \n\n<li><a href='?page_no=56170'>Last &rsaquo;&rsaquo;<\/a><\/li>\n\n<\/ul>\n\n\n--><br \/>\n<\/body><\/p>\n","protected":false},"excerpt":{"rendered":"<p>Santo Domingo, R. D., 18 de agosto.- La Comisi\u00f3n Nacional de Emergencias a trav\u00e9s del Fondo Nacional de Prevenci\u00f3n, Mitigaci\u00f3n y Respuesta ante Desastres (FN-PMR) y la Oficina Nacional de Meteorolog\u00eda (ONAMET), firmaron este jueves un acuerdo para la ejecuci\u00f3n del proyecto \u00abFortalecimiento de las Capacidades ante la Vulnerabilidad Educativa, frente a las Amenazas de [&hellip;]<\/p>\n","protected":false},"author":3,"featured_media":0,"comment_status":"open","ping_status":"open","sticky":false,"template":"","format":"standard","meta":{"footnotes":""},"categories":[20],"tags":[],"class_list":["post-217717","post","type-post","status-publish","format-standard","hentry","category-dominicana-hoy"],"_links":{"self":[{"href":"https:\/\/diariodominicano.com\/index.php?rest_route=\/wp\/v2\/posts\/217717","targetHints":{"allow":["GET"]}}],"collection":[{"href":"https:\/\/diariodominicano.com\/index.php?rest_route=\/wp\/v2\/posts"}],"about":[{"href":"https:\/\/diariodominicano.com\/index.php?rest_route=\/wp\/v2\/types\/post"}],"author":[{"embeddable":true,"href":"https:\/\/diariodominicano.com\/index.php?rest_route=\/wp\/v2\/users\/3"}],"replies":[{"embeddable":true,"href":"https:\/\/diariodominicano.com\/index.php?rest_route=%2Fwp%2Fv2%2Fcomments&post=217717"}],"version-history":[{"count":0,"href":"https:\/\/diariodominicano.com\/index.php?rest_route=\/wp\/v2\/posts\/217717\/revisions"}],"wp:attachment":[{"href":"https:\/\/diariodominicano.com\/index.php?rest_route=%2Fwp%2Fv2%2Fmedia&parent=217717"}],"wp:term":[{"taxonomy":"category","embeddable":true,"href":"https:\/\/diariodominicano.com\/index.php?rest_route=%2Fwp%2Fv2%2Fcategories&post=217717"},{"taxonomy":"post_tag","embeddable":true,"href":"https:\/\/diariodominicano.com\/index.php?rest_route=%2Fwp%2Fv2%2Ftags&post=217717"}],"curies":[{"name":"wp","href":"https:\/\/api.w.org\/{rel}","templated":true}]}}