{"id":217715,"date":"2016-08-18T12:59:53","date_gmt":"2016-08-18T12:59:53","guid":{"rendered":"http:\/\/diariodominicano.ddns.net\/?p=217715"},"modified":"2016-08-18T12:59:53","modified_gmt":"2016-08-18T12:59:53","slug":"luis-henry-molina-asume-como-director-del-cei-rd","status":"publish","type":"post","link":"https:\/\/diariodominicano.com\/?p=217715","title":{"rendered":"Luis Henry Molina asume como Director del CEI-RD"},"content":{"rendered":"<p><body><\/p>\n<p><img decoding=\"async\" src=\"img3\/ceir 18-8.jpg\" \/>  <\/p>\n<p><span class=\"text1noticias\">Santo Domingo, R. D., 18 de agosto.- Luis Henry Molina, asumi\u00f3 en el d\u00eda de hoy sus nuevas funciones como director ejecutivo del Centro de Exportaci\u00f3n e Inversi\u00f3n de la Rep\u00fablica Dominicana (CEI-RD), tras ser juramentado en el cargo durante un acto encabezado por el ministro de Industria y Comercio, el Ing. Tem\u00edstocles Montas, en presencia del director saliente, Jean Rodr\u00edguez, quien pas\u00f3 a ocupar la Procuradur\u00eda General de la Rep\u00fablica.<\/span><\/p>\n<p><span class=\"text1noticias\"> <\/span><\/p>\n<p><span class=\"text1noticias\">Tras expresar su agradecimiento al presidente Danilo Medina por la designaci\u00f3n en el puesto y la confianza depositada en \u00e9l para asumir la relevante tarea, el nuevo titular del CEI-RD destac\u00f3 la oportunidad de seguir realizando aportes que permitan continuar con las transformaciones que se han venido realizando en dicha instituci\u00f3n. <\/span><\/p>\n<p><span class=\"text1noticias\"> <\/span><\/p>\n<p><span class=\"text1noticias\">Durante sus agradecimientos, Molina incluy\u00f3 al ministro de la Presidencia, Gustavo Montalvo por su apoyo y confianza.<\/span><\/p>\n<p><span class=\"text1noticias\"> <\/span><\/p>\n<p><span class=\"text1noticias\">Expres\u00f3 tener claro el gran reto que le espera, sobre todo por la excelente labor de los directores que le anteceden, asumiendo su nueva posici\u00f3n con humildad y deseos de aprender, para continuar los ideales del gobierno del presidente Medina, y las metas de su plan estrat\u00e9gico para el cuatrienio 2016-2020.<\/span><\/p>\n<p><span class=\"text1noticias\"> <\/span><\/p>\n<p><span class=\"text1noticias\">Durante su discurso, Molina apuntal\u00f3 sentirse confiado de recibir una instituci\u00f3n que en los pasados cuatro a\u00f1os fue dirigida por un gran servidor p\u00fablico como lo es Jean Rodr\u00edguez, y prometi\u00f3 continuar con los valores de servicio, respeto mutuo y humildad que caracteriza a todos los colaboradores del CEI-RD.<\/span><\/p>\n<p><span class=\"text1noticias\"> <\/span><\/p>\n<p><span class=\"text1noticias\">\u00a8Les pido encarecidamente, me ayuden a realizar una gran gesti\u00f3n, y que esto se refleje en mayor bienestar para todos los ciudadanos de nuestro pa\u00eds\u00a8, finaliz\u00f3 Molina.<\/span><\/p>\n<p><span class=\"text1noticias\"> <\/span><\/p>\n<p><span class=\"text1noticias\">Habla el director saliente<\/span><\/p>\n<p><span class=\"text1noticias\">Por su parte, el actual procurador general de la Rep\u00fablica y director saliente del CEI-RD, Jean Rodr\u00edguez, resalt\u00f3 que entrega una entidad que cierra un cuatrenio con n\u00fameros positivos.<\/span><\/p>\n<p><span class=\"text1noticias\"> <\/span><\/p>\n<p><span class=\"text1noticias\">Enfatiz\u00f3 que durante su gesti\u00f3n del 2012-2016, el pa\u00eds cerr\u00f3 en el puesto n\u00famero uno como destino de inversi\u00f3n de toda la regi\u00f3n; \u00abcon m\u00e1s US$ 9,500 millones en inversi\u00f3n extranjera directa y un aumento de las exportaciones en casi un 14%\u00bb.<\/span><\/p>\n<p><span class=\"text1noticias\"> <\/span><\/p>\n<p><span class=\"text1noticias\">De igual manera, ponder\u00f3 el crecimiento de las exportaciones donde en el mundo este factor de la econom\u00eda sufre un decrecimiento promedio de un 10%.<\/span><\/p>\n<p><span class=\"text1noticias\"> <\/span><\/p>\n<p><span class=\"text1noticias\">En ese sentido, resalt\u00f3 la creaci\u00f3n de m\u00e1s de 108,000 empleos y oportunidades de trabajo, generados por la atracci\u00f3n de inversi\u00f3n y el desarrollo de las exportaciones.<\/span><\/p>\n<p><span class=\"text1noticias\"> <\/span><\/p>\n<p><span class=\"text1noticias\">Semblanza del nuevo Director del CEI-RD<\/span><\/p>\n<p><span class=\"text1noticias\">El nuevo director ejecutivo del CEI-RD, Luis Henry Molina, al momento de su designaci\u00f3n desempe\u00f1aba el cargo de viceministro de la Presidencia, teniendo bajo su responsabilidad importantes tareas y misiones del tren gubernamental.<\/span><\/p>\n<p><span class=\"text1noticias\"> <\/span><\/p>\n<p><span class=\"text1noticias\">Molina fue director de la Escuela Nacional de la Judicatura, instituci\u00f3n adscrita a la Suprema Corte de Justicia desde 1998 hasta 2010, y logr\u00f3 posicionar la instituci\u00f3n como escuela modelo en Am\u00e9rica Latina.<\/span><\/p>\n<p><span class=\"text1noticias\"> <\/span><\/p>\n<p><span class=\"text1noticias\">Durante su carrera profesional y laboral, trabaj\u00f3 como abogado asociado de la firma Pellerano &amp; Herrera donde fue consultor del Banco Mundial para el Comisionado de Apoyo a la Reforma y Modernizaci\u00f3n de la Justicia y luego pas\u00f3 a ser su director ejecutivo.<\/span><\/p>\n<p><span class=\"text1noticias\"> <\/span><\/p>\n<p><span class=\"text1noticias\">Molina pas\u00f3 a desempe\u00f1arse como director interino de la Escuela de la Magistratura, hasta que la nueva ley estableci\u00f3 el cambio de Escuela de la Magistratura, por \u00abEscuela Nacional de la Judicatura\u00bb y se llam\u00f3 a un concurso p\u00fablico de oposici\u00f3n para la elecci\u00f3n del director.<\/span><\/p>\n<p><span class=\"text1noticias\"> <\/span><\/p>\n<p><span class=\"text1noticias\">Como docente, se desempe\u00f1\u00f3 como profesor en la Pontificia Universidad Cat\u00f3lica Madre y Maestra, de las materias de: Historia del Derecho, Introducci\u00f3n al Derecho, Derecho Comparado a nivel de licenciatura; as\u00ed como Derecho Constitucional, en el grado de maestr\u00eda para la Universidad Iberoamericana <\/span>(UNIBE).<\/p>\n<\/p>\n<h6> 2016-08-18 12:59:53 <\/h6>\n<p><!--\n<link rel=\"stylesheet\" href=\"css\/bootstrap.min.css\">\n\n\n<ul class=\"pagination\">\n\t    \n\t\n\n<li >\n\t<a href='?page_no=12208'>Previous<\/a>\n\t<\/li>\n\n\n       \n    \n\n<li><a href='?page_no=1'>1<\/a><\/li>\n\n\n\n<li><a href='?page_no=2'>2<\/a><\/li>\n\n\n\n<li><a>...<\/a><\/li>\n\n\n\n<li><a href='?page_no=12207'>12207<\/a><\/li>\n\n\n\n<li><a href='?page_no=12208'>12208<\/a><\/li>\n\n\n\n<li class='active'><a>12209<\/a><\/li>\n\n\n\n<li><a href='?page_no=12210'>12210<\/a><\/li>\n\n\n\n<li><a href='?page_no=12211'>12211<\/a><\/li>\n\n\n\n<li><a>...<\/a><\/li>\n\n\n\n<li><a href='?page_no=56169'>56169<\/a><\/li>\n\n\n\n<li><a href='?page_no=56170'>56170<\/a><\/li>\n\n    \n\t\n\n<li >\n\t<a href='?page_no=12210'>Next<\/a>\n\t<\/li>\n\n\n    \n\n<li><a href='?page_no=56170'>Last &rsaquo;&rsaquo;<\/a><\/li>\n\n<\/ul>\n\n\n--><br \/>\n<\/body><\/p>\n","protected":false},"excerpt":{"rendered":"<p>Santo Domingo, R. D., 18 de agosto.- Luis Henry Molina, asumi\u00f3 en el d\u00eda de hoy sus nuevas funciones como director ejecutivo del Centro de Exportaci\u00f3n e Inversi\u00f3n de la Rep\u00fablica Dominicana (CEI-RD), tras ser juramentado en el cargo durante un acto encabezado por el ministro de Industria y Comercio, el Ing. Tem\u00edstocles Montas, en [&hellip;]<\/p>\n","protected":false},"author":3,"featured_media":0,"comment_status":"open","ping_status":"open","sticky":false,"template":"","format":"standard","meta":{"footnotes":""},"categories":[20],"tags":[],"class_list":["post-217715","post","type-post","status-publish","format-standard","hentry","category-dominicana-hoy"],"_links":{"self":[{"href":"https:\/\/diariodominicano.com\/index.php?rest_route=\/wp\/v2\/posts\/217715","targetHints":{"allow":["GET"]}}],"collection":[{"href":"https:\/\/diariodominicano.com\/index.php?rest_route=\/wp\/v2\/posts"}],"about":[{"href":"https:\/\/diariodominicano.com\/index.php?rest_route=\/wp\/v2\/types\/post"}],"author":[{"embeddable":true,"href":"https:\/\/diariodominicano.com\/index.php?rest_route=\/wp\/v2\/users\/3"}],"replies":[{"embeddable":true,"href":"https:\/\/diariodominicano.com\/index.php?rest_route=%2Fwp%2Fv2%2Fcomments&post=217715"}],"version-history":[{"count":0,"href":"https:\/\/diariodominicano.com\/index.php?rest_route=\/wp\/v2\/posts\/217715\/revisions"}],"wp:attachment":[{"href":"https:\/\/diariodominicano.com\/index.php?rest_route=%2Fwp%2Fv2%2Fmedia&parent=217715"}],"wp:term":[{"taxonomy":"category","embeddable":true,"href":"https:\/\/diariodominicano.com\/index.php?rest_route=%2Fwp%2Fv2%2Fcategories&post=217715"},{"taxonomy":"post_tag","embeddable":true,"href":"https:\/\/diariodominicano.com\/index.php?rest_route=%2Fwp%2Fv2%2Ftags&post=217715"}],"curies":[{"name":"wp","href":"https:\/\/api.w.org\/{rel}","templated":true}]}}