{"id":217713,"date":"2016-08-18T15:37:30","date_gmt":"2016-08-18T15:37:30","guid":{"rendered":"http:\/\/diariodominicano.ddns.net\/?p=217713"},"modified":"2016-08-18T15:37:30","modified_gmt":"2016-08-18T15:37:30","slug":"procuran-crear-sinergias-y-optimizar-la-labor-diplomatica","status":"publish","type":"post","link":"https:\/\/diariodominicano.com\/?p=217713","title":{"rendered":"Procuran crear sinergias y optimizar la labor diplom\u00e1tica"},"content":{"rendered":"<p><body><\/p>\n<p><img decoding=\"async\" src=\"img3\/vargas.jpg\" \/>  <\/p>\n<\/p>\n<p><span class=\"text1noticias\"> <\/span><\/p>\n<p><span class=\"text1noticias\">Santo Domingo, RD, 18 de agosto.- Diplom\u00e1ticos dominicanos felicitaron al ingeniero Miguel Vargas Maldonado por su designaci\u00f3n como ministro de Relaciones Exteriores, ofreci\u00e9ndole su plena colaboraci\u00f3n para sinergias que fortalezcan la labor diplom\u00e1tica y contin\u00faen elevando la imagen de la Rep\u00fablica Dominicana ante la comunidad internacional.<\/span><\/p>\n<p><span class=\"text1noticias\"> <\/span><\/p>\n<p><span class=\"text1noticias\">Al saludarlo tras su toma de posesi\u00f3n, le expresaron, adem\u00e1s, su disposici\u00f3n a trabajar, como \u00e9l les pidi\u00f3, en equipo, con vistas a dinamizar y hacer cada vez m\u00e1s efectivo el Servicio Exterior del pa\u00eds.<\/span><\/p>\n<p><span class=\"text1noticias\"> <\/span><\/p>\n<p><span class=\"text1noticias\">Los embajadores Gabriela Bonetti (Egipto), Mario Arvelo (FAO), Hans Danemberg (India), C\u00e9sar Medina (Panam\u00e1), An\u00edbal de Castro (Espa\u00f1a) y Virgilio Alc\u00e1ntara (Canad\u00e1) coincidieron en el pa\u00eds durante la jura del presidente Danilo Medina para un nuevo mandato.<\/span><\/p>\n<p><span class=\"text1noticias\"> <\/span><\/p>\n<p><span class=\"text1noticias\">Vargas Maldonado les dijo que llegaba al puesto con una mirada fresca y con muchas ideas para darle fluidez y rodear de eficacia las tareas que cumplen los miembros del Servicio Exterior.<\/span><\/p>\n<p><span class=\"text1noticias\"> <\/span><\/p>\n<p><span class=\"text1noticias\">Los diplom\u00e1ticos expresaron su confianza en que su gesti\u00f3n, a la cual le tocar\u00e1 articular los reglamentos de aplicaci\u00f3n de la nueva Ley Org\u00e1nica del MIREX, modele el Servicio Exterior a sus modernos lineamientos organizativos.<\/span><\/p>\n<p><span class=\"text1noticias\"> <\/span><\/p>\n<p><span class=\"text1noticias\">Y agregaron que la eficacia real del Servicio Exterior es una consecuencia directa de la reestructuraci\u00f3n, la modernizaci\u00f3n y la profesionalizaci\u00f3n de la Canciller\u00eda en su papel de organismo coordinador de la Pol\u00edtica Exterior.<\/span><\/p>\n<p><span class=\"text1noticias\"> <\/span><\/p>\n<p><span class=\"text1noticias\">\u00abEs un proceso que se ha estado abordando continua, parcial y tentativamente, porque hasta hace apenas un par de semanas estaba basado en una normativa que se dict\u00f3 hace m\u00e1s de 50 a\u00f1os\u00bb, dijeron.<\/span><\/p>\n<p><span class=\"text1noticias\"> <\/span><\/p>\n<p><span class=\"text1noticias\">Conf\u00edan en que la nueva ley acelere el proceso y permita llevarlo a feliz terminaci\u00f3n, y, como embajadores con muchos a\u00f1os en servicio, le manifestaron al nuevo canciller Vargas Maldonado que pod\u00eda contar con su apoyo y activa colaboraci\u00f3n para llevar adelante esa pendiente transformaci\u00f3n.<\/span><\/p>\n<p><span class=\"text1noticias\"> <\/span><\/p>\n<p><span class=\"text1noticias\">Vargas Maldonado les agradeci\u00f3 el gesto, les prometi\u00f3 mantener una interacci\u00f3n constante con los miembros del Servicio Exterior, y les dijo que sus esfuerzos se encaminar\u00e1n a modernizar la Canciller\u00eda y dotarla de los instrumentos estrat\u00e9gicos sustantivos contemplados en la legislaci\u00f3n.<\/span><\/p>\n<p><span class=\"text1noticias\"> <\/span><\/p>\n<p><span class=\"text1noticias\">En su breve intercambio con los embajadores, el canciller Vargas Maldonado hizo hincapi\u00e9 en que aunque cada jefe de misi\u00f3n tiene responsabilidades espec\u00edficas en la relaci\u00f3n entre la Rep\u00fablica Dominicana y los pa\u00edses y organismos internacionales ante los cuales est\u00e1n acreditados, su gesti\u00f3n orientar\u00e1 el trabajo para que todos proyecten las labores que realicen con una visi\u00f3n que tome en cuenta los contextos regionales.<\/span><\/p>\n<p><span class=\"text1noticias\"> <\/span><\/p>\n<p><span class=\"text1noticias\">Anunci\u00f3 que los encuentros que planea hacer con los embajadores dominicanos de misiones bilaterales y multilaterales estar\u00e1n normados por esa orientaci\u00f3n, considerando que con ello se crear\u00e1n sinergias que fortalecer\u00e1n la labor diplom\u00e1tica en cada pa\u00eds.<\/span><\/p>\n<h6> 2016-08-18 15:37:30 <\/h6>\n<p><!--\n<link rel=\"stylesheet\" href=\"css\/bootstrap.min.css\">\n\n\n<ul class=\"pagination\">\n\t    \n\t\n\n<li >\n\t<a href='?page_no=12206'>Previous<\/a>\n\t<\/li>\n\n\n       \n    \n\n<li><a href='?page_no=1'>1<\/a><\/li>\n\n\n\n<li><a href='?page_no=2'>2<\/a><\/li>\n\n\n\n<li><a>...<\/a><\/li>\n\n\n\n<li><a href='?page_no=12205'>12205<\/a><\/li>\n\n\n\n<li><a href='?page_no=12206'>12206<\/a><\/li>\n\n\n\n<li class='active'><a>12207<\/a><\/li>\n\n\n\n<li><a href='?page_no=12208'>12208<\/a><\/li>\n\n\n\n<li><a href='?page_no=12209'>12209<\/a><\/li>\n\n\n\n<li><a>...<\/a><\/li>\n\n\n\n<li><a href='?page_no=56169'>56169<\/a><\/li>\n\n\n\n<li><a href='?page_no=56170'>56170<\/a><\/li>\n\n    \n\t\n\n<li >\n\t<a href='?page_no=12208'>Next<\/a>\n\t<\/li>\n\n\n    \n\n<li><a href='?page_no=56170'>Last &rsaquo;&rsaquo;<\/a><\/li>\n\n<\/ul>\n\n\n--><br \/>\n<\/body><\/p>\n","protected":false},"excerpt":{"rendered":"<p>Santo Domingo, RD, 18 de agosto.- Diplom\u00e1ticos dominicanos felicitaron al ingeniero Miguel Vargas Maldonado por su designaci\u00f3n como ministro de Relaciones Exteriores, ofreci\u00e9ndole su plena colaboraci\u00f3n para sinergias que fortalezcan la labor diplom\u00e1tica y contin\u00faen elevando la imagen de la Rep\u00fablica Dominicana ante la comunidad internacional. Al saludarlo tras su toma de posesi\u00f3n, le expresaron, [&hellip;]<\/p>\n","protected":false},"author":3,"featured_media":0,"comment_status":"open","ping_status":"open","sticky":false,"template":"","format":"standard","meta":{"footnotes":""},"categories":[20],"tags":[],"class_list":["post-217713","post","type-post","status-publish","format-standard","hentry","category-dominicana-hoy"],"_links":{"self":[{"href":"https:\/\/diariodominicano.com\/index.php?rest_route=\/wp\/v2\/posts\/217713","targetHints":{"allow":["GET"]}}],"collection":[{"href":"https:\/\/diariodominicano.com\/index.php?rest_route=\/wp\/v2\/posts"}],"about":[{"href":"https:\/\/diariodominicano.com\/index.php?rest_route=\/wp\/v2\/types\/post"}],"author":[{"embeddable":true,"href":"https:\/\/diariodominicano.com\/index.php?rest_route=\/wp\/v2\/users\/3"}],"replies":[{"embeddable":true,"href":"https:\/\/diariodominicano.com\/index.php?rest_route=%2Fwp%2Fv2%2Fcomments&post=217713"}],"version-history":[{"count":0,"href":"https:\/\/diariodominicano.com\/index.php?rest_route=\/wp\/v2\/posts\/217713\/revisions"}],"wp:attachment":[{"href":"https:\/\/diariodominicano.com\/index.php?rest_route=%2Fwp%2Fv2%2Fmedia&parent=217713"}],"wp:term":[{"taxonomy":"category","embeddable":true,"href":"https:\/\/diariodominicano.com\/index.php?rest_route=%2Fwp%2Fv2%2Fcategories&post=217713"},{"taxonomy":"post_tag","embeddable":true,"href":"https:\/\/diariodominicano.com\/index.php?rest_route=%2Fwp%2Fv2%2Ftags&post=217713"}],"curies":[{"name":"wp","href":"https:\/\/api.w.org\/{rel}","templated":true}]}}