{"id":217712,"date":"2016-08-18T16:21:17","date_gmt":"2016-08-18T16:21:17","guid":{"rendered":"http:\/\/diariodominicano.ddns.net\/?p=217712"},"modified":"2016-08-18T16:21:17","modified_gmt":"2016-08-18T16:21:17","slug":"mandatario-suprime-la-cerss","status":"publish","type":"post","link":"https:\/\/diariodominicano.com\/?p=217712","title":{"rendered":"Mandatario suprime la CERSS"},"content":{"rendered":"<p><body><\/p>\n<p><strong> <\/strong><\/p>\n<p><strong> <\/strong><\/p>\n<p><strong> <\/strong><\/p>\n<p><strong> <\/strong><\/p>\n<p><strong><span class=\"text1noticias\">Santo Domingo, RD, 18 de agosto.- El<\/span><\/strong><span class=\"text1noticias\"> presidente Danilo Medina emiti\u00f3 el decreto 205-16, a trav\u00e9s del cual queda suprimida la Comisi\u00f3n Ejecutiva para la Reforma del Sector Salud (CERSS).<\/span><\/p>\n<p><span class=\"text1noticias\">Detalles<\/span><\/p>\n<\/p>\n<p><span class=\"text1noticias\">El decreto establece que los activos de la CERSS (edificio que alberga su sede, equipos, entre otros), quedan transferidos al Servicio Nacional de Salud (SNS).<\/span><\/p>\n<\/p>\n<p><span class=\"text1noticias\">Asimismo, los planes, proyectos y programas que se encuentren en ejecuci\u00f3n por la CERSS, ser\u00e1n asumidos por el Ministerio de Salud P\u00fablica y Asistencia Social.<\/span><\/p>\n<\/p>\n<p><span class=\"text1noticias\">Los pasivos para los cuales  la CERSS tuviera asignaci\u00f3n y\/o aprobaci\u00f3n presupuestaria, disponibles o en curso de asignaci\u00f3n, ser\u00e1n evaluados por el Ministerio de Hacienda y el Ministerio de Salud P\u00fablica y Asistencia Social, y de proceder, ser\u00e1n pagados con los fondos asignados.<\/span><\/p>\n<\/p>\n<p><span class=\"text1noticias\">Mientras que los pasivos para los cuales la CERSS no tuviera asignaciones y\/o apropiaciones presupuestarias, disponibles o en curso,  pasar\u00e1n al Ministerio de Hacienda para ser evaluados.<\/span><\/p>\n<\/p>\n<p><span class=\"text1noticias\">El decreto precisa que los recursos humanos que laboren hasta la fecha en la CERSS, se distribuir\u00e1n entre el Ministerio de Salud P\u00fablica y Asistencia Social y el Servicio Nacional de Salud, de acuerdo a su perfil profesional, en el marco de las regulaciones internas establecidas en dichas instituciones y con apego a lo dispuesto en la Ley Org\u00e1nica de Funci\u00f3n P\u00fablica.<\/span><\/p>\n<\/p>\n<p><span class=\"text1noticias\">Con esta disposici\u00f3n qued\u00f3 derogado el decreto 308-97, del 10 de julio del 1997.<\/span><\/p>\n<h6> 2016-08-18 16:21:17 <\/h6>\n<p><!--\n<link rel=\"stylesheet\" href=\"css\/bootstrap.min.css\">\n\n\n<ul class=\"pagination\">\n\t    \n\t\n\n<li >\n\t<a href='?page_no=12205'>Previous<\/a>\n\t<\/li>\n\n\n       \n    \n\n<li><a href='?page_no=1'>1<\/a><\/li>\n\n\n\n<li><a href='?page_no=2'>2<\/a><\/li>\n\n\n\n<li><a>...<\/a><\/li>\n\n\n\n<li><a href='?page_no=12204'>12204<\/a><\/li>\n\n\n\n<li><a href='?page_no=12205'>12205<\/a><\/li>\n\n\n\n<li class='active'><a>12206<\/a><\/li>\n\n\n\n<li><a href='?page_no=12207'>12207<\/a><\/li>\n\n\n\n<li><a href='?page_no=12208'>12208<\/a><\/li>\n\n\n\n<li><a>...<\/a><\/li>\n\n\n\n<li><a href='?page_no=56169'>56169<\/a><\/li>\n\n\n\n<li><a href='?page_no=56170'>56170<\/a><\/li>\n\n    \n\t\n\n<li >\n\t<a href='?page_no=12207'>Next<\/a>\n\t<\/li>\n\n\n    \n\n<li><a href='?page_no=56170'>Last &rsaquo;&rsaquo;<\/a><\/li>\n\n<\/ul>\n\n\n--><br \/>\n<\/body><\/p>\n","protected":false},"excerpt":{"rendered":"<p>Santo Domingo, RD, 18 de agosto.- El presidente Danilo Medina emiti\u00f3 el decreto 205-16, a trav\u00e9s del cual queda suprimida la Comisi\u00f3n Ejecutiva para la Reforma del Sector Salud (CERSS). Detalles El decreto establece que los activos de la CERSS (edificio que alberga su sede, equipos, entre otros), quedan transferidos al Servicio Nacional de Salud [&hellip;]<\/p>\n","protected":false},"author":3,"featured_media":0,"comment_status":"open","ping_status":"open","sticky":false,"template":"","format":"standard","meta":{"footnotes":""},"categories":[20],"tags":[],"class_list":["post-217712","post","type-post","status-publish","format-standard","hentry","category-dominicana-hoy"],"_links":{"self":[{"href":"https:\/\/diariodominicano.com\/index.php?rest_route=\/wp\/v2\/posts\/217712","targetHints":{"allow":["GET"]}}],"collection":[{"href":"https:\/\/diariodominicano.com\/index.php?rest_route=\/wp\/v2\/posts"}],"about":[{"href":"https:\/\/diariodominicano.com\/index.php?rest_route=\/wp\/v2\/types\/post"}],"author":[{"embeddable":true,"href":"https:\/\/diariodominicano.com\/index.php?rest_route=\/wp\/v2\/users\/3"}],"replies":[{"embeddable":true,"href":"https:\/\/diariodominicano.com\/index.php?rest_route=%2Fwp%2Fv2%2Fcomments&post=217712"}],"version-history":[{"count":0,"href":"https:\/\/diariodominicano.com\/index.php?rest_route=\/wp\/v2\/posts\/217712\/revisions"}],"wp:attachment":[{"href":"https:\/\/diariodominicano.com\/index.php?rest_route=%2Fwp%2Fv2%2Fmedia&parent=217712"}],"wp:term":[{"taxonomy":"category","embeddable":true,"href":"https:\/\/diariodominicano.com\/index.php?rest_route=%2Fwp%2Fv2%2Fcategories&post=217712"},{"taxonomy":"post_tag","embeddable":true,"href":"https:\/\/diariodominicano.com\/index.php?rest_route=%2Fwp%2Fv2%2Ftags&post=217712"}],"curies":[{"name":"wp","href":"https:\/\/api.w.org\/{rel}","templated":true}]}}