{"id":217710,"date":"2016-08-18T23:46:02","date_gmt":"2016-08-18T23:46:02","guid":{"rendered":"http:\/\/diariodominicano.ddns.net\/?p=217710"},"modified":"2016-08-18T23:46:02","modified_gmt":"2016-08-18T23:46:02","slug":"ministro-de-educacion-designa-a-miguel-medina-director-de-comunicaciones-y-vocero-del-minerd","status":"publish","type":"post","link":"https:\/\/diariodominicano.com\/?p=217710","title":{"rendered":"Ministro de Educaci\u00f3n designa a Miguel Medina director de Comunicaciones y vocero del MINERD"},"content":{"rendered":"<p><body><\/p>\n<p><img decoding=\"async\" src=\"img3\/miguel0.jpg\" \/>  <\/p>\n<p>Navarro precis\u00f3 a trav\u00e9s de un comunicado de prensa, que con la designaci\u00f3n de Medina est\u00e1 confiado en que este desarrollar\u00e1 la labor sobresaliente acostumbrada, en un \u00e1rea vital en el mundo de la informaci\u00f3n de hoy.<\/p>\n<\/p>\n<p><strong>SANTO DOMINGO, 18 de Agosto de 2016.-<\/strong> El ministro de Educaci\u00f3n, Andr\u00e9s Navarro, design\u00f3 hoy al periodista Miguel Medina director de Comunicaciones, Prensa y Relaciones P\u00fablicas de esa instituci\u00f3n, al tiempo que destac\u00f3 la gran capacidad de trabajo, profesionalidad, disciplina y entrega del joven comunicador y experto en proyecci\u00f3n de imagen institucional.<\/p>\n<\/p>\n<p>Navarro precis\u00f3 a trav\u00e9s de un comunicado de prensa, que con la designaci\u00f3n de Medina est\u00e1 confiado en que este desarrollar\u00e1 la labor sobresaliente acostumbrada, en un \u00e1rea vital en el mundo de la informaci\u00f3n de hoy.<\/p>\n<\/p>\n<p>\u00abNos sentimos complacidos y honrados de poder contar en nuestras nuevas funciones al frente del Ministerio de Educaci\u00f3n con el aporte profesional de Medina como director de Comunicaciones y Prensa, un joven de un probado talento e incansable trabajador\u00bb, refiri\u00f3 Navarro.<\/p>\n<\/p>\n<p>Medina, quien se desempe\u00f1\u00f3 en el mismo cargo durante los casi dos a\u00f1os de la gesti\u00f3n de Navarro en la Canciller\u00eda, es un comunicador que acumula ya varios a\u00f1os de experiencia en la direcci\u00f3n y vocer\u00eda de distintas instituciones como el Ministerio de la Juventud, la Autoridad Metropolitana del Transporte (Amet), y la Direcci\u00f3n Nacional de Control de Drogas (DNCD).<\/p>\n<p>Al ser posesionado desde hoy en el cargo, Medina dijo agradecer la muestra de confianza depositada una vez m\u00e1s en \u00e9l, por el ministro Navarro, \u00ablo que nos compromete a poner todo el empe\u00f1o junto a mi equipo de trabajo, para coadyuvar con alma y coraz\u00f3n al desarrollo comunicacional de esta instituci\u00f3n que es clave en el prop\u00f3sito del presidente Danilo Medina de consolidar las metas alcanzadas en la educaci\u00f3n y lograr otras trazadas para el actual cuatrenio reci\u00e9n iniciado\u00bb.<\/p>\n<\/p>\n<p>Medina manifest\u00f3 que \u00abtal como nos ha caracterizado, pondremos todo nuestro empe\u00f1o en desarrollar una tarea profesional que responda eficazmente a los requerimientos de estos tiempos al frente de esta Direcci\u00f3n de Comunicaciones, que permita a la sociedad saber todo lo que all\u00ed se lleve a cabo a trav\u00e9s de los medios de comunicaci\u00f3n\u00bb.<\/p>\n<\/p>\n<p>Precis\u00f3 que, tal como lo ha hecho en otras ocasiones que le ha tocado \u00abla honrosa oportunidad de dirigir otras direcciones de comunicaciones y relaciones p\u00fablicas, espero mantener un v\u00ednculo directo con todos los medios de comunicaci\u00f3n, as\u00ed como la relaci\u00f3n m\u00e1s armoniosa con los apreciados periodistas que cubren esta fuente noticiosa\u00bb.<\/p>\n<\/p>\n<p>Medina ha realizado amplios estudios en el \u00e1rea de la comunicaci\u00f3n en el pa\u00eds y en el extranjero, lo que le ha permitido una s\u00f3lida base en el desempe\u00f1o de las distintas tareas asumidas en los sectores p\u00fablico y privado.<\/p>\n<p><strong>Historia acad\u00e9mica del joven comunicador:<\/strong><\/p>\n<\/p>\n<p> Egresado del Instituto Dominicano de Periodista (IDP), Estudiante de la carrera de Derecho en la Universidad del Caribe (UNICARIBE), Curso Avanzado en Direcci\u00f3n de Comunicaci\u00f3n, en la Universidad de Sevilla, Espa\u00f1a; seminario de Comunicaci\u00f3n Pol\u00edtica y Marketing Gubernamental en la Universidad George Washington, EE.UU; taller en Manejo de Crisis para Relacionistas P\u00fablicos, impartido por la Embajada de los Estados Unidos; diplomado de Comunicaci\u00f3n y Relaciones P\u00fablicas en la Universidad Dom\u00ednico Americano, y el curso internacional de Comunicaci\u00f3n y Gesti\u00f3n de Crisis, en la Universidad de La Serena, Chile.<\/p>\n<\/p>\n<h6> 2016-08-18 23:46:02 <\/h6>\n<p><!--\n<link rel=\"stylesheet\" href=\"css\/bootstrap.min.css\">\n\n\n<ul class=\"pagination\">\n\t    \n\t\n\n<li >\n\t<a href='?page_no=12203'>Previous<\/a>\n\t<\/li>\n\n\n       \n    \n\n<li><a href='?page_no=1'>1<\/a><\/li>\n\n\n\n<li><a href='?page_no=2'>2<\/a><\/li>\n\n\n\n<li><a>...<\/a><\/li>\n\n\n\n<li><a href='?page_no=12202'>12202<\/a><\/li>\n\n\n\n<li><a href='?page_no=12203'>12203<\/a><\/li>\n\n\n\n<li class='active'><a>12204<\/a><\/li>\n\n\n\n<li><a href='?page_no=12205'>12205<\/a><\/li>\n\n\n\n<li><a href='?page_no=12206'>12206<\/a><\/li>\n\n\n\n<li><a>...<\/a><\/li>\n\n\n\n<li><a href='?page_no=56169'>56169<\/a><\/li>\n\n\n\n<li><a href='?page_no=56170'>56170<\/a><\/li>\n\n    \n\t\n\n<li >\n\t<a href='?page_no=12205'>Next<\/a>\n\t<\/li>\n\n\n    \n\n<li><a href='?page_no=56170'>Last &rsaquo;&rsaquo;<\/a><\/li>\n\n<\/ul>\n\n\n--><br \/>\n<\/body><\/p>\n","protected":false},"excerpt":{"rendered":"<p>Navarro precis\u00f3 a trav\u00e9s de un comunicado de prensa, que con la designaci\u00f3n de Medina est\u00e1 confiado en que este desarrollar\u00e1 la labor sobresaliente acostumbrada, en un \u00e1rea vital en el mundo de la informaci\u00f3n de hoy. SANTO DOMINGO, 18 de Agosto de 2016.- El ministro de Educaci\u00f3n, Andr\u00e9s Navarro, design\u00f3 hoy al periodista Miguel [&hellip;]<\/p>\n","protected":false},"author":3,"featured_media":0,"comment_status":"open","ping_status":"open","sticky":false,"template":"","format":"standard","meta":{"footnotes":""},"categories":[20],"tags":[],"class_list":["post-217710","post","type-post","status-publish","format-standard","hentry","category-dominicana-hoy"],"_links":{"self":[{"href":"https:\/\/diariodominicano.com\/index.php?rest_route=\/wp\/v2\/posts\/217710","targetHints":{"allow":["GET"]}}],"collection":[{"href":"https:\/\/diariodominicano.com\/index.php?rest_route=\/wp\/v2\/posts"}],"about":[{"href":"https:\/\/diariodominicano.com\/index.php?rest_route=\/wp\/v2\/types\/post"}],"author":[{"embeddable":true,"href":"https:\/\/diariodominicano.com\/index.php?rest_route=\/wp\/v2\/users\/3"}],"replies":[{"embeddable":true,"href":"https:\/\/diariodominicano.com\/index.php?rest_route=%2Fwp%2Fv2%2Fcomments&post=217710"}],"version-history":[{"count":0,"href":"https:\/\/diariodominicano.com\/index.php?rest_route=\/wp\/v2\/posts\/217710\/revisions"}],"wp:attachment":[{"href":"https:\/\/diariodominicano.com\/index.php?rest_route=%2Fwp%2Fv2%2Fmedia&parent=217710"}],"wp:term":[{"taxonomy":"category","embeddable":true,"href":"https:\/\/diariodominicano.com\/index.php?rest_route=%2Fwp%2Fv2%2Fcategories&post=217710"},{"taxonomy":"post_tag","embeddable":true,"href":"https:\/\/diariodominicano.com\/index.php?rest_route=%2Fwp%2Fv2%2Ftags&post=217710"}],"curies":[{"name":"wp","href":"https:\/\/api.w.org\/{rel}","templated":true}]}}