{"id":217709,"date":"2016-08-19T10:49:36","date_gmt":"2016-08-19T10:49:36","guid":{"rendered":"http:\/\/diariodominicano.ddns.net\/?p=217709"},"modified":"2016-08-19T10:49:36","modified_gmt":"2016-08-19T10:49:36","slug":"onamet-vigila-tormenta-tropical-fiona-con-vientos-de-75-km-h","status":"publish","type":"post","link":"https:\/\/diariodominicano.com\/?p=217709","title":{"rendered":"ONAMET vigila tormenta tropical Fiona con vientos de 75 km\/h"},"content":{"rendered":"<p><body><\/p>\n<p><img decoding=\"async\" src=\"img3\/Nooa19-8.png\" \/>  <\/p>\n<p><span class=\"text1noticias\">Santo Domingo, R. D., 19 de agosto.-  La Oficina Nacional de Meteorolog\u00eda (ONAMET) vigila la tormenta tropical Fiona, localizada a unos 1,995 kil\u00f3metros al oeste de las islas de Cabo Verde, tiene vientos m\u00e1ximos sostenidos de 75 kil\u00f3metros por hora.<\/span><\/p>\n<p><span class=\"text1noticias\"> <\/span><\/p>\n<p><span class=\"text1noticias\">La ONAMET indica que Fiona se mueve hacia el noroeste a unos 17 kil\u00f3metros por hora pero, por el momento este fen\u00f3meno no representa peligro para la Rep\u00fablica Dominicana.<\/span><\/p>\n<p><span class=\"text1noticias\"> <\/span><\/p>\n<p><span class=\"text1noticias\">Tambi\u00e9n, la ONAMET vigila una zona de aguaceros asociada a una onda tropical en el Atl\u00e1ntico que se mueve hacia el oeste con posibilidad de 10 por ciento para alcanzar la categor\u00eda de cicl\u00f3n tropical. <\/span><\/p>\n<p><span class=\"text1noticias\"> <\/span><\/p>\n<p><span class=\"text1noticias\">Mientras que, las condiciones locales del tiempo continuar\u00e1 con baja actividad de lluvias debido a la presencia de una circulaci\u00f3n anticicl\u00f3nica que se manifiesta en los niveles superiores de la atmosfera, a esto se suma un bajo contenido de humedad.<\/span><\/p>\n<p><span class=\"text1noticias\"> <\/span><\/p>\n<p><span class=\"text1noticias\">Para el fin de semana persistir\u00e1n los d\u00edas de pocas lluvias y mucho calor debido a que aire seco y m\u00e1s estable estar\u00e1 cubriendo todo el Caribe Central, a esto se suma el polvo en suspensi\u00f3n proveniente del Sahara, de manera que continuar\u00e1n siendo bajas las probabilidades de lluvias en todo el pa\u00eds, se\u00f1ala la ONAMET en su informe del tiempo.<\/span><\/p>\n<h6> 2016-08-19 10:49:36 <\/h6>\n<p><!--\n<link rel=\"stylesheet\" href=\"css\/bootstrap.min.css\">\n\n\n<ul class=\"pagination\">\n\t    \n\t\n\n<li >\n\t<a href='?page_no=12202'>Previous<\/a>\n\t<\/li>\n\n\n       \n    \n\n<li><a href='?page_no=1'>1<\/a><\/li>\n\n\n\n<li><a href='?page_no=2'>2<\/a><\/li>\n\n\n\n<li><a>...<\/a><\/li>\n\n\n\n<li><a href='?page_no=12201'>12201<\/a><\/li>\n\n\n\n<li><a href='?page_no=12202'>12202<\/a><\/li>\n\n\n\n<li class='active'><a>12203<\/a><\/li>\n\n\n\n<li><a href='?page_no=12204'>12204<\/a><\/li>\n\n\n\n<li><a href='?page_no=12205'>12205<\/a><\/li>\n\n\n\n<li><a>...<\/a><\/li>\n\n\n\n<li><a href='?page_no=56169'>56169<\/a><\/li>\n\n\n\n<li><a href='?page_no=56170'>56170<\/a><\/li>\n\n    \n\t\n\n<li >\n\t<a href='?page_no=12204'>Next<\/a>\n\t<\/li>\n\n\n    \n\n<li><a href='?page_no=56170'>Last &rsaquo;&rsaquo;<\/a><\/li>\n\n<\/ul>\n\n\n--><br \/>\n<\/body><\/p>\n","protected":false},"excerpt":{"rendered":"<p>Santo Domingo, R. D., 19 de agosto.- La Oficina Nacional de Meteorolog\u00eda (ONAMET) vigila la tormenta tropical Fiona, localizada a unos 1,995 kil\u00f3metros al oeste de las islas de Cabo Verde, tiene vientos m\u00e1ximos sostenidos de 75 kil\u00f3metros por hora. La ONAMET indica que Fiona se mueve hacia el noroeste a unos 17 kil\u00f3metros por [&hellip;]<\/p>\n","protected":false},"author":3,"featured_media":0,"comment_status":"open","ping_status":"open","sticky":false,"template":"","format":"standard","meta":{"footnotes":""},"categories":[20],"tags":[],"class_list":["post-217709","post","type-post","status-publish","format-standard","hentry","category-dominicana-hoy"],"_links":{"self":[{"href":"https:\/\/diariodominicano.com\/index.php?rest_route=\/wp\/v2\/posts\/217709","targetHints":{"allow":["GET"]}}],"collection":[{"href":"https:\/\/diariodominicano.com\/index.php?rest_route=\/wp\/v2\/posts"}],"about":[{"href":"https:\/\/diariodominicano.com\/index.php?rest_route=\/wp\/v2\/types\/post"}],"author":[{"embeddable":true,"href":"https:\/\/diariodominicano.com\/index.php?rest_route=\/wp\/v2\/users\/3"}],"replies":[{"embeddable":true,"href":"https:\/\/diariodominicano.com\/index.php?rest_route=%2Fwp%2Fv2%2Fcomments&post=217709"}],"version-history":[{"count":0,"href":"https:\/\/diariodominicano.com\/index.php?rest_route=\/wp\/v2\/posts\/217709\/revisions"}],"wp:attachment":[{"href":"https:\/\/diariodominicano.com\/index.php?rest_route=%2Fwp%2Fv2%2Fmedia&parent=217709"}],"wp:term":[{"taxonomy":"category","embeddable":true,"href":"https:\/\/diariodominicano.com\/index.php?rest_route=%2Fwp%2Fv2%2Fcategories&post=217709"},{"taxonomy":"post_tag","embeddable":true,"href":"https:\/\/diariodominicano.com\/index.php?rest_route=%2Fwp%2Fv2%2Ftags&post=217709"}],"curies":[{"name":"wp","href":"https:\/\/api.w.org\/{rel}","templated":true}]}}