{"id":217707,"date":"2016-08-19T12:21:54","date_gmt":"2016-08-19T12:21:54","guid":{"rendered":"http:\/\/diariodominicano.ddns.net\/?p=217707"},"modified":"2016-08-19T12:21:54","modified_gmt":"2016-08-19T12:21:54","slug":"productores-de-peralvillo-reciben-con-alegria-seguimiento-visita-sorpresa","status":"publish","type":"post","link":"https:\/\/diariodominicano.com\/?p=217707","title":{"rendered":"Productores de Peralvillo reciben con alegr\u00eda seguimiento Visita Sorpresa"},"content":{"rendered":"<p><body><\/p>\n<p><img decoding=\"async\" src=\"img3\/IAD-Feda19-8.jpg\" \/><br \/><img decoding=\"async\" src=\"img3\/Peralvillo2-19-8.jpg\" \/>  <\/p>\n<p><span class=\"text1noticias\">El Calvario, Peralvillo, R. D., 19 de agosto.- Con gran alegr\u00eda cientos de productores de aqu\u00ed recibieron la comisi\u00f3n de seguimiento designada por el Presidente Danilo Medina durante visita sorpresa realizada el pasado domingo.<\/span><\/p>\n<\/p>\n<p><span class=\"text1noticias\">Esta comisi\u00f3n fue encabezada por el Ministro de Agricultura, \u00c1ngel Est\u00e9vez; los directores del Instituto Agrario Dominicano (IAD) y el FEDA, Emilio Toribio Olivo y Antonio L\u00f3pez y el administrador del Banco Agr\u00edcola, Carlos Segura Foster.<\/span><\/p>\n<\/p>\n<p><span class=\"text1noticias\">Durante una reuni\u00f3n sostenida entre los productores y los funcionarios gubernamentales, se acord\u00f3 desarrollar el cultivo de cacao de variedades hibridas con buena capacidad productividad, para tales fines el Ministerio de Agricultura construir\u00e1 un gran vivero con capacidad de producir m\u00e1s de 500 mil pl\u00e1ntulas al a\u00f1o.<\/span><\/p>\n<\/p>\n<p><span class=\"text1noticias\">La Comisi\u00f3n estableci\u00f3 que el IAD tiene la responsabilidad de la construcci\u00f3n del centro de acopio y la entrega del cami\u00f3n y el Ministerio de Agricultura la  construcci\u00f3n de 50 kil\u00f3metros de caminos interparcelarios.<\/span><\/p>\n<\/p>\n<p><span class=\"text1noticias\">El director del IAD dijo que el organismo que dirige trabajar\u00e1 para entregar t\u00edtulos definitivos a 191 productores que cultivan unas 3,362 tareas.<\/span><\/p>\n<\/p>\n<p><span class=\"text1noticias\">Toribio Olivo indic\u00f3 que junto al CEA se har\u00e1 un levantamiento de los terrenos colindantes para fines de traspaso mediante Decreto y entreg\u00e1rselos posteriormente a los ocupantes que califiquen.<\/span><\/p>\n<p><span class=\"text1noticias\">Productores agradecen apoyo<\/span><\/p>\n<p><span class=\"text1noticias\"> <\/span><\/p>\n<p><span class=\"text1noticias\">Pedro Fabi\u00e1n de la Cruz, presidente de La Asociaci\u00f3n de Productores Luz y Progreso, con 191 miembros, expres\u00f3 su agradecimiento al Gobierno en nombre de los productores.<\/span><\/p>\n<p><span class=\"text1noticias\"> <\/span><\/p>\n<p><span class=\"text1noticias\">Financiamiento aprobado<\/span><\/p>\n<p><span class=\"text1noticias\">El financiamiento requerido para la renovaci\u00f3n de este proyecto asciende a 15 millones, 129 mil pesos,  fue aprobado por el presidente Danilo Medina, pero los beneficiarios deben cumplir con las condiciones legales que prev\u00e9 la Ley.<\/span><\/p>\n<\/p>\n<p><span class=\"text1noticias\">Carlos Segura F\u00f3ster, Administrador del Bagricola, design\u00f3 una comisi\u00f3n  para que en lo inmediato se eval\u00fae las condiciones en que les ser\u00e1 facilitado el financiamiento aprobado por el Primer Mandatario.<\/span><\/p>\n<\/p>\n<p><span class=\"text1noticias\">Mil 350 familias ser\u00e1n beneficiadas<\/span><\/p>\n<p><span class=\"text1noticias\">Seg\u00fan los estudios de t\u00e9cnicos del IAD unas mil 350 familias ser\u00e1n beneficiadas con estos trabajos de las comunidades Los Almendros, La Blanca, Framboy\u00e1n, El Naranjo, Fr\u00eda, Don Juan, los Morones, en los que habitan mas 8 mil personas.<\/span><\/p>\n<\/p>\n<p><span class=\"text1noticias\">Actualmente hay sembradas 26 mil tareas de cacao; 17 mil destinadas a la ganader\u00eda y 402 al cultivo de productos de ciclo corto como yuca, \u00f1ame amarillo, aguacate, zapote, guandul, lim\u00f3n, pl\u00e1tano, guineo, chinola, habichuela, entre otr<\/span>os.<\/p>\n<h6> 2016-08-19 12:21:54 <\/h6>\n<p><!--\n<link rel=\"stylesheet\" href=\"css\/bootstrap.min.css\">\n\n\n<ul class=\"pagination\">\n\t    \n\t\n\n<li >\n\t<a href='?page_no=12200'>Previous<\/a>\n\t<\/li>\n\n\n       \n    \n\n<li><a href='?page_no=1'>1<\/a><\/li>\n\n\n\n<li><a href='?page_no=2'>2<\/a><\/li>\n\n\n\n<li><a>...<\/a><\/li>\n\n\n\n<li><a href='?page_no=12199'>12199<\/a><\/li>\n\n\n\n<li><a href='?page_no=12200'>12200<\/a><\/li>\n\n\n\n<li class='active'><a>12201<\/a><\/li>\n\n\n\n<li><a href='?page_no=12202'>12202<\/a><\/li>\n\n\n\n<li><a href='?page_no=12203'>12203<\/a><\/li>\n\n\n\n<li><a>...<\/a><\/li>\n\n\n\n<li><a href='?page_no=56169'>56169<\/a><\/li>\n\n\n\n<li><a href='?page_no=56170'>56170<\/a><\/li>\n\n    \n\t\n\n<li >\n\t<a href='?page_no=12202'>Next<\/a>\n\t<\/li>\n\n\n    \n\n<li><a href='?page_no=56170'>Last &rsaquo;&rsaquo;<\/a><\/li>\n\n<\/ul>\n\n\n--><br \/>\n<\/body><\/p>\n","protected":false},"excerpt":{"rendered":"<p>El Calvario, Peralvillo, R. D., 19 de agosto.- Con gran alegr\u00eda cientos de productores de aqu\u00ed recibieron la comisi\u00f3n de seguimiento designada por el Presidente Danilo Medina durante visita sorpresa realizada el pasado domingo. Esta comisi\u00f3n fue encabezada por el Ministro de Agricultura, \u00c1ngel Est\u00e9vez; los directores del Instituto Agrario Dominicano (IAD) y el FEDA, [&hellip;]<\/p>\n","protected":false},"author":3,"featured_media":0,"comment_status":"open","ping_status":"open","sticky":false,"template":"","format":"standard","meta":{"footnotes":""},"categories":[20],"tags":[],"class_list":["post-217707","post","type-post","status-publish","format-standard","hentry","category-dominicana-hoy"],"_links":{"self":[{"href":"https:\/\/diariodominicano.com\/index.php?rest_route=\/wp\/v2\/posts\/217707","targetHints":{"allow":["GET"]}}],"collection":[{"href":"https:\/\/diariodominicano.com\/index.php?rest_route=\/wp\/v2\/posts"}],"about":[{"href":"https:\/\/diariodominicano.com\/index.php?rest_route=\/wp\/v2\/types\/post"}],"author":[{"embeddable":true,"href":"https:\/\/diariodominicano.com\/index.php?rest_route=\/wp\/v2\/users\/3"}],"replies":[{"embeddable":true,"href":"https:\/\/diariodominicano.com\/index.php?rest_route=%2Fwp%2Fv2%2Fcomments&post=217707"}],"version-history":[{"count":0,"href":"https:\/\/diariodominicano.com\/index.php?rest_route=\/wp\/v2\/posts\/217707\/revisions"}],"wp:attachment":[{"href":"https:\/\/diariodominicano.com\/index.php?rest_route=%2Fwp%2Fv2%2Fmedia&parent=217707"}],"wp:term":[{"taxonomy":"category","embeddable":true,"href":"https:\/\/diariodominicano.com\/index.php?rest_route=%2Fwp%2Fv2%2Fcategories&post=217707"},{"taxonomy":"post_tag","embeddable":true,"href":"https:\/\/diariodominicano.com\/index.php?rest_route=%2Fwp%2Fv2%2Ftags&post=217707"}],"curies":[{"name":"wp","href":"https:\/\/api.w.org\/{rel}","templated":true}]}}