{"id":217706,"date":"2016-08-20T10:38:43","date_gmt":"2016-08-20T10:38:43","guid":{"rendered":"http:\/\/diariodominicano.ddns.net\/?p=217706"},"modified":"2016-08-20T10:38:43","modified_gmt":"2016-08-20T10:38:43","slug":"realizaran-actividades-dominicanas-en-tegucigalpa-2","status":"publish","type":"post","link":"https:\/\/diariodominicano.com\/?p=217706","title":{"rendered":"Realizar\u00e1n actividades dominicanas en Tegucigalpa"},"content":{"rendered":"<p><body><\/p>\n<p><img decoding=\"async\" src=\"img3\/Leger0.png\" \/>  <\/p>\n<p><strong>El embajador dominicano, Jos\u00e9 Osvaldo Leger, inform\u00f3 que la inauguraci\u00f3n tendr\u00e1 lugar a las 10 de la ma\u00f1ana con la asistencia de autoridades locales, diplom\u00e1ticos y nativos de ese pa\u00eds residentes aqu\u00ed, dentro de un programa especial  preparado por esa legaci\u00f3n para robustecer los lazos de amistad con el pueblo hondure\u00f1o.<\/strong><\/p>\n<\/p>\n<p><strong>TEGUCIGALPA.-<\/strong> La plaza Juan Pablo Duarte, en honor al padre de la patria de Rep\u00fablica Dominicana, ser\u00e1 inaugurada en esta capital el viernes 25 del presente mes de agosto como parte de una serie de actividades que incluye un festival gastron\u00f3mico de ese pa\u00eds caribe\u00f1o.<\/p>\n<p>Dise\u00f1ada y construida por la Alcald\u00eda del Distrito Central de Tegucigalpa en el sector Lomas del Guijarro,  la plazoleta tiene una estatua de bronce de dos metros de alto donada por la Embajada dominicana.<\/p>\n<\/p>\n<p>El embajador dominicano, Jos\u00e9 Osvaldo Leger, inform\u00f3 que la inauguraci\u00f3n tendr\u00e1 lugar a las 10 de la ma\u00f1ana con la asistencia de autoridades locales, diplom\u00e1ticos y nativos de ese pa\u00eds residentes aqu\u00ed, dentro de un programa especial  preparado por esa legaci\u00f3n para robustecer los lazos de amistad con el pueblo hondure\u00f1o.<\/p>\n<\/p>\n<p>El programa incluye el auspicio el viernes 26 en el hotel Clarion del almuerzo mensual del Grupo de Embajadores Latinoamericanos y del Caribe (Grulac), el cual ser\u00e1 coordinado por la chef Wendy M\u00e9ndez Gwen, quien viene de Santo Domingo invitada por la Embajada dominicana en Honduras.<\/p>\n<\/p>\n<p>M\u00e9ndez Gwen, adem\u00e1s, ser\u00e1 la responsable de preparar los platos principales del Primer Festival Gastron\u00f3mico Dominicano, que se efectuar\u00e1 del  27 al 31 de este mes en el restaurant Las Cuatro Estaciones, del hotel Clarion, auspiciado por este establecimiento y Copa Airlines.<\/p>\n<\/p>\n<p>La chef dominicana ser\u00e1 tambi\u00e9n la preparadora de la comida dominicana que se servir\u00e1 en la Fiesta Panamericana de la Universidad Escuela Agr\u00edcola Panamericana (Zamorano), a efectuarse el domingo 4 de septiembre, donde la representaci\u00f3n dominicana contar\u00e1 con un stand con artesan\u00edas y platos aut\u00f3ctonos. <\/p>\n<h6> 2016-08-20 10:38:43 <\/h6>\n<p><!--\n<link rel=\"stylesheet\" href=\"css\/bootstrap.min.css\">\n\n\n<ul class=\"pagination\">\n\t    \n\t\n\n<li >\n\t<a href='?page_no=12199'>Previous<\/a>\n\t<\/li>\n\n\n       \n    \n\n<li><a href='?page_no=1'>1<\/a><\/li>\n\n\n\n<li><a href='?page_no=2'>2<\/a><\/li>\n\n\n\n<li><a>...<\/a><\/li>\n\n\n\n<li><a href='?page_no=12198'>12198<\/a><\/li>\n\n\n\n<li><a href='?page_no=12199'>12199<\/a><\/li>\n\n\n\n<li class='active'><a>12200<\/a><\/li>\n\n\n\n<li><a href='?page_no=12201'>12201<\/a><\/li>\n\n\n\n<li><a href='?page_no=12202'>12202<\/a><\/li>\n\n\n\n<li><a>...<\/a><\/li>\n\n\n\n<li><a href='?page_no=56169'>56169<\/a><\/li>\n\n\n\n<li><a href='?page_no=56170'>56170<\/a><\/li>\n\n    \n\t\n\n<li >\n\t<a href='?page_no=12201'>Next<\/a>\n\t<\/li>\n\n\n    \n\n<li><a href='?page_no=56170'>Last &rsaquo;&rsaquo;<\/a><\/li>\n\n<\/ul>\n\n\n--><br \/>\n<\/body><\/p>\n","protected":false},"excerpt":{"rendered":"<p>El embajador dominicano, Jos\u00e9 Osvaldo Leger, inform\u00f3 que la inauguraci\u00f3n tendr\u00e1 lugar a las 10 de la ma\u00f1ana con la asistencia de autoridades locales, diplom\u00e1ticos y nativos de ese pa\u00eds residentes aqu\u00ed, dentro de un programa especial preparado por esa legaci\u00f3n para robustecer los lazos de amistad con el pueblo hondure\u00f1o. TEGUCIGALPA.- La plaza Juan [&hellip;]<\/p>\n","protected":false},"author":3,"featured_media":0,"comment_status":"open","ping_status":"open","sticky":false,"template":"","format":"standard","meta":{"footnotes":""},"categories":[20],"tags":[],"class_list":["post-217706","post","type-post","status-publish","format-standard","hentry","category-dominicana-hoy"],"_links":{"self":[{"href":"https:\/\/diariodominicano.com\/index.php?rest_route=\/wp\/v2\/posts\/217706","targetHints":{"allow":["GET"]}}],"collection":[{"href":"https:\/\/diariodominicano.com\/index.php?rest_route=\/wp\/v2\/posts"}],"about":[{"href":"https:\/\/diariodominicano.com\/index.php?rest_route=\/wp\/v2\/types\/post"}],"author":[{"embeddable":true,"href":"https:\/\/diariodominicano.com\/index.php?rest_route=\/wp\/v2\/users\/3"}],"replies":[{"embeddable":true,"href":"https:\/\/diariodominicano.com\/index.php?rest_route=%2Fwp%2Fv2%2Fcomments&post=217706"}],"version-history":[{"count":0,"href":"https:\/\/diariodominicano.com\/index.php?rest_route=\/wp\/v2\/posts\/217706\/revisions"}],"wp:attachment":[{"href":"https:\/\/diariodominicano.com\/index.php?rest_route=%2Fwp%2Fv2%2Fmedia&parent=217706"}],"wp:term":[{"taxonomy":"category","embeddable":true,"href":"https:\/\/diariodominicano.com\/index.php?rest_route=%2Fwp%2Fv2%2Fcategories&post=217706"},{"taxonomy":"post_tag","embeddable":true,"href":"https:\/\/diariodominicano.com\/index.php?rest_route=%2Fwp%2Fv2%2Ftags&post=217706"}],"curies":[{"name":"wp","href":"https:\/\/api.w.org\/{rel}","templated":true}]}}