{"id":217701,"date":"2016-08-21T19:32:43","date_gmt":"2016-08-21T19:32:43","guid":{"rendered":"http:\/\/diariodominicano.ddns.net\/?p=217701"},"modified":"2016-08-21T19:32:43","modified_gmt":"2016-08-21T19:32:43","slug":"todo-listo-para-el-inicio-del-ano-esolar-2016-2017","status":"publish","type":"post","link":"https:\/\/diariodominicano.com\/?p=217701","title":{"rendered":"Todo listo para el inicio del a\u00f1o esolar 2016-2017"},"content":{"rendered":"<p><body><\/p>\n<p><img decoding=\"async\" src=\"img3\/VMV_7324.JPG\" \/><br \/><img decoding=\"async\" src=\"img3\/VMV_7295.JPG\" \/><br \/><img decoding=\"async\" src=\"img3\/VMV_7330.JPG\" \/>  <\/p>\n<p><strong><span class=\"text1noticias\">El ministro Andr\u00e9s Navarro, realiz\u00f3 un recorrido por  centros escolares  donde hizo un llamado a los padres y tutores para que env\u00eden a sus hijos este lunes para el inicio del a\u00f1o escolar.<\/span><\/strong><\/p>\n<\/p>\n<p><strong><span class=\"text1noticias\">SANTO DOMINGO, RD, 21 de Agosto de 2016.-<\/span><\/strong><span class=\"text1noticias\"> El ministro de Educaci\u00f3n, arquitecto Andr\u00e9s Navarro, realiz\u00f3 este domingo un recorrido por centros escolares del Gran Santo Domingo  para verificar que todo est\u00e9 listo para este lunes iniciar a\u00f1o escolar 2016-2017. Entre los lugares visitados est\u00e1  la Escuela B\u00e1sica Pedro Henr\u00edquez Ure\u00f1a del sector San Felipe de Villa Mella, municipio Santo Domingo Norte, donde el presidente Danilo Medina dejar\u00e1 oficialmente abierta la docencia como parte de la segunda fase de la Revoluci\u00f3n Educativa que impulsa su Gobierno.<\/span><\/p>\n<\/p>\n<p><span class=\"text1noticias\">  Navarro llam\u00f3 a los padres y tutores a que env\u00eden a sus hijos este lunes para el inicio del a\u00f1o escolar 2016-2017. Supervis\u00f3 personalmente cada detalle log\u00edstico y docente de los centros educativos visitados, acompa\u00f1ado de Ydelsis Morel, directora educativo 10-01 de Educaci\u00f3n y Giovanni Romero, coordinador general del Programa de Jornada Escolar de la Tanda Extendida, entre otros funcionarios responsables de \u00e1reas. <\/span><\/p>\n<\/p>\n<p><span class=\"text1noticias\">\u00abHemos querido constatar in sito que todo est\u00e9 bien en las escuelas para el arranque del pr\u00f3ximo a\u00f1o escolar,  un per\u00edodo que estamos confiados se desarrollar\u00e1 con \u00e9xito con el aporte de todos los sectores vinculados al sector educativo, con un esp\u00edritu de colaboraci\u00f3n, integraci\u00f3n y compromiso con el desarrollo de la naci\u00f3n\u00bb, refiri\u00f3 Navarro. <\/span><\/p>\n<\/p>\n<p><span class=\"text1noticias\">Indic\u00f3 que el MINERD trabajar\u00e1 con alma y coraz\u00f3n para cumplir con la meta del presidente Medina de incluir el 100% de los estudiantes en la Tanda Extendida al llegar al a\u00f1o 2020, conscientes del vital rol que esa modalidad juega, no s\u00f3lo en la formaci\u00f3n y desarrollo de los muchachos, sino para los cabezas de familias de escasos recursos,  y ni hablar del programa de expansi\u00f3n de la educaci\u00f3n en la primera infancia a trav\u00e9s del Plan Quisqueya Empieza Contigo, con la aspiraci\u00f3n de llevar hasta 1,200 las unidades de servicio.<\/span><\/p>\n<\/p>\n<p><span class=\"text1noticias\"> \u00abLa voluntad del presidente Medina es que las aulas est\u00e9n llenas de estudiantes con profesores bien capacitados y emocionalmente motivados, aspiraci\u00f3n que se ver\u00e1 realidad durante el a\u00f1o escolar que iniciaremos el lunes, con una convocatoria de alrededor de 2.2 millones de estudiantes y unos 3 mil 841 centros escolares con Tanda Extendida\u00bb.<\/span><\/p>\n<p><span class=\"text1noticias\">El Gobierno destina el 4% del Producto Interno Bruto (PIB) al desarrollo de la educaci\u00f3n. Firm\u00f3 un Pacto Educativo con los entes vinculados al sector, y construy\u00f3 cientos de escuelas que generaron miles de nuevas aulas, adem\u00e1s de la aplicaci\u00f3n de la Jornada de la Tanda Extendida y un significativo incremento promedio de un 60% al salario de los profesores, medidas que forman parte de la Revoluci\u00f3n Educativa que la poblaci\u00f3n ha colegido en que se trata de una acci\u00f3n sin precedente en la historia de la naci\u00f3n. <\/span><\/p>\n<\/p>\n<p><span class=\"text1noticias\">Con la educaci\u00f3n como puente fundamental para alcanzar el desarrollo, a los casi  2.2 millones de ni\u00f1os, ni\u00f1as y adolescentes convocados en las escuelas y liceos p\u00fablicos se les entregaron gratuitamente sus uniformes, medias, zapatos y mochilas cargadas con mascotas, l\u00e1pices de escribir y colorear, entre otros materiales did\u00e1cticos, resalt\u00f3 el MINERD en una nota informativa.<\/span><\/p>\n<\/p>\n<p><span class=\"text1noticias\">Asimismo,  90 mil 345 maestros con salarios decentes como nunca antes, estar\u00e1n al frente de la docencia. Durante el a\u00f1o escolar que inicia este  lunes, a un mill\u00f3n 29 mil alumnos que recibir\u00e1n docencia durante 8 horas diarias en la jornada de Tanda Extendida, se les suministrar\u00e1  desayuno, almuerzo y merienda, as\u00ed como atenci\u00f3n m\u00e9dica, oftalmol\u00f3gica y odontol\u00f3gica, lo que representar\u00e1 un alivio para miles de familias de escasos recursos. <\/span><\/p>\n<\/p>\n<p><span class=\"text1noticias\"> \u00abSentimos el optimismo y la fe en el presidente Medina y, en el Ministerio de Educaci\u00f3n nos hemos contagiado de esa hermosa realidad, por lo que estamos poniendo alma y coraz\u00f3n para que la educaci\u00f3n con calidad llegue a cada familia dominicana\u00bb, destac\u00f3 el ministro Navarro.<\/span><\/p>\n<\/p>\n<h6> 2016-08-21 19:32:43 <\/h6>\n<p><!--\n<link rel=\"stylesheet\" href=\"css\/bootstrap.min.css\">\n\n\n<ul class=\"pagination\">\n\t    \n\t\n\n<li >\n\t<a href='?page_no=12196'>Previous<\/a>\n\t<\/li>\n\n\n       \n    \n\n<li><a href='?page_no=1'>1<\/a><\/li>\n\n\n\n<li><a href='?page_no=2'>2<\/a><\/li>\n\n\n\n<li><a>...<\/a><\/li>\n\n\n\n<li><a href='?page_no=12195'>12195<\/a><\/li>\n\n\n\n<li><a href='?page_no=12196'>12196<\/a><\/li>\n\n\n\n<li class='active'><a>12197<\/a><\/li>\n\n\n\n<li><a href='?page_no=12198'>12198<\/a><\/li>\n\n\n\n<li><a href='?page_no=12199'>12199<\/a><\/li>\n\n\n\n<li><a>...<\/a><\/li>\n\n\n\n<li><a href='?page_no=56169'>56169<\/a><\/li>\n\n\n\n<li><a href='?page_no=56170'>56170<\/a><\/li>\n\n    \n\t\n\n<li >\n\t<a href='?page_no=12198'>Next<\/a>\n\t<\/li>\n\n\n    \n\n<li><a href='?page_no=56170'>Last &rsaquo;&rsaquo;<\/a><\/li>\n\n<\/ul>\n\n\n--><br \/>\n<\/body><\/p>\n","protected":false},"excerpt":{"rendered":"<p>El ministro Andr\u00e9s Navarro, realiz\u00f3 un recorrido por centros escolares donde hizo un llamado a los padres y tutores para que env\u00eden a sus hijos este lunes para el inicio del a\u00f1o escolar. SANTO DOMINGO, RD, 21 de Agosto de 2016.- El ministro de Educaci\u00f3n, arquitecto Andr\u00e9s Navarro, realiz\u00f3 este domingo un recorrido por centros [&hellip;]<\/p>\n","protected":false},"author":3,"featured_media":0,"comment_status":"open","ping_status":"open","sticky":false,"template":"","format":"standard","meta":{"footnotes":""},"categories":[20],"tags":[],"class_list":["post-217701","post","type-post","status-publish","format-standard","hentry","category-dominicana-hoy"],"_links":{"self":[{"href":"https:\/\/diariodominicano.com\/index.php?rest_route=\/wp\/v2\/posts\/217701","targetHints":{"allow":["GET"]}}],"collection":[{"href":"https:\/\/diariodominicano.com\/index.php?rest_route=\/wp\/v2\/posts"}],"about":[{"href":"https:\/\/diariodominicano.com\/index.php?rest_route=\/wp\/v2\/types\/post"}],"author":[{"embeddable":true,"href":"https:\/\/diariodominicano.com\/index.php?rest_route=\/wp\/v2\/users\/3"}],"replies":[{"embeddable":true,"href":"https:\/\/diariodominicano.com\/index.php?rest_route=%2Fwp%2Fv2%2Fcomments&post=217701"}],"version-history":[{"count":0,"href":"https:\/\/diariodominicano.com\/index.php?rest_route=\/wp\/v2\/posts\/217701\/revisions"}],"wp:attachment":[{"href":"https:\/\/diariodominicano.com\/index.php?rest_route=%2Fwp%2Fv2%2Fmedia&parent=217701"}],"wp:term":[{"taxonomy":"category","embeddable":true,"href":"https:\/\/diariodominicano.com\/index.php?rest_route=%2Fwp%2Fv2%2Fcategories&post=217701"},{"taxonomy":"post_tag","embeddable":true,"href":"https:\/\/diariodominicano.com\/index.php?rest_route=%2Fwp%2Fv2%2Ftags&post=217701"}],"curies":[{"name":"wp","href":"https:\/\/api.w.org\/{rel}","templated":true}]}}