{"id":217700,"date":"2016-08-21T20:01:15","date_gmt":"2016-08-21T20:01:15","guid":{"rendered":"http:\/\/diariodominicano.ddns.net\/?p=217700"},"modified":"2016-08-21T20:01:15","modified_gmt":"2016-08-21T20:01:15","slug":"velatorio-de-jose-stepen-bosch-en-la-funeraria-blandino","status":"publish","type":"post","link":"https:\/\/diariodominicano.com\/?p=217700","title":{"rendered":"Velatorio de Jos\u00e9 Stepen Bosch en la funeraria Blandino"},"content":{"rendered":"<p><body><\/p>\n<p><img decoding=\"async\" src=\"img3\/stephenbosch0.jpg\" \/>  <\/p>\n<p><strong>Stephen Bosch muri\u00f3 a las 6.55 minutos de la ma\u00f1ana de este domingo mientras era atendido en el Instituto Nacional de C\u00e1ncer en la ciudad capital del padecimeinto de  c\u00e1ncer de medula osea del cual hab\u00eda sido intervenido quir\u00fargicamente en un centro especializado en Miami. Florida<\/strong><\/p>\n<p><strong> <\/strong><\/p>\n<p><strong>SANTO DOMINGO, RD, 21  de Agosto de 2016.-<\/strong> El Partido de la Liberaci\u00f3n Dominicana (PLD) confirm\u00f3 el sentido fallecimiento de su dirigente Jos\u00e9  Nicol\u00e1s Stephen Bosch, nieto del l\u00edder hist\u00f3rico de esa organizaci\u00f3n, Profesor Juan Bosch.<\/p>\n<\/p>\n<p>Stephen Bosch muri\u00f3 a las 6.55 minutos de la ma\u00f1ana de este domingo mientras era atendido en el Instituto Nacional de C\u00e1ncer en la ciudad capital del padecimeinto de  c\u00e1ncer de medula osea del cual hab\u00eda sido intervenido quir\u00fargicamente en un centro especializado en Miami. Florida<\/p>\n<\/p>\n<p>Al momento de fallecer se desempe\u00f1aba como C\u00f3nsul General de la Republica Dominicana en la ciudad de Mayag\u00fcez en Puerto Rico. Hab\u00eda sido regidor en la Sala Capitular del Ayuntamiento del Municipio Santo Domingo Oeste.<\/p>\n<\/p>\n<p>En una nota informativa la Secretar\u00eda de prensa del PLD record\u00f3  que pol\u00edticamente hab\u00eda sido miembro del Comit\u00e9 Central del Partido de la Liberaci\u00f3n Dominicana.<\/p>\n<\/p>\n<p>La Secretaria de Comunicaciones del PLD, \u00f3rgano que divulg\u00f2  el deceso de Jos\u00e9 Stephen Bosch,  confirm\u00f3 que su cuerpo estar\u00e1  expuesto a partir de la tarde de este domingo en la funeraria Blandino de la avenida Abraham Lincoln en la ciudad capital.<\/p>\n<\/p>\n<p>El dirigente del PLD era hijo de Carolina Bosch, hija del Profesor Juan Bosch y de Isabel Garcia <\/p>\n<h6> 2016-08-21 20:01:15 <\/h6>\n<p><!--\n<link rel=\"stylesheet\" href=\"css\/bootstrap.min.css\">\n\n\n<ul class=\"pagination\">\n\t    \n\t\n\n<li >\n\t<a href='?page_no=12195'>Previous<\/a>\n\t<\/li>\n\n\n       \n    \n\n<li><a href='?page_no=1'>1<\/a><\/li>\n\n\n\n<li><a href='?page_no=2'>2<\/a><\/li>\n\n\n\n<li><a>...<\/a><\/li>\n\n\n\n<li><a href='?page_no=12194'>12194<\/a><\/li>\n\n\n\n<li><a href='?page_no=12195'>12195<\/a><\/li>\n\n\n\n<li class='active'><a>12196<\/a><\/li>\n\n\n\n<li><a href='?page_no=12197'>12197<\/a><\/li>\n\n\n\n<li><a href='?page_no=12198'>12198<\/a><\/li>\n\n\n\n<li><a>...<\/a><\/li>\n\n\n\n<li><a href='?page_no=56169'>56169<\/a><\/li>\n\n\n\n<li><a href='?page_no=56170'>56170<\/a><\/li>\n\n    \n\t\n\n<li >\n\t<a href='?page_no=12197'>Next<\/a>\n\t<\/li>\n\n\n    \n\n<li><a href='?page_no=56170'>Last &rsaquo;&rsaquo;<\/a><\/li>\n\n<\/ul>\n\n\n--><br \/>\n<\/body><\/p>\n","protected":false},"excerpt":{"rendered":"<p>Stephen Bosch muri\u00f3 a las 6.55 minutos de la ma\u00f1ana de este domingo mientras era atendido en el Instituto Nacional de C\u00e1ncer en la ciudad capital del padecimeinto de c\u00e1ncer de medula osea del cual hab\u00eda sido intervenido quir\u00fargicamente en un centro especializado en Miami. Florida SANTO DOMINGO, RD, 21 de Agosto de 2016.- El [&hellip;]<\/p>\n","protected":false},"author":3,"featured_media":0,"comment_status":"open","ping_status":"open","sticky":false,"template":"","format":"standard","meta":{"footnotes":""},"categories":[20],"tags":[],"class_list":["post-217700","post","type-post","status-publish","format-standard","hentry","category-dominicana-hoy"],"_links":{"self":[{"href":"https:\/\/diariodominicano.com\/index.php?rest_route=\/wp\/v2\/posts\/217700","targetHints":{"allow":["GET"]}}],"collection":[{"href":"https:\/\/diariodominicano.com\/index.php?rest_route=\/wp\/v2\/posts"}],"about":[{"href":"https:\/\/diariodominicano.com\/index.php?rest_route=\/wp\/v2\/types\/post"}],"author":[{"embeddable":true,"href":"https:\/\/diariodominicano.com\/index.php?rest_route=\/wp\/v2\/users\/3"}],"replies":[{"embeddable":true,"href":"https:\/\/diariodominicano.com\/index.php?rest_route=%2Fwp%2Fv2%2Fcomments&post=217700"}],"version-history":[{"count":0,"href":"https:\/\/diariodominicano.com\/index.php?rest_route=\/wp\/v2\/posts\/217700\/revisions"}],"wp:attachment":[{"href":"https:\/\/diariodominicano.com\/index.php?rest_route=%2Fwp%2Fv2%2Fmedia&parent=217700"}],"wp:term":[{"taxonomy":"category","embeddable":true,"href":"https:\/\/diariodominicano.com\/index.php?rest_route=%2Fwp%2Fv2%2Fcategories&post=217700"},{"taxonomy":"post_tag","embeddable":true,"href":"https:\/\/diariodominicano.com\/index.php?rest_route=%2Fwp%2Fv2%2Ftags&post=217700"}],"curies":[{"name":"wp","href":"https:\/\/api.w.org\/{rel}","templated":true}]}}