{"id":217699,"date":"2016-08-21T22:09:56","date_gmt":"2016-08-21T22:09:56","guid":{"rendered":"http:\/\/diariodominicano.ddns.net\/?p=217699"},"modified":"2016-08-21T22:09:56","modified_gmt":"2016-08-21T22:09:56","slug":"cesar-mella-hay-muchos-medicos-que-estan-agotados-de-los-enojosos-paros-en-los-hospitales","status":"publish","type":"post","link":"https:\/\/diariodominicano.com\/?p=217699","title":{"rendered":"C\u00e9sar Mella: \u00abHay muchos m\u00e9dicos que est\u00e1n agotados de los enojosos paros en los hospitales\u00bb"},"content":{"rendered":"<p><body><\/p>\n<p><img decoding=\"async\" src=\"img3\/Cesar mella0.jpg\" \/>  <\/p>\n<p><strong> Mella Mej\u00eda, quien es un reconocido profesional de la psiquiatr\u00eda, y ex del Colegio M\u00e9dico Dominicano dijo que no cree en asambleas que secuestran el libre albedr\u00edo de los m\u00e9dicos.<\/strong><\/p>\n<\/p>\n<p>Dice m\u00e9dico de hospitales debe tratar a pacientes igual que lo hace en cl\u00ednicas privadas<\/p>\n<\/p>\n<p><strong>SANTO DOMINGO, RD, 21 de Agosto de 2016.-<\/strong>  El director del Instituto Dominicano del Seguro Social, doctor C\u00e9sar Mella Mej\u00edas asegur\u00f3 este domingo  que hay muchos m\u00e9dicos que est\u00e1n agotados de los enojosos paros y huelgas en los hospitales del Estado.<\/p>\n<p>Dijo  adem\u00e1s que hay un movimiento creciente de m\u00e9dicos que quiere llegar a una soluci\u00f3n con el Gobierno.<\/p>\n<p>Mella Mej\u00eda, quien es un reconocido profesional de la psiquiatr\u00eda, y ex del Colegio M\u00e9dico Dominicano dijo que no cree en asambleas que secuestran el libre albedr\u00edo de los m\u00e9dicos.<\/p>\n<p>Entrevistado por H\u00e9ctor Herrera Cabral en el programa D\u00b4AGENDA que cada domingo se difunde por Telesistema Canal 11, el director del IDSS explic\u00f3 que el horario y su cumplimento es un problema de conciencia del m\u00e9dico frente al paciente.<\/p>\n<p>Destac\u00f3  que el gobierno y sus funcionarios del sector salud, no son gente hostiles los profesionales de la medicina, y dijo que todo lo contrario, son parte de ese paquete de m\u00e9dicos que han transitado por a\u00f1os por los hospitales dominicanos con muy buena imagen.<\/p>\n<p>\u00abYo no creo en las asambleas que secuestran el libre albedr\u00edo de los m\u00e9dicos, yo creo que si estamos en democracia, hay un movimiento creciente de m\u00e9dicos que quieren llegar a una soluci\u00f3n con el gobierno, es m\u00e1s hay muchos m\u00e9dicos que est\u00e1n agotados de los enojosos paros y huelgas de hospitales\u00bb.<\/p>\n<p>Rechaz\u00f3 que el Gobierno haya utilizado m\u00e9todos indecorosos para pactar con cerca de una veintena de gremios del sector salud, dijo que por el contrario esos profesionales han discutido por muchos meses sus pliegos reivindicativos hasta que las autoridades cumplieron con esas demandas.<\/p>\n<p>Mella Mej\u00edas  garantiz\u00f3 que las autoridades siguen esperanzadas en el di\u00e1logo para llegar a un acuerdo con el Colegio M\u00e9dico Dominicano, y en tal virtud confi\u00f3 que eso se produzca lo m\u00e1s pronto posible.<\/p>\n<p>\u00abPero por primera vez este diferendo se produce como consecuencia de una oferta que hace el Gobierno a los profesionales de la salud que trabajan en el sector p\u00fablico, no fueron los sindicatos que pidieron eso, pero adem\u00e1s por primera vez se incluyen a todos los profesionales de la salud\u00bb.<\/p>\n<p>Sobre las paralizaciones de los servicios m\u00e9dicos que se est\u00e1n produciendo en los centros de salud del Estado como consecuencia del llamado a huelga del Colegio M\u00e9dico Dominicano, el director del Seguro Social dijo que es un derecho del gremio pero le inst\u00f3 a que piensen en los pacientes pobres.<\/p>\n<p>\u00abYo quiero hacerle un llamado a trav\u00e9s de este programa al consejo directivo del Colegio M\u00e9dico, al que yo presid\u00ed, del cual soy asesor, del cual soy maestro de la medicina, para que volvamos a la mesa del di\u00e1logo, que uno tiene que ser prudente, y coger alante lo que tiene a manos y seguir luchando, no nos desgarremos en m\u00e1s huelgas, que es m\u00e1s sufrimiento para el pueblo dominicano\u00bb.<\/p>\n<p>Insisti\u00f3 en el respeto que siente por el Colegio M\u00e9dico y su presidente Waldo Ariel Suero, pero le hizo un llamado para que entienda que el sufrimiento por huelga en el pa\u00eds es muy duro y que solamente afecta a los pobres y no a los ricos que pueden pagar sus consultas en horas de la tarde.<\/p>\n<p>Refiri\u00f3  en que el Gobierno ha flexibilizado su posici\u00f3n en busca de un acuerdo, pero aclar\u00f3 que hay que entender que no se trata de un pulso por horario ni salario, ya que el salario de un m\u00e9dico jam\u00e1s ser\u00e1 bueno porque cuando alguien brega con la vida, con la muerte, con la salud, con la enfermedad, con la alegr\u00eda y con la tristeza del ser humano eso no tiene precios.<\/p>\n<p><strong>Llama a m\u00e9dicos de hospitales tratar a los pacientes igual que lo hacen en las cl\u00ednicas en la tarde<\/strong><\/p>\n<\/p>\n<p>El director del Instituto Dominicano del Seguro Social, llam\u00f3 a los m\u00e9dicos que trabajan en los hospitales en la ma\u00f1ana y en cl\u00ednicas privadas en la tarde, darles el mismo trato a los pacientes sin importar su condici\u00f3n social.<\/p>\n<p>\u00abLos que hemos sido profesores o ense\u00f1adores en la universidad la materia \u00e9tica, siempre hemos dicho que hay que humanizar los servicios de salud, porque la gente cuando dice que despu\u00e9s de Dios va el m\u00e9dico es porque nos tienen en una categor\u00eda muy elevada\u00bb.<\/p>\n<p>Mella Mej\u00edas explic\u00f3 que cuando se tiene una fila de 20 personas que han llegado a buscar un ticket a las cuatro de la ma\u00f1ana al hospital Mosco Puello, el m\u00e9dico los trata de \u00abvenga el pr\u00f3ximo, cama cuatro, record 24, pero ese mismo m\u00e9dico en horas de la parte en un consultorio privado perfumado con ascensor, se dirige a su paciente dici\u00e9ndole que pase la se\u00f1ora P\u00e9rez\u00bb.<\/p>\n<p>Sostuvo que evidentemente no es el mismo trato, y por consiguiente hay que hacer un esfuerzo por acercar esa parte humana en la ma\u00f1ana y en la tarde, del p\u00fablico y el privado.<\/p>\n<p>\u00abEs decir tratar bien aquellos que no tienen nada, que lo que buscan es apoyo, igual que tratamos a los que tienen mucho para comprar medicina cara y pagar un m\u00e9dico caro\u00bb, insisti\u00f3.<\/p>\n<p>Dijo que \u00e9l puede predicar con el ejemplo porque lo ha vivido todo en el sector salud, desde m\u00e9dico del sector p\u00fablico y privado, profesor universitario, hasta dirigente gremial.<\/p>\n<p>En cuanto al futuro del Seguro Social, descart\u00f3 que esa instituci\u00f3n vaya a desaparecer y que trabaja para su eficientizaci\u00f3n, pues lo \u00fanico que suceder\u00e1 es que los centros de salud de ese organismo pasar\u00e1n al Servicio Nacional de Salud.<\/p>\n<\/p>\n<h6> 2016-08-21 22:09:56 <\/h6>\n<p><!--\n<link rel=\"stylesheet\" href=\"css\/bootstrap.min.css\">\n\n\n<ul class=\"pagination\">\n\t    \n\t\n\n<li >\n\t<a href='?page_no=12194'>Previous<\/a>\n\t<\/li>\n\n\n       \n    \n\n<li><a href='?page_no=1'>1<\/a><\/li>\n\n\n\n<li><a href='?page_no=2'>2<\/a><\/li>\n\n\n\n<li><a>...<\/a><\/li>\n\n\n\n<li><a href='?page_no=12193'>12193<\/a><\/li>\n\n\n\n<li><a href='?page_no=12194'>12194<\/a><\/li>\n\n\n\n<li class='active'><a>12195<\/a><\/li>\n\n\n\n<li><a href='?page_no=12196'>12196<\/a><\/li>\n\n\n\n<li><a href='?page_no=12197'>12197<\/a><\/li>\n\n\n\n<li><a>...<\/a><\/li>\n\n\n\n<li><a href='?page_no=56169'>56169<\/a><\/li>\n\n\n\n<li><a href='?page_no=56170'>56170<\/a><\/li>\n\n    \n\t\n\n<li >\n\t<a href='?page_no=12196'>Next<\/a>\n\t<\/li>\n\n\n    \n\n<li><a href='?page_no=56170'>Last &rsaquo;&rsaquo;<\/a><\/li>\n\n<\/ul>\n\n\n--><br \/>\n<\/body><\/p>\n","protected":false},"excerpt":{"rendered":"<p>Mella Mej\u00eda, quien es un reconocido profesional de la psiquiatr\u00eda, y ex del Colegio M\u00e9dico Dominicano dijo que no cree en asambleas que secuestran el libre albedr\u00edo de los m\u00e9dicos. Dice m\u00e9dico de hospitales debe tratar a pacientes igual que lo hace en cl\u00ednicas privadas SANTO DOMINGO, RD, 21 de Agosto de 2016.- El director [&hellip;]<\/p>\n","protected":false},"author":3,"featured_media":0,"comment_status":"open","ping_status":"open","sticky":false,"template":"","format":"standard","meta":{"footnotes":""},"categories":[20],"tags":[],"class_list":["post-217699","post","type-post","status-publish","format-standard","hentry","category-dominicana-hoy"],"_links":{"self":[{"href":"https:\/\/diariodominicano.com\/index.php?rest_route=\/wp\/v2\/posts\/217699","targetHints":{"allow":["GET"]}}],"collection":[{"href":"https:\/\/diariodominicano.com\/index.php?rest_route=\/wp\/v2\/posts"}],"about":[{"href":"https:\/\/diariodominicano.com\/index.php?rest_route=\/wp\/v2\/types\/post"}],"author":[{"embeddable":true,"href":"https:\/\/diariodominicano.com\/index.php?rest_route=\/wp\/v2\/users\/3"}],"replies":[{"embeddable":true,"href":"https:\/\/diariodominicano.com\/index.php?rest_route=%2Fwp%2Fv2%2Fcomments&post=217699"}],"version-history":[{"count":0,"href":"https:\/\/diariodominicano.com\/index.php?rest_route=\/wp\/v2\/posts\/217699\/revisions"}],"wp:attachment":[{"href":"https:\/\/diariodominicano.com\/index.php?rest_route=%2Fwp%2Fv2%2Fmedia&parent=217699"}],"wp:term":[{"taxonomy":"category","embeddable":true,"href":"https:\/\/diariodominicano.com\/index.php?rest_route=%2Fwp%2Fv2%2Fcategories&post=217699"},{"taxonomy":"post_tag","embeddable":true,"href":"https:\/\/diariodominicano.com\/index.php?rest_route=%2Fwp%2Fv2%2Ftags&post=217699"}],"curies":[{"name":"wp","href":"https:\/\/api.w.org\/{rel}","templated":true}]}}