{"id":217698,"date":"2016-08-21T23:38:24","date_gmt":"2016-08-21T23:38:24","guid":{"rendered":"http:\/\/diariodominicano.ddns.net\/?p=217698"},"modified":"2016-08-21T23:38:24","modified_gmt":"2016-08-21T23:38:24","slug":"canciller-vargas-maldonado-designa-a-hugo-beras-vocero-de-la-cancilleria","status":"publish","type":"post","link":"https:\/\/diariodominicano.com\/?p=217698","title":{"rendered":"Canciller Vargas Maldonado designa a Hugo Beras vocero de la Canciller\u00eda"},"content":{"rendered":"<p><body><\/p>\n<p><img decoding=\"async\" src=\"img3\/VMV_7238.jpg\" \/>  <\/p>\n<p><strong>Asegura  desarrollar\u00e1 pol\u00edtica de apertura, transparencia e informaci\u00f3n permanente con los medios de comunicaci\u00f3n y la ciudadan\u00eda.<\/strong><\/p>\n<\/p>\n<\/p>\n<p><strong>SANTO DOMINGO, RD, 21 de Agosto de 2016.- <\/strong>El ministro de Relaciones Exteriores, Miguel Vargas Maldonado,  design\u00f3 al comunicador y estratega de imagen y posicionamiento Hugo Beras director de Comunicaci\u00f3n de esa instituci\u00f3n, como parte de la pol\u00edtica de transparencia y apertura institucional.<\/p>\n<\/p>\n<p>Vargas Maldonado valor\u00f3 la incorporaci\u00f3n del joven profesional y garantiz\u00f3 que los medios de comunicaci\u00f3n constituir\u00e1n un pilar importante de la actuaci\u00f3n de la Canciller\u00eda, con el prop\u00f3sito de consolidar el fortalecimiento institucional y apuntalar las relaciones exteriores de la Rep\u00fablica Dominicana, acorde a los lineamientos del presidente Danilo Medina.<\/p>\n<\/p>\n<p>\u00abLa incorporaci\u00f3n de Hugo Beras como nuevo vocero de la Canciller\u00eda es parte del proceso de apertura y transparencia. Es un capital humano joven, capaz, serio y din\u00e1mico. Con su trabajo dar\u00e1 mayor fluidez y dotar\u00e1 de eficacia las tareas del \u00e1rea de la comunicaci\u00f3n, manteniendo a la ciudadan\u00eda permanentemente informada sobre las actuaciones de la Canciller\u00eda\u00bb.<\/p>\n<\/p>\n<p>Hugo Beras tiene 14 a\u00f1os de experiencia en los medios de comunicaci\u00f3n, en los cuales se ha destacado por su especializaci\u00f3n en estrategias de imagen, posicionamiento, marcas, mercados, percepciones e implementaci\u00f3n de exitosos proyectos de producci\u00f3n audiovisual.<\/p>\n<\/p>\n<p>\u00abMe siento sumamente honrado y a la vez optimista por la confianza que ha deposito en m\u00ed el canciller Miguel Vargas Maldonado. Asumo esta tarea con la mayor humildad y el compromiso de impulsar la imagen del Ministerio de Relaciones Exteriores acorde a los requerimientos que marca el contexto internacional en este siglo XXI, mediante un proceso comunicacional din\u00e1mico y fluido\u00bb, manifest\u00f3 el nuevo vocero de la Canciller\u00eda.<\/p>\n<\/p>\n<p>A trav\u00e9s de un comunicado de prensa, Beras asegur\u00f3 que trabajar\u00e1 con ah\u00ednco y dedicaci\u00f3n para mantener un v\u00ednculo directo con los medios de comunicaci\u00f3n, en base a una comunicaci\u00f3n clara, precisa y veraz.<\/p>\n<h6> 2016-08-21 23:38:24 <\/h6>\n<p><!--\n<link rel=\"stylesheet\" href=\"css\/bootstrap.min.css\">\n\n\n<ul class=\"pagination\">\n\t    \n\t\n\n<li >\n\t<a href='?page_no=12193'>Previous<\/a>\n\t<\/li>\n\n\n       \n    \n\n<li><a href='?page_no=1'>1<\/a><\/li>\n\n\n\n<li><a href='?page_no=2'>2<\/a><\/li>\n\n\n\n<li><a>...<\/a><\/li>\n\n\n\n<li><a href='?page_no=12192'>12192<\/a><\/li>\n\n\n\n<li><a href='?page_no=12193'>12193<\/a><\/li>\n\n\n\n<li class='active'><a>12194<\/a><\/li>\n\n\n\n<li><a href='?page_no=12195'>12195<\/a><\/li>\n\n\n\n<li><a href='?page_no=12196'>12196<\/a><\/li>\n\n\n\n<li><a>...<\/a><\/li>\n\n\n\n<li><a href='?page_no=56169'>56169<\/a><\/li>\n\n\n\n<li><a href='?page_no=56170'>56170<\/a><\/li>\n\n    \n\t\n\n<li >\n\t<a href='?page_no=12195'>Next<\/a>\n\t<\/li>\n\n\n    \n\n<li><a href='?page_no=56170'>Last &rsaquo;&rsaquo;<\/a><\/li>\n\n<\/ul>\n\n\n--><br \/>\n<\/body><\/p>\n","protected":false},"excerpt":{"rendered":"<p>Asegura desarrollar\u00e1 pol\u00edtica de apertura, transparencia e informaci\u00f3n permanente con los medios de comunicaci\u00f3n y la ciudadan\u00eda. SANTO DOMINGO, RD, 21 de Agosto de 2016.- El ministro de Relaciones Exteriores, Miguel Vargas Maldonado, design\u00f3 al comunicador y estratega de imagen y posicionamiento Hugo Beras director de Comunicaci\u00f3n de esa instituci\u00f3n, como parte de la pol\u00edtica [&hellip;]<\/p>\n","protected":false},"author":3,"featured_media":0,"comment_status":"open","ping_status":"open","sticky":false,"template":"","format":"standard","meta":{"footnotes":""},"categories":[20],"tags":[],"class_list":["post-217698","post","type-post","status-publish","format-standard","hentry","category-dominicana-hoy"],"_links":{"self":[{"href":"https:\/\/diariodominicano.com\/index.php?rest_route=\/wp\/v2\/posts\/217698","targetHints":{"allow":["GET"]}}],"collection":[{"href":"https:\/\/diariodominicano.com\/index.php?rest_route=\/wp\/v2\/posts"}],"about":[{"href":"https:\/\/diariodominicano.com\/index.php?rest_route=\/wp\/v2\/types\/post"}],"author":[{"embeddable":true,"href":"https:\/\/diariodominicano.com\/index.php?rest_route=\/wp\/v2\/users\/3"}],"replies":[{"embeddable":true,"href":"https:\/\/diariodominicano.com\/index.php?rest_route=%2Fwp%2Fv2%2Fcomments&post=217698"}],"version-history":[{"count":0,"href":"https:\/\/diariodominicano.com\/index.php?rest_route=\/wp\/v2\/posts\/217698\/revisions"}],"wp:attachment":[{"href":"https:\/\/diariodominicano.com\/index.php?rest_route=%2Fwp%2Fv2%2Fmedia&parent=217698"}],"wp:term":[{"taxonomy":"category","embeddable":true,"href":"https:\/\/diariodominicano.com\/index.php?rest_route=%2Fwp%2Fv2%2Fcategories&post=217698"},{"taxonomy":"post_tag","embeddable":true,"href":"https:\/\/diariodominicano.com\/index.php?rest_route=%2Fwp%2Fv2%2Ftags&post=217698"}],"curies":[{"name":"wp","href":"https:\/\/api.w.org\/{rel}","templated":true}]}}