{"id":217697,"date":"2016-08-22T00:20:27","date_gmt":"2016-08-22T00:20:27","guid":{"rendered":"http:\/\/diariodominicano.ddns.net\/?p=217697"},"modified":"2016-08-22T00:20:27","modified_gmt":"2016-08-22T00:20:27","slug":"en-nuevo-ano-escolar-educa-plantea-retos-de-innovaciones","status":"publish","type":"post","link":"https:\/\/diariodominicano.com\/?p=217697","title":{"rendered":"En nuevo a\u00f1o escolar: EDUCA plantea retos de innovaciones"},"content":{"rendered":"<p><body><\/p>\n<p><img decoding=\"async\" src=\"img3\/Marmol jochi2016.jpg\" \/>  <\/p>\n<\/p>\n<p><strong><span class=\"text1noticias\">Al dar la bienvenida al nuevo a\u00f1o escolar, Jos\u00e9 M\u00e1rmol, presidente de EDUCA,  plante\u00f3 los retos y oportunidades que implican las distintas innovaciones que se vienen desarrollando dentro de la escuela, entre las cuales cit\u00f3 la implementaci\u00f3n de un nuevo curr\u00edculo para todos los niveles, la consolidaci\u00f3n del modelo de Jornada Escolar Extendida, la creciente descentralizaci\u00f3n en el manejo de los recursos por parte de los centros educativos y pr\u00f3ximamente, el inicio de la adopci\u00f3n del programa una computadora por ni\u00f1o. <\/span><\/strong><\/p>\n<\/p>\n<\/p>\n<p><strong><span class=\"text1noticias\">SANTO DOMINGO, D.N., 21 de Agosto de 2016.- <\/span><\/strong><span class=\"text1noticias\"> Acci\u00f3n Empresarial por la Educaci\u00f3n (EDUCA)  exhort\u00f3 a las autoridades educativas y a la sociedad en su conjunto, en sinton\u00eda con lo que expres\u00f3 en su discurso de toma de posesi\u00f3n el presidente Danilo Medina, a redoblar los esfuerzos en favor de la calidad educativa en el nuevo a\u00f1o escolar 2016-2017, que se inicia en el pa\u00eds a partir de este lunes 22 de agosto.<\/span><\/p>\n<p><span class=\"text1noticias\"> <\/span><\/p>\n<p><span class=\"text1noticias\">A juicio de la entidad, el seguimiento y acompa\u00f1amiento a los docentes y a las escuelas deben ser prioridad en este nuevo per\u00edodo escolar, adem\u00e1s de evaluar las innovaciones programadas y sus efectos sobre el presupuesto.<\/span><\/p>\n<p><span class=\"text1noticias\"> <\/span><\/p>\n<p><span class=\"text1noticias\">Al dar la bienvenida al nuevo a\u00f1o escolar, Jos\u00e9 M\u00e1rmol, presidente de EDUCA,  plante\u00f3 los retos y oportunidades que implican las distintas innovaciones que se vienen desarrollando dentro de la escuela, entre las cuales cit\u00f3 la implementaci\u00f3n de un nuevo curr\u00edculo para todos los niveles, la consolidaci\u00f3n del modelo de Jornada Escolar Extendida, la creciente descentralizaci\u00f3n en el manejo de los recursos por parte de los centros educativos y pr\u00f3ximamente, el inicio de la adopci\u00f3n del programa una computadora por ni\u00f1o. <\/span><\/p>\n<p><span class=\"text1noticias\"> <\/span><\/p>\n<p><span class=\"text1noticias\">\u00abEstas iniciativas, todas muy importantes, implican montos significativos del presupuesto p\u00fablico, por lo cual deber\u00e1n ser adecuadamente evaluadas y monitoreadas de manera oportuna, a fin de garantizar y evidenciar que apunten a mejorar la calidad de los aprendizajes y a un uso eficiente de los recursos\u00bb, subray\u00f3 M\u00e1rmol.<\/span><\/p>\n<p><span class=\"text1noticias\"> <\/span><\/p>\n<p><span class=\"text1noticias\">El presidente de Acci\u00f3n Empresarial por la Educaci\u00f3n sostuvo que \u00abpor ello en Educa recomendamos que toda innovaci\u00f3n pedag\u00f3gica sea desarrollada primero en peque\u00f1a escala y en ambientes controlados, con el objetivo de acumular experiencia\u00bb.<\/span><\/p>\n<p><span class=\"text1noticias\"> <\/span><\/p>\n<p><span class=\"text1noticias\"><strong>Redoblar supervisi\u00f3n<\/strong><\/span><\/p>\n<\/p>\n<p><span class=\"text1noticias\">El tambi\u00e9n destacado escritor y educador, sugiri\u00f3 adem\u00e1s, redoblar los esfuerzos en materia de  supervisi\u00f3n y apoyo a cada uno de los m\u00e1s de 11, 450 centros educativos que retomar\u00e1n sus clases este 22 de agosto. <\/span><\/p>\n<p><span class=\"text1noticias\"> <\/span><\/p>\n<p><span class=\"text1noticias\">Subray\u00f3 que ser\u00e1 importante reforzar las labores de seguimiento y acompa\u00f1amiento a los cerca de 90,000 docentes y directores de centros que una vez m\u00e1s enfrentan una multiplicidad de cambios en el sistema, y que necesitar\u00e1n acompa\u00f1amiento en esta tarea.<\/span><\/p>\n<p><span class=\"text1noticias\"> <\/span><\/p>\n<p><span class=\"text1noticias\"><strong>Expandir reformas y respaldar a los maestros<\/strong><\/span><\/p>\n<\/p>\n<p><span class=\"text1noticias\">Valor\u00f3 como muy positivas las reformas que se est\u00e1n llevando a cabo en la carrera docente, las cuales espera sean ampliadas y fortalecidas durante este a\u00f1o escolar, como manifest\u00f3 el primer mandatario de la naci\u00f3n en su discurso de toma de posesi\u00f3n del pasado 16 agosto.<\/span><\/p>\n<p><span class=\"text1noticias\"> <\/span><\/p>\n<p><span class=\"text1noticias\">Al respecto, se\u00f1al\u00f3 que \u00absolo distinguiendo y apoyando la labor de los educadores dominicanos podremos alcanzar la calidad educativa que siempre hemos anhelado como un derecho fundamental de cada ciudadano\u00bb.<\/span><\/p>\n<p><span class=\"text1noticias\"> <\/span><\/p>\n<p><span class=\"text1noticias\">De igual modo, Jos\u00e9  M\u00e1rmol  salud\u00f3  las iniciativas de inducci\u00f3n de los educadores de primer a\u00f1o y la integraci\u00f3n de formadores de m\u00e1ximo nivel, tanto internacionales como locales, para el reforzamiento de los programas de pedagog\u00eda en las instituciones de educaci\u00f3n superior. <\/span><\/p>\n<p><span class=\"text1noticias\"> <\/span><\/p>\n<p><span class=\"text1noticias\">\u00abEn EDUCA esperamos una mayor integraci\u00f3n y compromiso de la comunidad educativa en su conjunto, as\u00ed como de la sociedad civil, en procura de obtener positivos resultados en la escuela, y tanto las familias, como los docentes y las autoridades educativas, deben ser celosos en el cumplimiento del calendario escolar\u00bb, apunt\u00f3 finalmente el presidente de la entidad.<\/span><\/p>\n<\/p>\n<\/p>\n<\/p>\n<h6> 2016-08-22 00:20:27 <\/h6>\n<p><!--\n<link rel=\"stylesheet\" href=\"css\/bootstrap.min.css\">\n\n\n<ul class=\"pagination\">\n\t    \n\t\n\n<li >\n\t<a href='?page_no=12192'>Previous<\/a>\n\t<\/li>\n\n\n       \n    \n\n<li><a href='?page_no=1'>1<\/a><\/li>\n\n\n\n<li><a href='?page_no=2'>2<\/a><\/li>\n\n\n\n<li><a>...<\/a><\/li>\n\n\n\n<li><a href='?page_no=12191'>12191<\/a><\/li>\n\n\n\n<li><a href='?page_no=12192'>12192<\/a><\/li>\n\n\n\n<li class='active'><a>12193<\/a><\/li>\n\n\n\n<li><a href='?page_no=12194'>12194<\/a><\/li>\n\n\n\n<li><a href='?page_no=12195'>12195<\/a><\/li>\n\n\n\n<li><a>...<\/a><\/li>\n\n\n\n<li><a href='?page_no=56169'>56169<\/a><\/li>\n\n\n\n<li><a href='?page_no=56170'>56170<\/a><\/li>\n\n    \n\t\n\n<li >\n\t<a href='?page_no=12194'>Next<\/a>\n\t<\/li>\n\n\n    \n\n<li><a href='?page_no=56170'>Last &rsaquo;&rsaquo;<\/a><\/li>\n\n<\/ul>\n\n\n--><br \/>\n<\/body><\/p>\n","protected":false},"excerpt":{"rendered":"<p>Al dar la bienvenida al nuevo a\u00f1o escolar, Jos\u00e9 M\u00e1rmol, presidente de EDUCA, plante\u00f3 los retos y oportunidades que implican las distintas innovaciones que se vienen desarrollando dentro de la escuela, entre las cuales cit\u00f3 la implementaci\u00f3n de un nuevo curr\u00edculo para todos los niveles, la consolidaci\u00f3n del modelo de Jornada Escolar Extendida, la creciente [&hellip;]<\/p>\n","protected":false},"author":3,"featured_media":0,"comment_status":"open","ping_status":"open","sticky":false,"template":"","format":"standard","meta":{"footnotes":""},"categories":[20],"tags":[],"class_list":["post-217697","post","type-post","status-publish","format-standard","hentry","category-dominicana-hoy"],"_links":{"self":[{"href":"https:\/\/diariodominicano.com\/index.php?rest_route=\/wp\/v2\/posts\/217697","targetHints":{"allow":["GET"]}}],"collection":[{"href":"https:\/\/diariodominicano.com\/index.php?rest_route=\/wp\/v2\/posts"}],"about":[{"href":"https:\/\/diariodominicano.com\/index.php?rest_route=\/wp\/v2\/types\/post"}],"author":[{"embeddable":true,"href":"https:\/\/diariodominicano.com\/index.php?rest_route=\/wp\/v2\/users\/3"}],"replies":[{"embeddable":true,"href":"https:\/\/diariodominicano.com\/index.php?rest_route=%2Fwp%2Fv2%2Fcomments&post=217697"}],"version-history":[{"count":0,"href":"https:\/\/diariodominicano.com\/index.php?rest_route=\/wp\/v2\/posts\/217697\/revisions"}],"wp:attachment":[{"href":"https:\/\/diariodominicano.com\/index.php?rest_route=%2Fwp%2Fv2%2Fmedia&parent=217697"}],"wp:term":[{"taxonomy":"category","embeddable":true,"href":"https:\/\/diariodominicano.com\/index.php?rest_route=%2Fwp%2Fv2%2Fcategories&post=217697"},{"taxonomy":"post_tag","embeddable":true,"href":"https:\/\/diariodominicano.com\/index.php?rest_route=%2Fwp%2Fv2%2Ftags&post=217697"}],"curies":[{"name":"wp","href":"https:\/\/api.w.org\/{rel}","templated":true}]}}