{"id":217696,"date":"2016-08-22T08:37:55","date_gmt":"2016-08-22T08:37:55","guid":{"rendered":"http:\/\/diariodominicano.ddns.net\/?p=217696"},"modified":"2016-08-22T08:37:55","modified_gmt":"2016-08-22T08:37:55","slug":"atribuyen-tranque-salud-a-la-agenda-del-colegio-medico","status":"publish","type":"post","link":"https:\/\/diariodominicano.com\/?p=217696","title":{"rendered":"Atribuyen tranque salud a la agenda del Colegio M\u00e9dico"},"content":{"rendered":"<p><body><\/p>\n<p><img decoding=\"async\" src=\"img3\/califican 22-8.jpg\" \/>  <\/p>\n<p><span class=\"text1noticias\">Santo Domingo, R. D.,  22 de agosto.- La agenda opositora contra el gobierno que al parecer est\u00e1 manejando el Presidente del Colegio M\u00e9dico  Dominicano, Waldo Ariel Suero, es lo que ha dificultado la soluci\u00f3n al tranque que mantiene el gremio con las autoridades y profesionales del sector salud.<\/span><\/p>\n<p><span class=\"text1noticias\"> <\/span><\/p>\n<p><span class=\"text1noticias\">La revelaci\u00f3n fue hecha por el viceministro Administrativo de la Presidencia, ingeniero Alexis Lantigua, quien adem\u00e1s calific\u00f3 de irracional la postura del galeno, porque al final los pobres siguen siendo los m\u00e1s perjudicados.<\/span><\/p>\n<p><span class=\"text1noticias\"> <\/span><\/p>\n<p><span class=\"text1noticias\">\u00abSe le han planteado todas las alternativas, lo que parece ser es que Waldo Ariel est\u00e1 llevando una agenda opositora, la cual para nosotros est\u00e1 totalmente desfasada, porque el elemento fundamental es el costo de la vida del pueblo dominicano, se puede hacer oposici\u00f3n, pero constructiva??, asegur\u00f3 el funcionario al ser entrevistado por Elvis Lima en el programa Fuera de Record del canal 45.<\/span><\/p>\n<p><span class=\"text1noticias\"> <\/span><\/p>\n<p><span class=\"text1noticias\">Dijo que lleg\u00f3 el momento de unir voluntades para entre todos buscar una salida a los problemas de salud del pueblo dominicano, de ah\u00ed el inter\u00e9s del Presidente Danilo Medina, de darle respuestas a los problemas del sector.<\/span><\/p>\n<p><span class=\"text1noticias\"> <\/span><\/p>\n<p><span class=\"text1noticias\">Se\u00f1al\u00f3 que el jefe de Estado dej\u00f3 claro en su discurso de la toma de posesi\u00f3n del nuevo mandato que la salud, la educaci\u00f3n y el empleo son fundamentales en la agenda de gobierno para los pr\u00f3ximos cuatro a\u00f1os.<\/span><\/p>\n<p><span class=\"text1noticias\"> <\/span><\/p>\n<p><span class=\"text1noticias\">??Yo estoy seguro que el pueblo dominicano le agradecer\u00e1 a los m\u00e9dicos, y a todo el que trabaje en ese sentido, gobierno, empresariado y sociedad civil, si entre todos hacemos el esfuerzo por dignificar la vida de los m\u00e1s necesitados??, precis\u00f3 Alexis Lantig<\/span>ua.<\/p>\n<\/p>\n<h6> 2016-08-22 08:37:55 <\/h6>\n<p><!--\n<link rel=\"stylesheet\" href=\"css\/bootstrap.min.css\">\n\n\n<ul class=\"pagination\">\n\t    \n\t\n\n<li >\n\t<a href='?page_no=12191'>Previous<\/a>\n\t<\/li>\n\n\n       \n    \n\n<li><a href='?page_no=1'>1<\/a><\/li>\n\n\n\n<li><a href='?page_no=2'>2<\/a><\/li>\n\n\n\n<li><a>...<\/a><\/li>\n\n\n\n<li><a href='?page_no=12190'>12190<\/a><\/li>\n\n\n\n<li><a href='?page_no=12191'>12191<\/a><\/li>\n\n\n\n<li class='active'><a>12192<\/a><\/li>\n\n\n\n<li><a href='?page_no=12193'>12193<\/a><\/li>\n\n\n\n<li><a href='?page_no=12194'>12194<\/a><\/li>\n\n\n\n<li><a>...<\/a><\/li>\n\n\n\n<li><a href='?page_no=56169'>56169<\/a><\/li>\n\n\n\n<li><a href='?page_no=56170'>56170<\/a><\/li>\n\n    \n\t\n\n<li >\n\t<a href='?page_no=12193'>Next<\/a>\n\t<\/li>\n\n\n    \n\n<li><a href='?page_no=56170'>Last &rsaquo;&rsaquo;<\/a><\/li>\n\n<\/ul>\n\n\n--><br \/>\n<\/body><\/p>\n","protected":false},"excerpt":{"rendered":"<p>Santo Domingo, R. D., 22 de agosto.- La agenda opositora contra el gobierno que al parecer est\u00e1 manejando el Presidente del Colegio M\u00e9dico Dominicano, Waldo Ariel Suero, es lo que ha dificultado la soluci\u00f3n al tranque que mantiene el gremio con las autoridades y profesionales del sector salud. La revelaci\u00f3n fue hecha por el viceministro [&hellip;]<\/p>\n","protected":false},"author":3,"featured_media":0,"comment_status":"open","ping_status":"open","sticky":false,"template":"","format":"standard","meta":{"footnotes":""},"categories":[20],"tags":[],"class_list":["post-217696","post","type-post","status-publish","format-standard","hentry","category-dominicana-hoy"],"_links":{"self":[{"href":"https:\/\/diariodominicano.com\/index.php?rest_route=\/wp\/v2\/posts\/217696","targetHints":{"allow":["GET"]}}],"collection":[{"href":"https:\/\/diariodominicano.com\/index.php?rest_route=\/wp\/v2\/posts"}],"about":[{"href":"https:\/\/diariodominicano.com\/index.php?rest_route=\/wp\/v2\/types\/post"}],"author":[{"embeddable":true,"href":"https:\/\/diariodominicano.com\/index.php?rest_route=\/wp\/v2\/users\/3"}],"replies":[{"embeddable":true,"href":"https:\/\/diariodominicano.com\/index.php?rest_route=%2Fwp%2Fv2%2Fcomments&post=217696"}],"version-history":[{"count":0,"href":"https:\/\/diariodominicano.com\/index.php?rest_route=\/wp\/v2\/posts\/217696\/revisions"}],"wp:attachment":[{"href":"https:\/\/diariodominicano.com\/index.php?rest_route=%2Fwp%2Fv2%2Fmedia&parent=217696"}],"wp:term":[{"taxonomy":"category","embeddable":true,"href":"https:\/\/diariodominicano.com\/index.php?rest_route=%2Fwp%2Fv2%2Fcategories&post=217696"},{"taxonomy":"post_tag","embeddable":true,"href":"https:\/\/diariodominicano.com\/index.php?rest_route=%2Fwp%2Fv2%2Ftags&post=217696"}],"curies":[{"name":"wp","href":"https:\/\/api.w.org\/{rel}","templated":true}]}}