{"id":217695,"date":"2016-08-22T08:55:39","date_gmt":"2016-08-22T08:55:39","guid":{"rendered":"http:\/\/diariodominicano.ddns.net\/?p=217695"},"modified":"2016-08-22T08:55:39","modified_gmt":"2016-08-22T08:55:39","slug":"concluye-primer-simposio-internacional-de-falla-cardiaca","status":"publish","type":"post","link":"https:\/\/diariodominicano.com\/?p=217695","title":{"rendered":"Concluye Primer Simposio internacional de falla card\u00edaca"},"content":{"rendered":"<p><body><\/p>\n<p><img decoding=\"async\" src=\"img3\/simposio 22-8.jpg\" \/>  <\/p>\n<p><span class=\"text1noticias\">San Francisco de Macor\u00eds, R. D., 22 de agosto.- La Sociedad Dominicana de Cardiolog\u00eda (Capitulo Nordeste), llev\u00f3 a cabo este s\u00e1bado el Primer Simposio Internacional de Fallas Cardiacas en el sal\u00f3n de Videos Conferencias de la Universidad Cat\u00f3lica del Nordeste, en San Francisco de Macor\u00eds.<\/span><\/p>\n<p><span class=\"text1noticias\"> <\/span><\/p>\n<p><span class=\"text1noticias\">Las palabras de apertura fueron dadas por el presidente de la Sociedad Dominicana de Cardiolog\u00eda, el doctor Jorge V\u00e1squez Sim\u00f3, quien expres\u00f3 que actividades como esta \u00a8ha tenido como principal norte mantener la unidad entre sus miembros y la educaci\u00f3n continua, organizando conferencias, cursos, jornadas, congresos y simposios\u00a8.<\/span><\/p>\n<p><span class=\"text1noticias\"> <\/span><\/p>\n<p><span class=\"text1noticias\">Destac\u00f3 que \u00a8en los \u00faltimos seis a\u00f1os la instituci\u00f3n se ha dedicado a organizar eventos cient\u00edficos con la participaci\u00f3n nacional e internacional de la m\u00e1s alta calidad, con el objetivo de mantener a la vanguardia a toda la clase cardiol\u00f3gica de la regi\u00f3n nordeste y tratar de hacerlo cada vez mejor en un mundo donde la cardiolog\u00eda en sentido general ha tenido un dinamismo extraordinario\u00a8.<\/span><\/p>\n<p><span class=\"text1noticias\"> <\/span><\/p>\n<p><span class=\"text1noticias\">Dijo que este primer simposio de falla card\u00edacas forma parte de la iniciativa de la nueva directiva que tiene el honor de dirigir, quienes entendieron que \u00a8es un tema de trascendental importancia debido a  su alta prevalencia a nivel mundial, porque como sabemos todos, es el final com\u00fan de muchas de las enfermedades cardiovasculares.\u00a8<\/span><\/p>\n<p><span class=\"text1noticias\"> <\/span><\/p>\n<p><span class=\"text1noticias\">Puntualiz\u00f3 que al mantenerse \u00a8actualizado en este t\u00f3pico, tanto en lo que se refiere al uso de nuevos f\u00e1rmacos, como al uso de los distintos dispositivos y t\u00e9cnica intervencionista y de rehabilitaci\u00f3n de la que se dispone hoy para mejorar la calidad de vida de los pacientes\u00a8.<\/span><\/p>\n<p><span class=\"text1noticias\"> <\/span><\/p>\n<p><span class=\"text1noticias\">El evento cont\u00f3 con la presencia de reconocidos cardi\u00f3logos nacionales e internacionales, tales como el doctor Jorge Armando Gare\u00f1a Casilla, quien ejerce en los hospitales Real San Jos\u00e9 de la ciudad de Zapopan y Terranova de la ciudad de Gudalajara, en Jalisco y el doctor Jes\u00fas Marcelino Medecigo, encargado del Servicio de Ecocadiograf\u00eda del Hospital P\u00fablico de M\u00e9xico.<\/span><\/p>\n<p><span class=\"text1noticias\"> <\/span><\/p>\n<p><span class=\"text1noticias\">Los temas abordados por los especialistas \u00a8Fallas card\u00edacas concepto epidemiol\u00f3gico-fisiopatolog\u00eda\u00a8, \u00a8Estudio de im\u00e1genes en falla card\u00edacas\u00a8, \u00a8Falla cardiacas aguda, abordaje cl\u00ednico y terap\u00e9utico\u00a8, \u00a8Fibrilaci\u00f3n auricular en falla card\u00edaca una mala asociaci\u00f3n-abordaje terap\u00e9utico\u00a8, \u00a8Falla cardiaca en el ni\u00f1o\u00a8, \u00a8Falla cardiaca con fracci\u00f3n de elecci\u00f3n preservada, un enfoque cl\u00ednico y terap\u00e9utico\u00a8, \u00a8Drogas salva vida en falla card\u00edaca\u00a8, \u00a8Revascularizaci\u00f3n en falla card\u00edaca\u00a8,\u00a8Uso de dispositivo en falla card\u00edaca\u00a8, \u00a8Uso de dispositivo en falla card\u00edaca\u00a8, Tratamiento de arritmia ventriculares en falla cardiaca\u00a8 y \u00a8Rehabilitaci\u00f3n card\u00edaca, concepto actual.<\/span><\/p>\n<p><span class=\"text1noticias\"> <\/span><\/p>\n<p><span class=\"text1noticias\">La directiva de la Sociedad Dominicana de Cardiolog\u00eda entreg\u00f3 a cada uno de los conferencistas participantes reconocimientos por su aporte did\u00e1ctico durante la actividad como por su labor profesional al servicio de la gente.<\/span><\/p>\n<p><span class=\"text1noticias\"> <\/span><\/p>\n<p><span class=\"text1noticias\">Entre los profesionales que recibieron pergaminos estaban el doctor Juan Ram\u00edrez Tavera, Jefe de Servicio de Cardiolog\u00eda Pedi\u00e1trica del Hospital Doctor Arturo Grull\u00f3n de Santiago, el doctor Jes\u00fas Marcelino Medecigo, doctor Cesar Herrera, director  del Centro Cardiovascular de CEDIMAT, la doctora Pura Henr\u00edquez, tesorera actual de la Sociedad Dominicana de Cardiolog\u00eda, doctor Rudy Garc\u00eda Safadit, m\u00e9dico cardi\u00f3logo del Centro M\u00e9dico Siglo 21, entre o<\/span>tros.<\/p>\n<\/p>\n<h6> 2016-08-22 08:55:39 <\/h6>\n<p><!--\n<link rel=\"stylesheet\" href=\"css\/bootstrap.min.css\">\n\n\n<ul class=\"pagination\">\n\t    \n\t\n\n<li >\n\t<a href='?page_no=12190'>Previous<\/a>\n\t<\/li>\n\n\n       \n    \n\n<li><a href='?page_no=1'>1<\/a><\/li>\n\n\n\n<li><a href='?page_no=2'>2<\/a><\/li>\n\n\n\n<li><a>...<\/a><\/li>\n\n\n\n<li><a href='?page_no=12189'>12189<\/a><\/li>\n\n\n\n<li><a href='?page_no=12190'>12190<\/a><\/li>\n\n\n\n<li class='active'><a>12191<\/a><\/li>\n\n\n\n<li><a href='?page_no=12192'>12192<\/a><\/li>\n\n\n\n<li><a href='?page_no=12193'>12193<\/a><\/li>\n\n\n\n<li><a>...<\/a><\/li>\n\n\n\n<li><a href='?page_no=56169'>56169<\/a><\/li>\n\n\n\n<li><a href='?page_no=56170'>56170<\/a><\/li>\n\n    \n\t\n\n<li >\n\t<a href='?page_no=12192'>Next<\/a>\n\t<\/li>\n\n\n    \n\n<li><a href='?page_no=56170'>Last &rsaquo;&rsaquo;<\/a><\/li>\n\n<\/ul>\n\n\n--><br \/>\n<\/body><\/p>\n","protected":false},"excerpt":{"rendered":"<p>San Francisco de Macor\u00eds, R. D., 22 de agosto.- La Sociedad Dominicana de Cardiolog\u00eda (Capitulo Nordeste), llev\u00f3 a cabo este s\u00e1bado el Primer Simposio Internacional de Fallas Cardiacas en el sal\u00f3n de Videos Conferencias de la Universidad Cat\u00f3lica del Nordeste, en San Francisco de Macor\u00eds. Las palabras de apertura fueron dadas por el presidente de [&hellip;]<\/p>\n","protected":false},"author":3,"featured_media":0,"comment_status":"open","ping_status":"open","sticky":false,"template":"","format":"standard","meta":{"footnotes":""},"categories":[20],"tags":[],"class_list":["post-217695","post","type-post","status-publish","format-standard","hentry","category-dominicana-hoy"],"_links":{"self":[{"href":"https:\/\/diariodominicano.com\/index.php?rest_route=\/wp\/v2\/posts\/217695","targetHints":{"allow":["GET"]}}],"collection":[{"href":"https:\/\/diariodominicano.com\/index.php?rest_route=\/wp\/v2\/posts"}],"about":[{"href":"https:\/\/diariodominicano.com\/index.php?rest_route=\/wp\/v2\/types\/post"}],"author":[{"embeddable":true,"href":"https:\/\/diariodominicano.com\/index.php?rest_route=\/wp\/v2\/users\/3"}],"replies":[{"embeddable":true,"href":"https:\/\/diariodominicano.com\/index.php?rest_route=%2Fwp%2Fv2%2Fcomments&post=217695"}],"version-history":[{"count":0,"href":"https:\/\/diariodominicano.com\/index.php?rest_route=\/wp\/v2\/posts\/217695\/revisions"}],"wp:attachment":[{"href":"https:\/\/diariodominicano.com\/index.php?rest_route=%2Fwp%2Fv2%2Fmedia&parent=217695"}],"wp:term":[{"taxonomy":"category","embeddable":true,"href":"https:\/\/diariodominicano.com\/index.php?rest_route=%2Fwp%2Fv2%2Fcategories&post=217695"},{"taxonomy":"post_tag","embeddable":true,"href":"https:\/\/diariodominicano.com\/index.php?rest_route=%2Fwp%2Fv2%2Ftags&post=217695"}],"curies":[{"name":"wp","href":"https:\/\/api.w.org\/{rel}","templated":true}]}}