{"id":217694,"date":"2016-08-22T09:48:25","date_gmt":"2016-08-22T09:48:25","guid":{"rendered":"http:\/\/diariodominicano.ddns.net\/?p=217694"},"modified":"2016-08-22T09:48:25","modified_gmt":"2016-08-22T09:48:25","slug":"motorista-grave-tras-ser-impactado-por-avioneta-en-carretera-macao","status":"publish","type":"post","link":"https:\/\/diariodominicano.com\/?p=217694","title":{"rendered":"&#13;Motorista grave, tras ser impactado por avioneta en carretera Macao&#13;"},"content":{"rendered":"<p><body><\/p>\n<p><img decoding=\"async\" src=\"img3\/Avioneta22-8.jpg\" \/><br \/><img decoding=\"async\" src=\"img3\/maco-tomadade hoy22-8.jpg\" \/>  <\/p>\n<p><span class=\"text1noticias\">Santo Domingo, R. D., 22 de agosto.-  El coronel Jacobo Mateo Moquete, encargado del Relaciones P\u00fablicas de la Comisi\u00f3n Militar y Policial del Ministerio de Obras P\u00fablicas y Comunicaciones (Comipol) confirm\u00f3 el aterrizaje de emergencia de una avioneta en la carretera  Hig\u00fcey Macao, en la provincia La Altagracia, en el cual result\u00f3 gravemente herido un motorista, que transitaba por la v\u00eda.<\/span><\/p>\n<p><span class=\"text1noticias\"> <\/span><\/p>\n<p><span class=\"text1noticias\">El accidente ocurri\u00f3 cerca de la ocho 30 de la ma\u00f1ana de este lunes, cuando la avioneta HI482 present\u00f3 un fallo mec\u00e1nico, seg\u00fan inform\u00f3 el piloto Jos\u00e9 Urtecho en su cuenta de Twitter.<\/span><\/p>\n<p><span class=\"text1noticias\"> <\/span><\/p>\n<p><span class=\"text1noticias\">El general Mateo Moquete explic\u00f3 que al lugar del accidente se presentaron unidades de las Patrullas de Carreteras de Protecci\u00f3n  y Asistencia Vial del Ministerio de Obras P\u00fablicas y Comunicaciones (MOPC), quienes pidieron el auxilio del Cuerpo de Bomberos de la Zona y de Cestur para auxiliar a los lesionados.<\/span><\/p>\n<p><span class=\"text1noticias\"> <\/span><\/p>\n<p><span class=\"text1noticias\">Dijo que el motorista  fue alcanzado por una de las alas de la avioneta y de inmediato fue trasladado a un centro de salud pero, su estado es delicado. Indic\u00f3 que los cuatro ocupantes de la aeronave resultaron ilesos. <\/span><\/p>\n<p><span class=\"text1noticias\"> <\/span><\/p>\n<p><span class=\"text1noticias\">Tras auxiliar a las personas, la avioneta fue movida de la v\u00eda y el transito fue rest<\/span>ablecido. Pura Blanco.<\/p>\n<h6> 2016-08-22 09:48:25 <\/h6>\n<p><!--\n<link rel=\"stylesheet\" href=\"css\/bootstrap.min.css\">\n\n\n<ul class=\"pagination\">\n\t    \n\t\n\n<li >\n\t<a href='?page_no=12189'>Previous<\/a>\n\t<\/li>\n\n\n       \n    \n\n<li><a href='?page_no=1'>1<\/a><\/li>\n\n\n\n<li><a href='?page_no=2'>2<\/a><\/li>\n\n\n\n<li><a>...<\/a><\/li>\n\n\n\n<li><a href='?page_no=12188'>12188<\/a><\/li>\n\n\n\n<li><a href='?page_no=12189'>12189<\/a><\/li>\n\n\n\n<li class='active'><a>12190<\/a><\/li>\n\n\n\n<li><a href='?page_no=12191'>12191<\/a><\/li>\n\n\n\n<li><a href='?page_no=12192'>12192<\/a><\/li>\n\n\n\n<li><a>...<\/a><\/li>\n\n\n\n<li><a href='?page_no=56169'>56169<\/a><\/li>\n\n\n\n<li><a href='?page_no=56170'>56170<\/a><\/li>\n\n    \n\t\n\n<li >\n\t<a href='?page_no=12191'>Next<\/a>\n\t<\/li>\n\n\n    \n\n<li><a href='?page_no=56170'>Last &rsaquo;&rsaquo;<\/a><\/li>\n\n<\/ul>\n\n\n--><br \/>\n<\/body><\/p>\n","protected":false},"excerpt":{"rendered":"<p>Santo Domingo, R. D., 22 de agosto.- El coronel Jacobo Mateo Moquete, encargado del Relaciones P\u00fablicas de la Comisi\u00f3n Militar y Policial del Ministerio de Obras P\u00fablicas y Comunicaciones (Comipol) confirm\u00f3 el aterrizaje de emergencia de una avioneta en la carretera Hig\u00fcey Macao, en la provincia La Altagracia, en el cual result\u00f3 gravemente herido un [&hellip;]<\/p>\n","protected":false},"author":3,"featured_media":0,"comment_status":"open","ping_status":"open","sticky":false,"template":"","format":"standard","meta":{"footnotes":""},"categories":[20],"tags":[],"class_list":["post-217694","post","type-post","status-publish","format-standard","hentry","category-dominicana-hoy"],"_links":{"self":[{"href":"https:\/\/diariodominicano.com\/index.php?rest_route=\/wp\/v2\/posts\/217694","targetHints":{"allow":["GET"]}}],"collection":[{"href":"https:\/\/diariodominicano.com\/index.php?rest_route=\/wp\/v2\/posts"}],"about":[{"href":"https:\/\/diariodominicano.com\/index.php?rest_route=\/wp\/v2\/types\/post"}],"author":[{"embeddable":true,"href":"https:\/\/diariodominicano.com\/index.php?rest_route=\/wp\/v2\/users\/3"}],"replies":[{"embeddable":true,"href":"https:\/\/diariodominicano.com\/index.php?rest_route=%2Fwp%2Fv2%2Fcomments&post=217694"}],"version-history":[{"count":0,"href":"https:\/\/diariodominicano.com\/index.php?rest_route=\/wp\/v2\/posts\/217694\/revisions"}],"wp:attachment":[{"href":"https:\/\/diariodominicano.com\/index.php?rest_route=%2Fwp%2Fv2%2Fmedia&parent=217694"}],"wp:term":[{"taxonomy":"category","embeddable":true,"href":"https:\/\/diariodominicano.com\/index.php?rest_route=%2Fwp%2Fv2%2Fcategories&post=217694"},{"taxonomy":"post_tag","embeddable":true,"href":"https:\/\/diariodominicano.com\/index.php?rest_route=%2Fwp%2Fv2%2Ftags&post=217694"}],"curies":[{"name":"wp","href":"https:\/\/api.w.org\/{rel}","templated":true}]}}