{"id":217692,"date":"2016-08-22T11:32:55","date_gmt":"2016-08-22T11:32:55","guid":{"rendered":"http:\/\/diariodominicano.ddns.net\/?p=217692"},"modified":"2016-08-22T11:32:55","modified_gmt":"2016-08-22T11:32:55","slug":"acuerdan-incluir-a-seguridad-social-a-privadas-de-libertad","status":"publish","type":"post","link":"https:\/\/diariodominicano.com\/?p=217692","title":{"rendered":"Acuerdan incluir a seguridad social a privadas de libertad"},"content":{"rendered":"<p><body><\/p>\n<p><img decoding=\"async\" src=\"img3\/convenio 22-8.jpg\" \/>  <\/p>\n<p><span class=\"text1noticias\">Santo Domingo, R. D.,  22 de agosto.- El Seguro Nacional de Salud (SeNaSa) y el Ministerio P\u00fablico firmaron un acuerdo en el que los privados de libertad en las c\u00e1rceles y centros penitenciarios del pa\u00eds, as\u00ed como sus dependientes, ser\u00e1n incluidos en la Seguridad Social a trav\u00e9s del R\u00e9gimen Subsidiado, priorizando en una primera fase a las internas. <\/span><\/p>\n<p><span class=\"text1noticias\"> <\/span><\/p>\n<p><span class=\"text1noticias\">El acuerdo fue firmado por el director ejecutivo del Seguro Nacional de Salud (SeNaSa), Chanel Rosa Chupany y representantes del Ministerio P\u00fablico, con la veedur\u00eda social de la presidenta de la Federaci\u00f3n Nacional de Mujeres Trabajadoras (FENAMUTRA), Ruth Esther Medrano. <\/span><\/p>\n<p><span class=\"text1noticias\"> <\/span><\/p>\n<p><span class=\"text1noticias\">Durante el acto, Rosa Chupany indic\u00f3 que \u00abeste acuerdo reafirma nuestro compromiso con la poblaci\u00f3n vulnerable del pa\u00eds, ya que la garant\u00eda del acceso a servicios de la salud constituye un derecho esencial para la poblaci\u00f3n en general\u00bb. <\/span><\/p>\n<p><span class=\"text1noticias\"> <\/span><\/p>\n<p><span class=\"text1noticias\">En el marco de este acuerdo, ya han sido incluidas 7 mil reclusas a la seguridad social, como parte de la fase de priorizaci\u00f3n. <\/span><\/p>\n<p><span class=\"text1noticias\"> <\/span><\/p>\n<p><span class=\"text1noticias\">Acuerdos <\/span><\/p>\n<p><span class=\"text1noticias\">De acuerdo con esta alianza, el Ministerio P\u00fablico identificar\u00e1 la poblaci\u00f3n total con el fin de continuar su inclusi\u00f3n al R\u00e9gimen Subsidiado, a trav\u00e9s de SeNaSa como brazo ejecutor de las pol\u00edticas de protecci\u00f3n social en salud del Estado Dominicano. <\/span><\/p>\n<p><span class=\"text1noticias\"> <\/span><\/p>\n<p><span class=\"text1noticias\">Por otra parte, SeNaSa fungir\u00e1 como enlace por ante el Sistema \u00danico de Beneficiarios (SIUBEN) con el fin de verificar que las personas sean elegibles para el acceso a los beneficios de los distintos programas sociales con los que cuenta el Gobierno dominicano, entre ellos el R\u00e9gimen Subsidiado de la Seguridad Social.  <\/span><\/p>\n<p><span class=\"text1noticias\">  <\/span><\/p>\n<p><span class=\"text1noticias\">Asimismo, la ARS estatal realizar\u00e1 acciones fundamentadas en el marco de los programas de Promoci\u00f3n de salud y Prevenci\u00f3n de la enfermedad, y fomentar\u00e1 los servicios comunitarios y de responsabilidad social, tal como lo establecen las normas de la ley de seguridad social. <\/span><\/p>\n<p><span class=\"text1noticias\"> <\/span><\/p>\n<p><span class=\"text1noticias\">Firma <\/span><\/p>\n<p><span class=\"text1noticias\">El acto fue realizado en la sede central de SeNaSa y cont\u00f3 con la participaci\u00f3n de la Procuradora General adjunta para asuntos de la mujer, Roxanna Reyes; el Director de Prisiones, Tom\u00e1s Holgu\u00edn La Paz, y el Coordinador Nacional del Modelo de Gesti\u00f3n Penitenciaria, Ysmael Paniagua. <\/span><\/p>\n<p><span class=\"text1noticias\"> <\/span><\/p>\n<p><span class=\"text1noticias\">La alianza tendr\u00e1 una duraci\u00f3n de dos a\u00f1os con derecho a renovaci\u00f3n por el tiempo que las partes consideren, de acuerdo a lo indicado en el conv<\/span>enio.  <\/p>\n<\/p>\n<h6> 2016-08-22 11:32:55 <\/h6>\n<p><!--\n<link rel=\"stylesheet\" href=\"css\/bootstrap.min.css\">\n\n\n<ul class=\"pagination\">\n\t    \n\t\n\n<li >\n\t<a href='?page_no=12188'>Previous<\/a>\n\t<\/li>\n\n\n       \n    \n\n<li><a href='?page_no=1'>1<\/a><\/li>\n\n\n\n<li><a href='?page_no=2'>2<\/a><\/li>\n\n\n\n<li><a>...<\/a><\/li>\n\n\n\n<li><a href='?page_no=12187'>12187<\/a><\/li>\n\n\n\n<li><a href='?page_no=12188'>12188<\/a><\/li>\n\n\n\n<li class='active'><a>12189<\/a><\/li>\n\n\n\n<li><a href='?page_no=12190'>12190<\/a><\/li>\n\n\n\n<li><a href='?page_no=12191'>12191<\/a><\/li>\n\n\n\n<li><a>...<\/a><\/li>\n\n\n\n<li><a href='?page_no=56169'>56169<\/a><\/li>\n\n\n\n<li><a href='?page_no=56170'>56170<\/a><\/li>\n\n    \n\t\n\n<li >\n\t<a href='?page_no=12190'>Next<\/a>\n\t<\/li>\n\n\n    \n\n<li><a href='?page_no=56170'>Last &rsaquo;&rsaquo;<\/a><\/li>\n\n<\/ul>\n\n\n--><br \/>\n<\/body><\/p>\n","protected":false},"excerpt":{"rendered":"<p>Santo Domingo, R. D., 22 de agosto.- El Seguro Nacional de Salud (SeNaSa) y el Ministerio P\u00fablico firmaron un acuerdo en el que los privados de libertad en las c\u00e1rceles y centros penitenciarios del pa\u00eds, as\u00ed como sus dependientes, ser\u00e1n incluidos en la Seguridad Social a trav\u00e9s del R\u00e9gimen Subsidiado, priorizando en una primera fase [&hellip;]<\/p>\n","protected":false},"author":3,"featured_media":0,"comment_status":"open","ping_status":"open","sticky":false,"template":"","format":"standard","meta":{"footnotes":""},"categories":[20],"tags":[],"class_list":["post-217692","post","type-post","status-publish","format-standard","hentry","category-dominicana-hoy"],"_links":{"self":[{"href":"https:\/\/diariodominicano.com\/index.php?rest_route=\/wp\/v2\/posts\/217692","targetHints":{"allow":["GET"]}}],"collection":[{"href":"https:\/\/diariodominicano.com\/index.php?rest_route=\/wp\/v2\/posts"}],"about":[{"href":"https:\/\/diariodominicano.com\/index.php?rest_route=\/wp\/v2\/types\/post"}],"author":[{"embeddable":true,"href":"https:\/\/diariodominicano.com\/index.php?rest_route=\/wp\/v2\/users\/3"}],"replies":[{"embeddable":true,"href":"https:\/\/diariodominicano.com\/index.php?rest_route=%2Fwp%2Fv2%2Fcomments&post=217692"}],"version-history":[{"count":0,"href":"https:\/\/diariodominicano.com\/index.php?rest_route=\/wp\/v2\/posts\/217692\/revisions"}],"wp:attachment":[{"href":"https:\/\/diariodominicano.com\/index.php?rest_route=%2Fwp%2Fv2%2Fmedia&parent=217692"}],"wp:term":[{"taxonomy":"category","embeddable":true,"href":"https:\/\/diariodominicano.com\/index.php?rest_route=%2Fwp%2Fv2%2Fcategories&post=217692"},{"taxonomy":"post_tag","embeddable":true,"href":"https:\/\/diariodominicano.com\/index.php?rest_route=%2Fwp%2Fv2%2Ftags&post=217692"}],"curies":[{"name":"wp","href":"https:\/\/api.w.org\/{rel}","templated":true}]}}