{"id":217690,"date":"2016-08-23T01:49:55","date_gmt":"2016-08-23T01:49:55","guid":{"rendered":"http:\/\/diariodominicano.ddns.net\/?p=217690"},"modified":"2016-08-23T01:49:55","modified_gmt":"2016-08-23T01:49:55","slug":"anuncia-participacion-de-rd-en-exposicion-global-sobre-el-futuro-de-la-energia","status":"publish","type":"post","link":"https:\/\/diariodominicano.com\/?p=217690","title":{"rendered":"&#13;&#13;Anuncia participaci\u00f3n de RD en exposici\u00f3n global sobre el futuro de la energ\u00eda"},"content":{"rendered":"<p><body><\/p>\n<p><img decoding=\"async\" src=\"img3\/FOTO 1 (6).jpg\" \/><br \/><img decoding=\"async\" src=\"img3\/FOTO 2 (6).jpg\" \/>  <\/p>\n<p><strong><span class=\"text1noticias\">El canciller Miguel Vargas Maldonado ofreci\u00f3 la informaci\u00f3n en el marco de un encuentro con el comisionado de la EXPO 2017, Azamat S.Abdraimov, durante el cual analizaron la importancia de que la Rep\u00fablica Dominicana se involucre directamente en este tipo de evento que contribuyen a promover la imagen pa\u00eds y a ratificar el compromiso con el uso de las energ\u00edas sostenibles.<\/span><\/strong><\/p>\n<p><strong> <\/strong><\/p>\n<p><strong><span class=\"text1noticias\">SANTO DOMINGO, RD, 22 de Agosto de 2016.- <\/span><\/strong><span class=\"text1noticias\"> El ministro de Relaciones Exteriores, Miguel Vargas Maldonado anunci\u00f3 este lunes la participaci\u00f3n de la Rep\u00fablica Dominicana en la exposici\u00f3n internacional EXPO-2017, a celebrarse en Astana, capital de Kazajast\u00e1n, bajo el tema central del futuro global de la energ\u00eda. <\/span><\/p>\n<\/p>\n<p><span class=\"text1noticias\">Ofreci\u00f3 la informaci\u00f3n en el marco de un encuentro con el comisionado de la EXPO 2017, Azamat S.Abdraimov, durante el cual analizaron la importancia de que la Rep\u00fablica Dominicana se involucre directamente en este tipo de evento que contribuyen a promover la imagen pa\u00eds y a ratificar el compromiso con el uso de las energ\u00edas sostenibles.<\/span><\/p>\n<\/p>\n<p><span class=\"text1noticias\">Vargas  Maldonado explic\u00f3 que la participaci\u00f3n de la Rep\u00fablica Dominicana se produce en el marco de una cooperaci\u00f3n del gobierno de Kazajast\u00e1n en aras de contribuir a fortalecer las relaciones bilaterales con nuestro pa\u00eds, establecidas en el a\u00f1o 2009.<\/span><\/p>\n<\/p>\n<p><span class=\"text1noticias\">\u00abAgradecemos la invitaci\u00f3n y la cooperaci\u00f3n del gobierno de Kazajast\u00e1n para facilitar la participaci\u00f3n del Estado dominicano en este evento que nos permitir\u00e1 promover nuestro pa\u00eds, y cuyo tema tiene tanta relevancia para el desarrollo sostenible de los pa\u00edses. Las energ\u00edas juegan un papel fundamental, particularmente las energ\u00edas renovables. Estaremos haciendo las coordinaciones correspondientes con las instituciones vinculadas al respecto\u00bb, expres\u00f3 el canciller. <\/span><\/p>\n<\/p>\n<p><span class=\"text1noticias\">Durante la reuni\u00f3n de trabajo, el canciller valor\u00f3 positiva la participaci\u00f3n dominicana en este tipo de actividades, cuyo tema focal constituye uno de los grandes desaf\u00edos sociales, econ\u00f3micos y ambientales de la humanidad. Destac\u00f3 la calidad de los debates que se pudieran generar sobre  todas las vertientes de la energ\u00eda y las posibles soluciones que surgir\u00edan en t\u00e9rminos de energ\u00edas innovadoras, pr\u00e1cticas y sus impactos.<\/span><\/p>\n<\/p>\n<p><span class=\"text1noticias\">El ministro de Relaciones Exteriores estuvo acompa\u00f1ado por  Hans Dannenberg Castellanos,  embajador dominicano ante India y concurrente ante varios pa\u00edses de la regi\u00f3n, quien destac\u00f3 que a pesar de que las relaciones bilaterales con Kazajast\u00e1n son recientes, ya comienzan a rendir frutos favorables.<\/span><\/p>\n<\/p>\n<p><strong><span class=\"text1noticias\">EXPO 2017  <\/span><\/strong><\/p>\n<\/p>\n<p><span class=\"text1noticias\">La Canciller\u00eda inform\u00f3 que el evento se desarrollar\u00e1 del 10 de junio al 10 de septiembre del pr\u00f3ximo a\u00f1o, en Astana, Kazajst\u00e1n con el tema oficial: \u00abFuturo de la Energ\u00eda\u00bb. Ya han confirmado su participaci\u00f3n  96 pa\u00edses.  Se espera que la mayor participaci\u00f3n provenga de Rusia y China. Por el continente americano, ya han anunciado su participaci\u00f3n Cuba, Honduras, Guatemala, Ecuador, Colombia y Panam\u00e1.<\/span><\/p>\n<\/p>\n<p><span class=\"text1noticias\">El 22 de noviembre de 2012, Astana fue elegida por la Oficina Internacional de Exposiciones (BIE) como sede para organizar la Expo 2017.  Se espera que alrededor de dos a tres millones de personas visiten los pabellones internacionales de junio a septiembre de 2017.<\/span><\/p>\n<\/p>\n<p><span class=\"text1noticias\">La exposici\u00f3n global sobre el futuro de la energ\u00eda tiene como objetivo crear un debate global entre pa\u00edses, organizaciones no gubernamentales, empresas y p\u00fablico en general sobre c\u00f3mo asegurar el acceso seguro y sostenible a la energ\u00eda para todos, al tiempo que se reducen las emisiones de CO2.<\/span><\/p>\n<\/p>\n<\/p>\n<h6> 2016-08-23 01:49:55 <\/h6>\n<p><!--\n<link rel=\"stylesheet\" href=\"css\/bootstrap.min.css\">\n\n\n<ul class=\"pagination\">\n\t    \n\t\n\n<li >\n\t<a href='?page_no=12186'>Previous<\/a>\n\t<\/li>\n\n\n       \n    \n\n<li><a href='?page_no=1'>1<\/a><\/li>\n\n\n\n<li><a href='?page_no=2'>2<\/a><\/li>\n\n\n\n<li><a>...<\/a><\/li>\n\n\n\n<li><a href='?page_no=12185'>12185<\/a><\/li>\n\n\n\n<li><a href='?page_no=12186'>12186<\/a><\/li>\n\n\n\n<li class='active'><a>12187<\/a><\/li>\n\n\n\n<li><a href='?page_no=12188'>12188<\/a><\/li>\n\n\n\n<li><a href='?page_no=12189'>12189<\/a><\/li>\n\n\n\n<li><a>...<\/a><\/li>\n\n\n\n<li><a href='?page_no=56169'>56169<\/a><\/li>\n\n\n\n<li><a href='?page_no=56170'>56170<\/a><\/li>\n\n    \n\t\n\n<li >\n\t<a href='?page_no=12188'>Next<\/a>\n\t<\/li>\n\n\n    \n\n<li><a href='?page_no=56170'>Last &rsaquo;&rsaquo;<\/a><\/li>\n\n<\/ul>\n\n\n--><br \/>\n<\/body><\/p>\n","protected":false},"excerpt":{"rendered":"<p>El canciller Miguel Vargas Maldonado ofreci\u00f3 la informaci\u00f3n en el marco de un encuentro con el comisionado de la EXPO 2017, Azamat S.Abdraimov, durante el cual analizaron la importancia de que la Rep\u00fablica Dominicana se involucre directamente en este tipo de evento que contribuyen a promover la imagen pa\u00eds y a ratificar el compromiso con [&hellip;]<\/p>\n","protected":false},"author":3,"featured_media":0,"comment_status":"open","ping_status":"open","sticky":false,"template":"","format":"standard","meta":{"footnotes":""},"categories":[20],"tags":[],"class_list":["post-217690","post","type-post","status-publish","format-standard","hentry","category-dominicana-hoy"],"_links":{"self":[{"href":"https:\/\/diariodominicano.com\/index.php?rest_route=\/wp\/v2\/posts\/217690","targetHints":{"allow":["GET"]}}],"collection":[{"href":"https:\/\/diariodominicano.com\/index.php?rest_route=\/wp\/v2\/posts"}],"about":[{"href":"https:\/\/diariodominicano.com\/index.php?rest_route=\/wp\/v2\/types\/post"}],"author":[{"embeddable":true,"href":"https:\/\/diariodominicano.com\/index.php?rest_route=\/wp\/v2\/users\/3"}],"replies":[{"embeddable":true,"href":"https:\/\/diariodominicano.com\/index.php?rest_route=%2Fwp%2Fv2%2Fcomments&post=217690"}],"version-history":[{"count":0,"href":"https:\/\/diariodominicano.com\/index.php?rest_route=\/wp\/v2\/posts\/217690\/revisions"}],"wp:attachment":[{"href":"https:\/\/diariodominicano.com\/index.php?rest_route=%2Fwp%2Fv2%2Fmedia&parent=217690"}],"wp:term":[{"taxonomy":"category","embeddable":true,"href":"https:\/\/diariodominicano.com\/index.php?rest_route=%2Fwp%2Fv2%2Fcategories&post=217690"},{"taxonomy":"post_tag","embeddable":true,"href":"https:\/\/diariodominicano.com\/index.php?rest_route=%2Fwp%2Fv2%2Ftags&post=217690"}],"curies":[{"name":"wp","href":"https:\/\/api.w.org\/{rel}","templated":true}]}}