{"id":217689,"date":"2016-08-23T02:12:33","date_gmt":"2016-08-23T02:12:33","guid":{"rendered":"http:\/\/diariodominicano.ddns.net\/?p=217689"},"modified":"2016-08-23T02:12:33","modified_gmt":"2016-08-23T02:12:33","slug":"pld-presentan-pesame-a-familiares-de-jose-stephen-bosch","status":"publish","type":"post","link":"https:\/\/diariodominicano.com\/?p=217689","title":{"rendered":"PLD presentan p\u00e9same a familiares de Jos\u00e9 Stephen Bosch"},"content":{"rendered":"<p><body><\/p>\n<p><img decoding=\"async\" src=\"img3\/Estephen Bosch, nieto Bosch.jpg\" \/>  <\/p>\n<p> <strong>Restos de Jos\u00e9 Stephen Bosch, en la Funeria Blandino de la capital, donde permaneci\u00f3 desde el domingo 21 de agosto, hasta su cremaci\u00f3n este lunes.<\/strong><\/p>\n<\/p>\n<\/p>\n<p><strong>SANTO DOMINGO, RD, 22 de Agosto de 2016.-<\/strong> A las cuatro de la tarde de este lunes se ofici\u00f3 una Misa de Cuerpo Presente ante los restos de Jos\u00e9 Stephen Bosch, dirigente nacional del Partido de la Liberaci\u00f3n Dominicana, nieto del ex Presidente de la Rep\u00fablica, Profesor Juan Bosch, quien falleciera la ma\u00f1ana del domingo mientras era atendido de c\u00e1ncer.<\/p>\n<\/p>\n<p>Desde el domingo su cuerpo fue expuesto en la funeraria Blandino de la avenida Abraham Lincoln, confirm\u00e1ndose que su cuerpo ser\u00e1 cremado, despu\u00e9s de la ceremonia religiosa pautada para esta tarde.<\/p>\n<\/p>\n<p>El deceso de Jos\u00e9 Stephen Bosch se produjo a las 6.55 de la ma\u00f1ana del domingo en el  Instituto Nacional de C\u00e1ncer en la ciudad capital del padecimiento de c\u00e1ncer  por el cual hab\u00eda sido intervenido quir\u00fargicamente en un centro especializado en Miami, Florida.<\/p>\n<\/p>\n<p>Al momento de fallecer se desempe\u00f1aba como C\u00f3nsul General de la Rep\u00fablica Dominicana en la ciudad de Mayag\u00fcez en Puerto Rico. Hab\u00eda sido regidor en la Sala Capitular del Ayuntamiento del Municipio Santo Domingo Oeste.<\/p>\n<\/p>\n<p>Pol\u00edticamente hab\u00eda sido miembro del Comit\u00e9 Central del Partido de la Liberaci\u00f3n Dominicana.  De los fundadores de la  Juventud  pelede\u00edsta  y del Comit\u00e9 Intermedio 12 de Julio, vicesecretario de la Secretar\u00eda de Asuntos Internacionales.<\/p>\n<\/p>\n<p>A Jos\u00e9 Stephen Bosch le sobreviven su esposa Mar\u00eda Elena Garc\u00eda,  sus hijos Sarah Mariel, Juan Jos\u00e9, Juan Alfredo y su nieto Jos\u00e9 Manuel, sus hermanas Sheila Stephen Bosch, Indiana Jim\u00e9nez  Bosch y Jean Jim\u00e9nez, as\u00ed como su madre Carolina Bosch Garc\u00eda, segunda hija del ex Presidente de la Republica, Profesor Juan Bosch <\/p>\n<\/p>\n<\/p>\n<h6> 2016-08-23 02:12:33 <\/h6>\n<p><!--\n<link rel=\"stylesheet\" href=\"css\/bootstrap.min.css\">\n\n\n<ul class=\"pagination\">\n\t    \n\t\n\n<li >\n\t<a href='?page_no=12185'>Previous<\/a>\n\t<\/li>\n\n\n       \n    \n\n<li><a href='?page_no=1'>1<\/a><\/li>\n\n\n\n<li><a href='?page_no=2'>2<\/a><\/li>\n\n\n\n<li><a>...<\/a><\/li>\n\n\n\n<li><a href='?page_no=12184'>12184<\/a><\/li>\n\n\n\n<li><a href='?page_no=12185'>12185<\/a><\/li>\n\n\n\n<li class='active'><a>12186<\/a><\/li>\n\n\n\n<li><a href='?page_no=12187'>12187<\/a><\/li>\n\n\n\n<li><a href='?page_no=12188'>12188<\/a><\/li>\n\n\n\n<li><a>...<\/a><\/li>\n\n\n\n<li><a href='?page_no=56169'>56169<\/a><\/li>\n\n\n\n<li><a href='?page_no=56170'>56170<\/a><\/li>\n\n    \n\t\n\n<li >\n\t<a href='?page_no=12187'>Next<\/a>\n\t<\/li>\n\n\n    \n\n<li><a href='?page_no=56170'>Last &rsaquo;&rsaquo;<\/a><\/li>\n\n<\/ul>\n\n\n--><br \/>\n<\/body><\/p>\n","protected":false},"excerpt":{"rendered":"<p>Restos de Jos\u00e9 Stephen Bosch, en la Funeria Blandino de la capital, donde permaneci\u00f3 desde el domingo 21 de agosto, hasta su cremaci\u00f3n este lunes. SANTO DOMINGO, RD, 22 de Agosto de 2016.- A las cuatro de la tarde de este lunes se ofici\u00f3 una Misa de Cuerpo Presente ante los restos de Jos\u00e9 Stephen [&hellip;]<\/p>\n","protected":false},"author":3,"featured_media":0,"comment_status":"open","ping_status":"open","sticky":false,"template":"","format":"standard","meta":{"footnotes":""},"categories":[20],"tags":[],"class_list":["post-217689","post","type-post","status-publish","format-standard","hentry","category-dominicana-hoy"],"_links":{"self":[{"href":"https:\/\/diariodominicano.com\/index.php?rest_route=\/wp\/v2\/posts\/217689","targetHints":{"allow":["GET"]}}],"collection":[{"href":"https:\/\/diariodominicano.com\/index.php?rest_route=\/wp\/v2\/posts"}],"about":[{"href":"https:\/\/diariodominicano.com\/index.php?rest_route=\/wp\/v2\/types\/post"}],"author":[{"embeddable":true,"href":"https:\/\/diariodominicano.com\/index.php?rest_route=\/wp\/v2\/users\/3"}],"replies":[{"embeddable":true,"href":"https:\/\/diariodominicano.com\/index.php?rest_route=%2Fwp%2Fv2%2Fcomments&post=217689"}],"version-history":[{"count":0,"href":"https:\/\/diariodominicano.com\/index.php?rest_route=\/wp\/v2\/posts\/217689\/revisions"}],"wp:attachment":[{"href":"https:\/\/diariodominicano.com\/index.php?rest_route=%2Fwp%2Fv2%2Fmedia&parent=217689"}],"wp:term":[{"taxonomy":"category","embeddable":true,"href":"https:\/\/diariodominicano.com\/index.php?rest_route=%2Fwp%2Fv2%2Fcategories&post=217689"},{"taxonomy":"post_tag","embeddable":true,"href":"https:\/\/diariodominicano.com\/index.php?rest_route=%2Fwp%2Fv2%2Ftags&post=217689"}],"curies":[{"name":"wp","href":"https:\/\/api.w.org\/{rel}","templated":true}]}}