{"id":217688,"date":"2016-08-23T03:28:36","date_gmt":"2016-08-23T03:28:36","guid":{"rendered":"http:\/\/diariodominicano.ddns.net\/?p=217688"},"modified":"2016-08-23T03:28:36","modified_gmt":"2016-08-23T03:28:36","slug":"falla-provoca-aterrizaje-de-emergencia-de-aeronave-hi-482","status":"publish","type":"post","link":"https:\/\/diariodominicano.com\/?p=217688","title":{"rendered":"Falla provoca aterrizaje de emergencia de aeronave HI-482"},"content":{"rendered":"<p><body><\/p>\n<p><img decoding=\"async\" src=\"img3\/Avioneta22-8.jpg\" \/>  <\/p>\n<p><strong>El IDAC precis\u00f3 que el piloto de la  aeronave ten\u00eda la intenci\u00f3n de realizar un vuelo dom\u00e9stico con destino al aer\u00f3dromo de Arroyo Barril, en la provincia Saman\u00e1.<\/strong><\/p>\n<p><strong> <\/strong><\/p>\n<p><strong>SANTO DOMINGO, RD,  23 de 2016.-<\/strong> El Instituto de Aviaci\u00f3n Civil  (IDAC) inform\u00f3  la tarde del lunes que a  los siete minutos despu\u00e9s de su despegue en el Aeropuerto Internacional Punta Cana la aeronave del tipo PA-32 monomotor, matr\u00edcula HI-482, comenz\u00f3 a reportar  problemas de potencia en su motor, por lo que su piloto el capit\u00e1n Gustavo Ayala,  decidi\u00f3 regresar al lugar de donde hab\u00eda despegado.<\/p>\n<\/p>\n<p>\u00abPero a seguidas el piloto  inform\u00f3 que NO  le ser\u00eda posible llegar al aeropuerto por lo que se ver\u00eda obligado a intentar un aterrizaje de emergencia en la carretera Uvero Alto de Punta Cana\u00bb, as\u00ed se detalla en un informe de la Direcci\u00f3n de Navegaci\u00f3n A\u00e9rea del Instituto Dominicano de Aviaci\u00f3n Civil a las autoridades, dado  a conocer por la Direcci\u00f3n de Comunicaciones del Instituto Dominicano de Aviaci\u00f3n Civil (IDAC).<\/p>\n<\/p>\n<p>Precis\u00f3 que el piloto de la  aeronave ten\u00eda la intenci\u00f3n de realizar un vuelo dom\u00e9stico con destino al aer\u00f3dromo de Arroyo Barril, en la provincia Saman\u00e1.<\/p>\n<\/p>\n<p>\u00abInmediatamente nuestro personal t\u00e9cnico hizo acto de presencia en el lugar de la ocurrencia y al hacer la indagatoria de lugar, se confirm\u00f3 que la aeronave accidentada era el HI-482, pilotada por el capit\u00e1n Gustavo Ayala, transportando cuatro (4) personas.  Afortunadamente TODOS ilesos\u00bb, se precisa en el escrito.<\/p>\n<\/p>\n<p>Adem\u00e1s del personal t\u00e9cnico del IDAC, al lugar se presentaron  los organismos de emergencia y de seguridad del Estado, quienes procedieron a acordonar el \u00e1rea para preservar las evidencias, a espera de que al lugar se presentara el personal de la Comisi\u00f3n Investigadora de Accidentes de Aviaci\u00f3n (CIAA), a cargo de la Junta de Aviaci\u00f3n Civil (JAC),  entidad sobre la cual recae en lo adelante la responsabilidad de confirmar o determinar las causas reales que originaron el accidente.<\/p>\n<\/p>\n<p><strong>El piloto explic\u00f3 a los t\u00e9cnicos del IDAC y a los investigadores de la CIAA  que la avioneta iba en picada  y aplic\u00f3 los procedimientos de emergencia logrando planear la aeronave hasta lograr el aterrizaje en la carretera Uvero Alto, agrega una nota informativa del IDAC enviada a Diariodominicano.com.<\/strong><\/p>\n<\/p>\n<p><strong>Motociclista resulta herido<\/strong><\/p>\n<\/p>\n<p>Tras el aterrizaje de emergencia el  coronel Jacobo Mateo Moquete, encargado del Relaciones P\u00fablicas de la Comisi\u00f3n Militar y Policial del Ministerio de Obras P\u00fablicas y Comunicaciones (Comipol) confirm\u00f3 el aterrizaje de emergencia de una avioneta en la carretera Hig\u00fcey Macao, en la provincia La Altagracia, en el cual result\u00f3 gravemente herido un motorista, que transitaba por la v\u00eda.<\/p>\n<p>El accidente ocurri\u00f3 cerca de la ocho 30 de la ma\u00f1ana de este lunes, cuando la avioneta HI482 present\u00f3 un fallo mec\u00e1nico, seg\u00fan inform\u00f3 el piloto Jos\u00e9 Urtecho en su cuenta de Twitter.<\/p>\n<p>El general Mateo Moquete explic\u00f3 que al lugar del accidente se presentaron unidades de las Patrullas de Carreteras de Protecci\u00f3n y Asistencia Vial del Ministerio de Obras P\u00fablicas y Comunicaciones (MOPC), quienes pidieron el auxilio del Cuerpo de Bomberos de la Zona y de Cestur para auxiliar a los lesionados.<\/p>\n<p>Dijo que el motorista fue alcanzado por una de las alas de la avioneta y de inmediato fue trasladado a un centro de salud pero, su estado es delicado. Indic\u00f3 que los cuatro ocupantes de la aeronave resultaron ilesos.<\/p>\n<p>Tras auxiliar a las personas, la avioneta fue movida de la v\u00eda y el transito fue restablecido. <\/p>\n<p>Pura Blanco.<\/p>\n<\/p>\n<h6> 2016-08-23 03:28:36 <\/h6>\n<p><!--\n<link rel=\"stylesheet\" href=\"css\/bootstrap.min.css\">\n\n\n<ul class=\"pagination\">\n\t    \n\t\n\n<li >\n\t<a href='?page_no=12184'>Previous<\/a>\n\t<\/li>\n\n\n       \n    \n\n<li><a href='?page_no=1'>1<\/a><\/li>\n\n\n\n<li><a href='?page_no=2'>2<\/a><\/li>\n\n\n\n<li><a>...<\/a><\/li>\n\n\n\n<li><a href='?page_no=12183'>12183<\/a><\/li>\n\n\n\n<li><a href='?page_no=12184'>12184<\/a><\/li>\n\n\n\n<li class='active'><a>12185<\/a><\/li>\n\n\n\n<li><a href='?page_no=12186'>12186<\/a><\/li>\n\n\n\n<li><a href='?page_no=12187'>12187<\/a><\/li>\n\n\n\n<li><a>...<\/a><\/li>\n\n\n\n<li><a href='?page_no=56169'>56169<\/a><\/li>\n\n\n\n<li><a href='?page_no=56170'>56170<\/a><\/li>\n\n    \n\t\n\n<li >\n\t<a href='?page_no=12186'>Next<\/a>\n\t<\/li>\n\n\n    \n\n<li><a href='?page_no=56170'>Last &rsaquo;&rsaquo;<\/a><\/li>\n\n<\/ul>\n\n\n--><br \/>\n<\/body><\/p>\n","protected":false},"excerpt":{"rendered":"<p>El IDAC precis\u00f3 que el piloto de la aeronave ten\u00eda la intenci\u00f3n de realizar un vuelo dom\u00e9stico con destino al aer\u00f3dromo de Arroyo Barril, en la provincia Saman\u00e1. SANTO DOMINGO, RD, 23 de 2016.- El Instituto de Aviaci\u00f3n Civil (IDAC) inform\u00f3 la tarde del lunes que a los siete minutos despu\u00e9s de su despegue en [&hellip;]<\/p>\n","protected":false},"author":3,"featured_media":0,"comment_status":"open","ping_status":"open","sticky":false,"template":"","format":"standard","meta":{"footnotes":""},"categories":[20],"tags":[],"class_list":["post-217688","post","type-post","status-publish","format-standard","hentry","category-dominicana-hoy"],"_links":{"self":[{"href":"https:\/\/diariodominicano.com\/index.php?rest_route=\/wp\/v2\/posts\/217688","targetHints":{"allow":["GET"]}}],"collection":[{"href":"https:\/\/diariodominicano.com\/index.php?rest_route=\/wp\/v2\/posts"}],"about":[{"href":"https:\/\/diariodominicano.com\/index.php?rest_route=\/wp\/v2\/types\/post"}],"author":[{"embeddable":true,"href":"https:\/\/diariodominicano.com\/index.php?rest_route=\/wp\/v2\/users\/3"}],"replies":[{"embeddable":true,"href":"https:\/\/diariodominicano.com\/index.php?rest_route=%2Fwp%2Fv2%2Fcomments&post=217688"}],"version-history":[{"count":0,"href":"https:\/\/diariodominicano.com\/index.php?rest_route=\/wp\/v2\/posts\/217688\/revisions"}],"wp:attachment":[{"href":"https:\/\/diariodominicano.com\/index.php?rest_route=%2Fwp%2Fv2%2Fmedia&parent=217688"}],"wp:term":[{"taxonomy":"category","embeddable":true,"href":"https:\/\/diariodominicano.com\/index.php?rest_route=%2Fwp%2Fv2%2Fcategories&post=217688"},{"taxonomy":"post_tag","embeddable":true,"href":"https:\/\/diariodominicano.com\/index.php?rest_route=%2Fwp%2Fv2%2Ftags&post=217688"}],"curies":[{"name":"wp","href":"https:\/\/api.w.org\/{rel}","templated":true}]}}