{"id":217686,"date":"2016-08-23T11:59:49","date_gmt":"2016-08-23T11:59:49","guid":{"rendered":"http:\/\/diariodominicano.ddns.net\/?p=217686"},"modified":"2016-08-23T11:59:49","modified_gmt":"2016-08-23T11:59:49","slug":"propone-politicas-publicas-regionales-reduzcan-mortalidad-infantil","status":"publish","type":"post","link":"https:\/\/diariodominicano.com\/?p=217686","title":{"rendered":"Propone pol\u00edticas p\u00fablicas regionales reduzcan mortalidad infantil"},"content":{"rendered":"<p><body><\/p>\n<p><img decoding=\"async\" src=\"img3\/primerada23-8.jpg\" \/><br \/><img decoding=\"async\" src=\"http:\/\/10.0.0.82:8080\/img3\/Do%C3%83%C2%B1aCandy23-8.jpg\" \/>  <\/p>\n<p><span class=\"text1noticias\">Santo Domingo, R. D., 23 de agosto.- La Primera Dama de la Rep\u00fablica consider\u00f3 inaplazable la incorporaci\u00f3n de pol\u00edticas p\u00fablicas en la regi\u00f3n que reduzcan la mortalidad infantil y neonatal, a trav\u00e9s del diagn\u00f3stico temprano de patolog\u00edas cong\u00e9nitas.<\/span><\/p>\n<\/p>\n<p><span class=\"text1noticias\">C\u00e1ndida Montilla de Medina emiti\u00f3 sus consideraciones al pronunciar palabras de bienvenida a los participantes en el seminario internacional \u00abMejorando la calidad de atenci\u00f3n en los reci\u00e9n nacidos. Situaci\u00f3n Regional de los programas de Tamiz Neonatal: Desaf\u00edos y Oportunidades\u00bb, que se inaugur\u00f3 este martes en el pa\u00eds.<\/span><\/p>\n<\/p>\n<p><strong><span class=\"text1noticias\">Tamiz Neonatal de la mano del Despacho<\/span><\/strong><\/p>\n<p><span class=\"text1noticias\">Manifest\u00f3 que el tamiz neonatal es un procedimiento de muy bajo costo y de gran eficacia para evitar la muerte s\u00fabita de los reci\u00e9n nacidos y\/o lograr una adecuada atenci\u00f3n temprana en el tratamiento de discapacidades.<\/span><\/p>\n<\/p>\n<p><span class=\"text1noticias\">Refiri\u00f3 que, en tal sentido, su Despacho ha asumido el liderazgo en el pa\u00eds de un proyecto de tamizaje neonatal, que avanza firme, con el inicio en diciembre pasado de la construcci\u00f3n del primer laboratorio en el que ser\u00e1n analizadas las muestras.<\/span><\/p>\n<\/p>\n<p><strong><span class=\"text1noticias\">Saldar deuda social acumulada<\/span><\/strong><\/p>\n<p><span class=\"text1noticias\">Montilla de Medina expuso que el decreto 380-15, emitido el pasado a\u00f1o por el presidente Danilo Medina  ha dado un gran impulso al Programa Nacional de Tamiz Neonatal y de Alto Riesgo en el marco de la Constituci\u00f3n de la Rep\u00fablica, los convenios internacionales y la propia Ley General de Salud del pa\u00eds.<\/span><\/p>\n<\/p>\n<p><span class=\"text1noticias\">Explic\u00f3 que ese programa est\u00e1, adem\u00e1s, vinculado con el Centro de Atenci\u00f3n Integral a la Discapacidad (CAID), que ya cuenta con sede en tres provincias del pa\u00eds, porque esta instituci\u00f3n de servicios a cargo del Despacho de la Primera Dama  trata muchas de las discapacidades que pueden ser detectadas a trav\u00e9s del Tamiz Neonatal.<\/span><\/p>\n<\/p>\n<p><span class=\"text1noticias\">A su juicio, es una forma de cumplir el compromiso del gobierno iniciado por el presidente Medina en su segundo mandato el pasado d\u00eda 16, de ir solventado la larga deuda social acumulada que posee el Estado con los sectores m\u00e1s vulnerables de la poblaci\u00f3n.<\/span><\/p>\n<p><span class=\"text1noticias\"> <\/span><\/p>\n<p><span class=\"text1noticias\"><strong>Las estad\u00edsticas<\/strong><\/span><\/p>\n<p><span class=\"text1noticias\">Montilla de Medina cit\u00f3 el informe del pasado a\u00f1o 2015, de la Organizaci\u00f3n Mundial de la Salud, el Banco Mundial y la Divisi\u00f3n de Poblaci\u00f3n del Departamento de Asuntos Econ\u00f3micos y Sociales de las Naciones Unidas (DAES) que establece un descenso en un 67 por ciento de la mortalidad infantil en la regi\u00f3n, en los \u00faltimos 25 a\u00f1os.<\/span><\/p>\n<\/p>\n<p><span class=\"text1noticias\">Empero, expuso que seg\u00fan afirma ese mismo informe,  este encomiable porcentaje esconde disparidades por pa\u00edses, y por zonas geogr\u00e1ficas de la regi\u00f3n, que revelan fallos en las pol\u00edticas de salud que deben ser solucionados.<\/span><\/p>\n<\/p>\n<p><span class=\"text1noticias\">\u00abConfiamos en que el abordaje durante esta reuni\u00f3n de los desaf\u00edos y oportunidades del tamiz neonatal en la regi\u00f3n enriquecer\u00e1 nuestra perspectiva, ampliar\u00e1 el horizonte de los programas existentes y motivar\u00e1 a aquellos pa\u00edses que a\u00fan carecen de esta valiosa herramienta a hacer uso de ella en el m\u00e1s breve plazo\u00bb, precis\u00f3 la Primera Dama C\u00e1ndida Montilla de Medina<\/span>.<\/p>\n<h6> 2016-08-23 11:59:49 <\/h6>\n<p><!--\n<link rel=\"stylesheet\" href=\"css\/bootstrap.min.css\">\n\n\n<ul class=\"pagination\">\n\t    \n\t\n\n<li >\n\t<a href='?page_no=12182'>Previous<\/a>\n\t<\/li>\n\n\n       \n    \n\n<li><a href='?page_no=1'>1<\/a><\/li>\n\n\n\n<li><a href='?page_no=2'>2<\/a><\/li>\n\n\n\n<li><a>...<\/a><\/li>\n\n\n\n<li><a href='?page_no=12181'>12181<\/a><\/li>\n\n\n\n<li><a href='?page_no=12182'>12182<\/a><\/li>\n\n\n\n<li class='active'><a>12183<\/a><\/li>\n\n\n\n<li><a href='?page_no=12184'>12184<\/a><\/li>\n\n\n\n<li><a href='?page_no=12185'>12185<\/a><\/li>\n\n\n\n<li><a>...<\/a><\/li>\n\n\n\n<li><a href='?page_no=56169'>56169<\/a><\/li>\n\n\n\n<li><a href='?page_no=56170'>56170<\/a><\/li>\n\n    \n\t\n\n<li >\n\t<a href='?page_no=12184'>Next<\/a>\n\t<\/li>\n\n\n    \n\n<li><a href='?page_no=56170'>Last &rsaquo;&rsaquo;<\/a><\/li>\n\n<\/ul>\n\n\n--><br \/>\n<\/body><\/p>\n","protected":false},"excerpt":{"rendered":"<p>Santo Domingo, R. D., 23 de agosto.- La Primera Dama de la Rep\u00fablica consider\u00f3 inaplazable la incorporaci\u00f3n de pol\u00edticas p\u00fablicas en la regi\u00f3n que reduzcan la mortalidad infantil y neonatal, a trav\u00e9s del diagn\u00f3stico temprano de patolog\u00edas cong\u00e9nitas. C\u00e1ndida Montilla de Medina emiti\u00f3 sus consideraciones al pronunciar palabras de bienvenida a los participantes en el [&hellip;]<\/p>\n","protected":false},"author":3,"featured_media":0,"comment_status":"open","ping_status":"open","sticky":false,"template":"","format":"standard","meta":{"footnotes":""},"categories":[20],"tags":[],"class_list":["post-217686","post","type-post","status-publish","format-standard","hentry","category-dominicana-hoy"],"_links":{"self":[{"href":"https:\/\/diariodominicano.com\/index.php?rest_route=\/wp\/v2\/posts\/217686","targetHints":{"allow":["GET"]}}],"collection":[{"href":"https:\/\/diariodominicano.com\/index.php?rest_route=\/wp\/v2\/posts"}],"about":[{"href":"https:\/\/diariodominicano.com\/index.php?rest_route=\/wp\/v2\/types\/post"}],"author":[{"embeddable":true,"href":"https:\/\/diariodominicano.com\/index.php?rest_route=\/wp\/v2\/users\/3"}],"replies":[{"embeddable":true,"href":"https:\/\/diariodominicano.com\/index.php?rest_route=%2Fwp%2Fv2%2Fcomments&post=217686"}],"version-history":[{"count":0,"href":"https:\/\/diariodominicano.com\/index.php?rest_route=\/wp\/v2\/posts\/217686\/revisions"}],"wp:attachment":[{"href":"https:\/\/diariodominicano.com\/index.php?rest_route=%2Fwp%2Fv2%2Fmedia&parent=217686"}],"wp:term":[{"taxonomy":"category","embeddable":true,"href":"https:\/\/diariodominicano.com\/index.php?rest_route=%2Fwp%2Fv2%2Fcategories&post=217686"},{"taxonomy":"post_tag","embeddable":true,"href":"https:\/\/diariodominicano.com\/index.php?rest_route=%2Fwp%2Fv2%2Ftags&post=217686"}],"curies":[{"name":"wp","href":"https:\/\/api.w.org\/{rel}","templated":true}]}}